{"id":180496,"date":"2024-11-29T08:36:40","date_gmt":"2024-11-29T11:36:40","guid":{"rendered":"https:\/\/goias.gov.br\/saude\/?p=180496"},"modified":"2024-12-09T15:43:57","modified_gmt":"2024-12-09T18:43:57","slug":"saude-estadual-equipe-de-transicao-de-sandro-mabel-e-sms-de-goiania-discutem-crise-de-utis-da-capital-29-11-2024","status":"publish","type":"post","link":"https:\/\/goias.gov.br\/saude\/saude-estadual-equipe-de-transicao-de-sandro-mabel-e-sms-de-goiania-discutem-crise-de-utis-da-capital-29-11-2024\/","title":{"rendered":"Sa\u00fade Estadual, equipe de transi\u00e7\u00e3o de Sandro Mabel e SMS de Goi\u00e2nia discutem crise de UTIs da capital &#8211; 29\/11\/2024"},"content":{"rendered":"\n<p class=\"wp-block-paragraph\">Fotos: Iron Braz<\/p>\n\n\n\n<!--more-->\n\n\n\n<figure data-wp-context=\"{&quot;galleryId&quot;:&quot;6a97f529d9099&quot;}\" data-wp-interactive=\"core\/gallery\" class=\"wp-block-gallery has-nested-images columns-default is-cropped wp-block-gallery-1 is-layout-flex wp-block-gallery-is-layout-flex\">\n<figure data-wp-context=\"{&quot;imageId&quot;:&quot;6a97f529dd29c&quot;}\" data-wp-interactive=\"core\/image\" data-wp-key=\"6a97f529dd29c\" class=\"wp-block-image size-large wp-lightbox-container\"><img fetchpriority=\"high\" decoding=\"async\" width=\"1024\" height=\"683\" data-wp-class--hide=\"state.isContentHidden\" data-wp-class--show=\"state.isContentVisible\" data-wp-init=\"callbacks.setButtonStyles\" data-wp-on--click=\"actions.showLightbox\" data-wp-on--load=\"callbacks.setButtonStyles\" data-wp-on--pointerdown=\"actions.preloadImage\" data-wp-on--pointerenter=\"actions.preloadImageWithDelay\" data-wp-on--pointerleave=\"actions.cancelPreload\" data-wp-on-window--resize=\"callbacks.setButtonStyles\" data-id=\"180510\" src=\"https:\/\/goias.gov.br\/saude\/wp-content\/uploads\/sites\/34\/2024\/12\/2911-Gabinete-de-Crise-UTIs1-1024x683.jpeg\" alt=\"\" class=\"wp-image-180510\" srcset=\"https:\/\/goias.gov.br\/saude\/wp-content\/uploads\/sites\/34\/2024\/12\/2911-Gabinete-de-Crise-UTIs1-1024x683.jpeg 1024w, https:\/\/goias.gov.br\/saude\/wp-content\/uploads\/sites\/34\/2024\/12\/2911-Gabinete-de-Crise-UTIs1-300x200.jpeg 300w, https:\/\/goias.gov.br\/saude\/wp-content\/uploads\/sites\/34\/2024\/12\/2911-Gabinete-de-Crise-UTIs1-768x512.jpeg 768w, https:\/\/goias.gov.br\/saude\/wp-content\/uploads\/sites\/34\/2024\/12\/2911-Gabinete-de-Crise-UTIs1.jpeg 1224w\" sizes=\"(max-width: 1024px) 100vw, 1024px\" \/><button\n\t\t\tclass=\"lightbox-trigger\"\n\t\t\ttype=\"button\"\n\t\t\taria-haspopup=\"dialog\"\n\t\t\tdata-wp-bind--aria-label=\"state.thisImage.triggerButtonAriaLabel\"\n\t\t\tdata-wp-init=\"callbacks.initTriggerButton\"\n\t\t\tdata-wp-on--click=\"actions.showLightbox\"\n\t\t\tdata-wp-style--right=\"state.thisImage.buttonRight\"\n\t\t\tdata-wp-style--top=\"state.thisImage.buttonTop\"\n\t\t>\n\t\t\t<svg xmlns=\"http:\/\/www.w3.org\/2000\/svg\" width=\"12\" height=\"12\" fill=\"none\" viewBox=\"0 0 12 12\">\n\t\t\t\t<path fill=\"#fff\" d=\"M2 0a2 2 0 0 0-2 2v2h1.5V2a.5.5 0 0 1 .5-.5h2V0H2Zm2 10.5H2a.5.5 0 0 1-.5-.5V8H0v2a2 2 0 0 0 2 2h2v-1.5ZM8 12v-1.5h2a.5.5 0 0 0 .5-.5V8H12v2a2 2 0 0 1-2 2H8Zm2-12a2 2 0 0 1 2 2v2h-1.5V2a.5.5 0 0 0-.5-.5H8V0h2Z\" \/>\n\t\t\t<\/svg>\n\t\t<\/button><figcaption class=\"wp-element-caption\"><mark>Gabinete de Crise para monitorar crise das UTIs em Goi\u00e2nia se re\u00fane nessa sexta-feira, 29 de novembro<\/mark><\/figcaption><\/figure>\n\n\n\n<figure data-wp-context=\"{&quot;imageId&quot;:&quot;6a97f529e10e2&quot;}\" data-wp-interactive=\"core\/image\" data-wp-key=\"6a97f529e10e2\" class=\"wp-block-image size-large wp-lightbox-container\"><img decoding=\"async\" width=\"1024\" height=\"683\" data-wp-class--hide=\"state.isContentHidden\" data-wp-class--show=\"state.isContentVisible\" data-wp-init=\"callbacks.setButtonStyles\" data-wp-on--click=\"actions.showLightbox\" data-wp-on--load=\"callbacks.setButtonStyles\" data-wp-on--pointerdown=\"actions.preloadImage\" data-wp-on--pointerenter=\"actions.preloadImageWithDelay\" data-wp-on--pointerleave=\"actions.cancelPreload\" data-wp-on-window--resize=\"callbacks.setButtonStyles\" data-id=\"180511\" src=\"https:\/\/goias.gov.br\/saude\/wp-content\/uploads\/sites\/34\/2024\/12\/2911-Gabinete-de-Crise-UTIs2-1024x683.jpeg\" alt=\"\" class=\"wp-image-180511\" srcset=\"https:\/\/goias.gov.br\/saude\/wp-content\/uploads\/sites\/34\/2024\/12\/2911-Gabinete-de-Crise-UTIs2-1024x683.jpeg 1024w, https:\/\/goias.gov.br\/saude\/wp-content\/uploads\/sites\/34\/2024\/12\/2911-Gabinete-de-Crise-UTIs2-300x200.jpeg 300w, https:\/\/goias.gov.br\/saude\/wp-content\/uploads\/sites\/34\/2024\/12\/2911-Gabinete-de-Crise-UTIs2-768x512.jpeg 768w, https:\/\/goias.gov.br\/saude\/wp-content\/uploads\/sites\/34\/2024\/12\/2911-Gabinete-de-Crise-UTIs2.jpeg 1224w\" sizes=\"(max-width: 1024px) 100vw, 1024px\" \/><button\n\t\t\tclass=\"lightbox-trigger\"\n\t\t\ttype=\"button\"\n\t\t\taria-haspopup=\"dialog\"\n\t\t\tdata-wp-bind--aria-label=\"state.thisImage.triggerButtonAriaLabel\"\n\t\t\tdata-wp-init=\"callbacks.initTriggerButton\"\n\t\t\tdata-wp-on--click=\"actions.showLightbox\"\n\t\t\tdata-wp-style--right=\"state.thisImage.buttonRight\"\n\t\t\tdata-wp-style--top=\"state.thisImage.buttonTop\"\n\t\t>\n\t\t\t<svg xmlns=\"http:\/\/www.w3.org\/2000\/svg\" width=\"12\" height=\"12\" fill=\"none\" viewBox=\"0 0 12 12\">\n\t\t\t\t<path fill=\"#fff\" d=\"M2 0a2 2 0 0 0-2 2v2h1.5V2a.5.5 0 0 1 .5-.5h2V0H2Zm2 10.5H2a.5.5 0 0 1-.5-.5V8H0v2a2 2 0 0 0 2 2h2v-1.5ZM8 12v-1.5h2a.5.5 0 0 0 .5-.5V8H12v2a2 2 0 0 1-2 2H8Zm2-12a2 2 0 0 1 2 2v2h-1.5V2a.5.5 0 0 0-.5-.5H8V0h2Z\" \/>\n\t\t\t<\/svg>\n\t\t<\/button><figcaption class=\"wp-element-caption\"><mark>Gabinete \u00e9 composto por representantes da SES-GO, Secretaria Municipal de Sa\u00fade de Goi\u00e2nia e por equipe de transi\u00e7\u00e3o do prefeito eleito da capital, Sandro Mabel<\/mark><\/figcaption><\/figure>\n\n\n\n<figure data-wp-context=\"{&quot;imageId&quot;:&quot;6a97f529e3613&quot;}\" data-wp-interactive=\"core\/image\" data-wp-key=\"6a97f529e3613\" class=\"wp-block-image size-large wp-lightbox-container\"><img decoding=\"async\" width=\"1024\" height=\"683\" data-wp-class--hide=\"state.isContentHidden\" data-wp-class--show=\"state.isContentVisible\" data-wp-init=\"callbacks.setButtonStyles\" data-wp-on--click=\"actions.showLightbox\" data-wp-on--load=\"callbacks.setButtonStyles\" data-wp-on--pointerdown=\"actions.preloadImage\" data-wp-on--pointerenter=\"actions.preloadImageWithDelay\" data-wp-on--pointerleave=\"actions.cancelPreload\" data-wp-on-window--resize=\"callbacks.setButtonStyles\" data-id=\"180509\" src=\"https:\/\/goias.gov.br\/saude\/wp-content\/uploads\/sites\/34\/2024\/12\/2911-Gabinete-de-Crise-UTIs3-1024x683.jpeg\" alt=\"\" class=\"wp-image-180509\" srcset=\"https:\/\/goias.gov.br\/saude\/wp-content\/uploads\/sites\/34\/2024\/12\/2911-Gabinete-de-Crise-UTIs3-1024x683.jpeg 1024w, https:\/\/goias.gov.br\/saude\/wp-content\/uploads\/sites\/34\/2024\/12\/2911-Gabinete-de-Crise-UTIs3-300x200.jpeg 300w, https:\/\/goias.gov.br\/saude\/wp-content\/uploads\/sites\/34\/2024\/12\/2911-Gabinete-de-Crise-UTIs3-768x512.jpeg 768w, https:\/\/goias.gov.br\/saude\/wp-content\/uploads\/sites\/34\/2024\/12\/2911-Gabinete-de-Crise-UTIs3.jpeg 1224w\" sizes=\"(max-width: 1024px) 100vw, 1024px\" \/><button\n\t\t\tclass=\"lightbox-trigger\"\n\t\t\ttype=\"button\"\n\t\t\taria-haspopup=\"dialog\"\n\t\t\tdata-wp-bind--aria-label=\"state.thisImage.triggerButtonAriaLabel\"\n\t\t\tdata-wp-init=\"callbacks.initTriggerButton\"\n\t\t\tdata-wp-on--click=\"actions.showLightbox\"\n\t\t\tdata-wp-style--right=\"state.thisImage.buttonRight\"\n\t\t\tdata-wp-style--top=\"state.thisImage.buttonTop\"\n\t\t>\n\t\t\t<svg xmlns=\"http:\/\/www.w3.org\/2000\/svg\" width=\"12\" height=\"12\" fill=\"none\" viewBox=\"0 0 12 12\">\n\t\t\t\t<path fill=\"#fff\" d=\"M2 0a2 2 0 0 0-2 2v2h1.5V2a.5.5 0 0 1 .5-.5h2V0H2Zm2 10.5H2a.5.5 0 0 1-.5-.5V8H0v2a2 2 0 0 0 2 2h2v-1.5ZM8 12v-1.5h2a.5.5 0 0 0 .5-.5V8H12v2a2 2 0 0 1-2 2H8Zm2-12a2 2 0 0 1 2 2v2h-1.5V2a.5.5 0 0 0-.5-.5H8V0h2Z\" \/>\n\t\t\t<\/svg>\n\t\t<\/button><figcaption class=\"wp-element-caption\"><mark>O foco do gabinete \u00e9 otimizar a gest\u00e3o dos leitos j\u00e1 existentes, estabelecendo melhorias significativas na gest\u00e3o hospitalar municipal e o restabelecimento da confian\u00e7a dos prestadores de servi\u00e7os quanto ao pagamento pelos atendimentos realizados<\/mark><\/figcaption><\/figure>\n<\/figure>\n\n\n\n<p class=\"wp-block-paragraph\"><\/p>\n","protected":false},"excerpt":{"rendered":"<p>Fotos: Iron Braz<\/p>\n","protected":false},"author":513,"featured_media":180510,"comment_status":"closed","ping_status":"open","sticky":false,"template":"","format":"standard","meta":{"footnotes":""},"categories":[98],"tags":[169],"class_list":["post-180496","post","type-post","status-publish","format-standard","has-post-thumbnail","hentry","category-galeria-de-fotos","tag-galeria-de-fotos"],"rttpg_featured_image_url":{"full":["https:\/\/goias.gov.br\/saude\/wp-content\/uploads\/sites\/34\/2024\/12\/2911-Gabinete-de-Crise-UTIs1.jpeg",1224,816,false],"landscape":["https:\/\/goias.gov.br\/saude\/wp-content\/uploads\/sites\/34\/2024\/12\/2911-Gabinete-de-Crise-UTIs1.jpeg",1224,816,false],"portraits":["https:\/\/goias.gov.br\/saude\/wp-content\/uploads\/sites\/34\/2024\/12\/2911-Gabinete-de-Crise-UTIs1.jpeg",1224,816,false],"thumbnail":["https:\/\/goias.gov.br\/saude\/wp-content\/uploads\/sites\/34\/2024\/12\/2911-Gabinete-de-Crise-UTIs1-150x150.jpeg",150,150,true],"medium":["https:\/\/goias.gov.br\/saude\/wp-content\/uploads\/sites\/34\/2024\/12\/2911-Gabinete-de-Crise-UTIs1-300x200.jpeg",300,200,true],"large":["https:\/\/goias.gov.br\/saude\/wp-content\/uploads\/sites\/34\/2024\/12\/2911-Gabinete-de-Crise-UTIs1-1024x683.jpeg",1024,683,true],"1536x1536":["https:\/\/goias.gov.br\/saude\/wp-content\/uploads\/sites\/34\/2024\/12\/2911-Gabinete-de-Crise-UTIs1.jpeg",1224,816,false],"2048x2048":["https:\/\/goias.gov.br\/saude\/wp-content\/uploads\/sites\/34\/2024\/12\/2911-Gabinete-de-Crise-UTIs1.jpeg",1224,816,false]},"rttpg_author":{"display_name":"eudinelima","author_link":"https:\/\/goias.gov.br\/saude\/author\/eudinelima\/"},"rttpg_comment":0,"rttpg_category":"<a href=\"https:\/\/goias.gov.br\/saude\/categoria\/galeria-de-fotos\/\" rel=\"category tag\">galeria de fotos<\/a>","rttpg_excerpt":"Fotos: Iron Braz","_links":{"self":[{"href":"https:\/\/goias.gov.br\/saude\/wp-json\/wp\/v2\/posts\/180496","targetHints":{"allow":["GET"]}}],"collection":[{"href":"https:\/\/goias.gov.br\/saude\/wp-json\/wp\/v2\/posts"}],"about":[{"href":"https:\/\/goias.gov.br\/saude\/wp-json\/wp\/v2\/types\/post"}],"author":[{"embeddable":true,"href":"https:\/\/goias.gov.br\/saude\/wp-json\/wp\/v2\/users\/513"}],"replies":[{"embeddable":true,"href":"https:\/\/goias.gov.br\/saude\/wp-json\/wp\/v2\/comments?post=180496"}],"version-history":[{"count":2,"href":"https:\/\/goias.gov.br\/saude\/wp-json\/wp\/v2\/posts\/180496\/revisions"}],"predecessor-version":[{"id":180651,"href":"https:\/\/goias.gov.br\/saude\/wp-json\/wp\/v2\/posts\/180496\/revisions\/180651"}],"wp:featuredmedia":[{"embeddable":true,"href":"https:\/\/goias.gov.br\/saude\/wp-json\/wp\/v2\/media\/180510"}],"wp:attachment":[{"href":"https:\/\/goias.gov.br\/saude\/wp-json\/wp\/v2\/media?parent=180496"}],"wp:term":[{"taxonomy":"category","embeddable":true,"href":"https:\/\/goias.gov.br\/saude\/wp-json\/wp\/v2\/categories?post=180496"},{"taxonomy":"post_tag","embeddable":true,"href":"https:\/\/goias.gov.br\/saude\/wp-json\/wp\/v2\/tags?post=180496"}],"curies":[{"name":"wp","href":"https:\/\/api.w.org\/{rel}","templated":true}]}}