

{"id":179982,"date":"2024-11-29T17:38:09","date_gmt":"2024-11-29T20:38:09","guid":{"rendered":"https:\/\/goias.gov.br\/saude\/?p=179982"},"modified":"2024-12-02T15:54:02","modified_gmt":"2024-12-02T18:54:02","slug":"ses-instala-primeiro-dos-13-gabinetes-de-crise-em-goiania-na-upa-noroeste","status":"publish","type":"post","link":"https:\/\/goias.gov.br\/saude\/ses-instala-primeiro-dos-13-gabinetes-de-crise-em-goiania-na-upa-noroeste\/","title":{"rendered":"SES instala primeiro dos 13 Gabinetes de Crise em Goi\u00e2nia, na UPA Noroeste"},"content":{"rendered":"\n<p class=\"has-text-align-center\"><strong>Informa\u00e7\u00f5es como insumos, medicamentos, n\u00famero de profissionais e ambul\u00e2ncias do Samu ser\u00e3o coletadas e enviadas ao Gabinete de Crise Central para an\u00e1lise e tomada de decis\u00e3o sobre como melhorar a assist\u00eancia \u00e0 popula\u00e7\u00e3o<\/strong><\/p>\n\n\n\n<!--more-->\n\n\n\n<figure class=\"wp-block-image size-large\"><img fetchpriority=\"high\" decoding=\"async\" width=\"1024\" height=\"683\" src=\"https:\/\/goias.gov.br\/saude\/wp-content\/uploads\/sites\/34\/2024\/11\/29.11-GabineteDeCriseUPANoroeste-1024x683.jpeg\" alt=\"\" class=\"wp-image-179984\" srcset=\"https:\/\/goias.gov.br\/saude\/wp-content\/uploads\/sites\/34\/2024\/11\/29.11-GabineteDeCriseUPANoroeste-1024x683.jpeg 1024w, https:\/\/goias.gov.br\/saude\/wp-content\/uploads\/sites\/34\/2024\/11\/29.11-GabineteDeCriseUPANoroeste-300x200.jpeg 300w, https:\/\/goias.gov.br\/saude\/wp-content\/uploads\/sites\/34\/2024\/11\/29.11-GabineteDeCriseUPANoroeste-768x512.jpeg 768w, https:\/\/goias.gov.br\/saude\/wp-content\/uploads\/sites\/34\/2024\/11\/29.11-GabineteDeCriseUPANoroeste-1536x1024.jpeg 1536w, https:\/\/goias.gov.br\/saude\/wp-content\/uploads\/sites\/34\/2024\/11\/29.11-GabineteDeCriseUPANoroeste-2048x1365.jpeg 2048w\" sizes=\"(max-width: 1024px) 100vw, 1024px\" \/><figcaption class=\"wp-element-caption\"><em>T\u00e9cnicos do Gabinete de Crise da SES discutem informa\u00e7\u00f5es obtidas na UPA Noroeste<\/em><\/figcaption><\/figure>\n\n\n\n<p>A Secretaria de Estado da Sa\u00fade de Goi\u00e1s (SES-GO) instalou, nesta sexta-feira (29\/11), na Unidade de Pronto Atendimento (UPA) da regi\u00e3o noroeste, em Goi\u00e2nia, o primeiro dos 13 Gabinetes de Crise propostos pelo Gabinete de Crise Central. No local, t\u00e9cnicos da SES-GO e da Secretaria Municipal de Sa\u00fade (SMS) de Goi\u00e2nia v\u00e3o acompanhar o registro de informa\u00e7\u00f5es sobre o funcionamento da unidade. Diariamente, os dados v\u00e3o ser enviados ao Gabinete de Crise Central para an\u00e1lise e tomada de decis\u00f5es sobre como melhorar a assist\u00eancia \u00e0 popula\u00e7\u00e3o.<\/p>\n\n\n\n<p>As informa\u00e7\u00f5es que ser\u00e3o levantadas abordam estoque de insumos, medicamentos, n\u00famero de profissionais e ambul\u00e2ncias do Servi\u00e7o de Atendimento M\u00f3vel de Urg\u00eancia (Samu). Esses dados detalhados ajudar\u00e3o a tra\u00e7ar um panorama abrangente das condi\u00e7\u00f5es das unidades de urg\u00eancia e emerg\u00eancia do munic\u00edpio.<\/p>\n\n\n\n<p>A defini\u00e7\u00e3o da unidade piloto, UPA Noroeste, e os trabalhos desenvolvidos no local foram apresentados na manh\u00e3 desta sexta-feira, durante Reuni\u00e3o do Gabinete de Crise Central, na sede da Sa\u00fade estadual. Segundo a Superintendente de Regionaliza\u00e7\u00e3o, \u00c9rika Lopes Rocha Batista, neste primeiro momento, as informa\u00e7\u00f5es na UPA ser\u00e3o coletadas duas vezes por dia, at\u00e9 segunda-feira, por meio de formul\u00e1rios e planilhas do Google Forms.<\/p>\n\n\n\n<p>\u201cEssas informa\u00e7\u00f5es v\u00e3o chegar ao Gabinete Central, duas vezes por dia, onde ser\u00e3o transformadas no BI (Business Inteligente), isto \u00e9, estar\u00e3o visualmente dispon\u00edveis em um painel. Al\u00e9m disso, as unidades v\u00e3o trabalhar com planilhas, elaboradas tamb\u00e9m pelo Comit\u00ea, para ter gest\u00e3o \u00e0 vista na pr\u00f3pria unidade\u201d, explica a superintendente.<\/p>\n\n\n\n<p>Ainda segundo \u00c9rika Lopes, uma nova reuni\u00e3o ser\u00e1 realizada, na pr\u00f3xima segunda-feira, com todos os participantes do Gabinete de Crise Central, para avalia\u00e7\u00e3o dos trabalhos realizados no fim de semana. \u201cVamos ajustar o que for preciso para dar andamento \u00e0s implanta\u00e7\u00f5es nas outras 12 unidades\u201d, prev\u00ea.<\/p>\n\n\n\n<p><strong>Gest\u00e3o dos leitos<\/strong><br>Criado na quinta-feira (28\/11), o Gabinete de Crise Central \u00e9 composto por representantes da Secretaria de Estado da Sa\u00fade de Goi\u00e1s (SES-GO), Secretaria Municipal de Sa\u00fade de Goi\u00e2nia e da equipe de transi\u00e7\u00e3o do prefeito eleito da capital, Sandro Mabel. Seu foco \u00e9 monitorar a situa\u00e7\u00e3o de sa\u00fade, planejar, estruturar, mobilizar e coordenar a\u00e7\u00f5es para supera\u00e7\u00e3o da atual crise no munic\u00edpio de Goi\u00e2nia.<\/p>\n\n\n\n<p>Com apoio tamb\u00e9m do Minist\u00e9rio P\u00fablico do Estado de Goi\u00e1s (MP-GO), o Gabinete de Crise Central espera garantir que os pacientes recebam assist\u00eancia adequada desde o primeiro contato com o Sistema \u00danico de Sa\u00fade (SUS), prevenindo a evolu\u00e7\u00e3o para quadros mais graves que exijam interna\u00e7\u00e3o em UTI, o que sobrecarrega ainda mais a rede de sa\u00fade municipal.<\/p>\n\n\n\n<p>Leia mais sobre o Gabinete de Crise neste link: https:\/\/goias.gov.br\/saude\/176451-2\/<\/p>\n\n\n\n<p>Jos\u00e9 Carlos Ara\u00fajo (texto) e Marco Monteiro (foto)\/Comunica\u00e7\u00e3o Setorial<\/p>\n","protected":false},"excerpt":{"rendered":"<p>Informa\u00e7\u00f5es como insumos, medicamentos, n\u00famero de profissionais e ambul\u00e2ncias do Samu ser\u00e3o coletadas e enviadas ao Gabinete de Crise Central para an\u00e1lise e tomada de decis\u00e3o sobre como melhorar a assist\u00eancia \u00e0 popula\u00e7\u00e3o<\/p>\n","protected":false},"author":166,"featured_media":179984,"comment_status":"closed","ping_status":"open","sticky":false,"template":"","format":"standard","meta":{"footnotes":""},"categories":[3],"tags":[406],"class_list":["post-179982","post","type-post","status-publish","format-standard","has-post-thumbnail","hentry","category-noticias","tag-gabinete-de-crise"],"rttpg_featured_image_url":{"full":["https:\/\/goias.gov.br\/saude\/wp-content\/uploads\/sites\/34\/2024\/11\/29.11-GabineteDeCriseUPANoroeste-scaled.jpeg",2560,1706,false],"landscape":["https:\/\/goias.gov.br\/saude\/wp-content\/uploads\/sites\/34\/2024\/11\/29.11-GabineteDeCriseUPANoroeste-scaled.jpeg",2560,1706,false],"portraits":["https:\/\/goias.gov.br\/saude\/wp-content\/uploads\/sites\/34\/2024\/11\/29.11-GabineteDeCriseUPANoroeste-scaled.jpeg",2560,1706,false],"thumbnail":["https:\/\/goias.gov.br\/saude\/wp-content\/uploads\/sites\/34\/2024\/11\/29.11-GabineteDeCriseUPANoroeste-150x150.jpeg",150,150,true],"medium":["https:\/\/goias.gov.br\/saude\/wp-content\/uploads\/sites\/34\/2024\/11\/29.11-GabineteDeCriseUPANoroeste-300x200.jpeg",300,200,true],"large":["https:\/\/goias.gov.br\/saude\/wp-content\/uploads\/sites\/34\/2024\/11\/29.11-GabineteDeCriseUPANoroeste-1024x683.jpeg",1024,683,true],"1536x1536":["https:\/\/goias.gov.br\/saude\/wp-content\/uploads\/sites\/34\/2024\/11\/29.11-GabineteDeCriseUPANoroeste-1536x1024.jpeg",1536,1024,true],"2048x2048":["https:\/\/goias.gov.br\/saude\/wp-content\/uploads\/sites\/34\/2024\/11\/29.11-GabineteDeCriseUPANoroeste-2048x1365.jpeg",2048,1365,true]},"rttpg_author":{"display_name":"josegomes","author_link":"https:\/\/goias.gov.br\/saude\/author\/josegomes\/"},"rttpg_comment":0,"rttpg_category":"<a href=\"https:\/\/goias.gov.br\/saude\/categoria\/noticias\/\" rel=\"category tag\">Not\u00edcias<\/a>","rttpg_excerpt":"Informa\u00e7\u00f5es como insumos, medicamentos, n\u00famero de profissionais e ambul\u00e2ncias do Samu ser\u00e3o coletadas e enviadas ao Gabinete de Crise Central para an\u00e1lise e tomada de decis\u00e3o sobre como melhorar a assist\u00eancia \u00e0 popula\u00e7\u00e3o","_links":{"self":[{"href":"https:\/\/goias.gov.br\/saude\/wp-json\/wp\/v2\/posts\/179982","targetHints":{"allow":["GET"]}}],"collection":[{"href":"https:\/\/goias.gov.br\/saude\/wp-json\/wp\/v2\/posts"}],"about":[{"href":"https:\/\/goias.gov.br\/saude\/wp-json\/wp\/v2\/types\/post"}],"author":[{"embeddable":true,"href":"https:\/\/goias.gov.br\/saude\/wp-json\/wp\/v2\/users\/166"}],"replies":[{"embeddable":true,"href":"https:\/\/goias.gov.br\/saude\/wp-json\/wp\/v2\/comments?post=179982"}],"version-history":[{"count":2,"href":"https:\/\/goias.gov.br\/saude\/wp-json\/wp\/v2\/posts\/179982\/revisions"}],"predecessor-version":[{"id":181131,"href":"https:\/\/goias.gov.br\/saude\/wp-json\/wp\/v2\/posts\/179982\/revisions\/181131"}],"wp:featuredmedia":[{"embeddable":true,"href":"https:\/\/goias.gov.br\/saude\/wp-json\/wp\/v2\/media\/179984"}],"wp:attachment":[{"href":"https:\/\/goias.gov.br\/saude\/wp-json\/wp\/v2\/media?parent=179982"}],"wp:term":[{"taxonomy":"category","embeddable":true,"href":"https:\/\/goias.gov.br\/saude\/wp-json\/wp\/v2\/categories?post=179982"},{"taxonomy":"post_tag","embeddable":true,"href":"https:\/\/goias.gov.br\/saude\/wp-json\/wp\/v2\/tags?post=179982"}],"curies":[{"name":"wp","href":"https:\/\/api.w.org\/{rel}","templated":true}]}}