

{"id":1765,"date":"2018-04-27T13:46:37","date_gmt":"2018-04-27T16:46:37","guid":{"rendered":"https:\/\/siteshom.goias.gov.br\/saude\/credeq-realiza-parceria-com-itego-2\/"},"modified":"2018-04-27T13:46:37","modified_gmt":"2018-04-27T16:46:37","slug":"credeq-realiza-parceria-com-itego-2","status":"publish","type":"post","link":"https:\/\/goias.gov.br\/saude\/credeq-realiza-parceria-com-itego-2\/","title":{"rendered":"CREDEQ realiza parceria com ITEGO"},"content":{"rendered":"<p><p style=\"font-weight: 400;\">O Centro Estadual de Refer\u00eancia e Excel\u00eancia em Depend\u00eancia Qu\u00edmica (CREDEQ \u2013 Prof. Jamil Issy), da SES \u2013 Governo de Goi\u00e1s, e a Rede ITEGO (Instituto de Tecnol\u00f3gico do Estado de Goi\u00e1s) trabalham para firmar parceria \u00e0 reinser\u00e7\u00e3o de pacientes capacitados no mercado de trabalho. A colabora\u00e7\u00e3o ser\u00e1 firmada pelo N\u00facleo de Interlocu\u00e7\u00e3o Central (NIC) do CREDEQ \u2013 Prof. Jamil Issy com a Secretaria de Desenvolvimento de Goi\u00e1s (SED). O encontro para discutir o acordo aconteceu na SED, na manh\u00e3 do dia 20 de abril.<\/p>\n<\/p>\n<p><p style=\"font-weight: 400;\">Pela coopera\u00e7\u00e3o, os pacientes de desejarem frequentar os cursos de educa\u00e7\u00e3o profissionalizante disponibilizados pelas 23 unidades da Rede ITEGO, ser\u00e3o encaminhados com o prop\u00f3sito de se efetivar a reinser\u00e7\u00e3o profissional dos pacientes atendidos pelo CREDEQ \u2013 Prof. Jamil Issy. A oficializa\u00e7\u00e3o da parceria acontecer\u00e1 ap\u00f3s a apresenta\u00e7\u00e3o do projeto piloto, que est\u00e1 sendo elaborado pela equipe multiprofissional do NIC\/CREDEQ \u2013 Prof. Jamil Issy.<\/p>\n<\/p>\n<p><p style=\"font-weight: 400;\">Ser\u00e3o beneficiados pacientes atendidos ambulatorialmente e os que est\u00e3o pr\u00f3ximos de receberem alta da interna\u00e7\u00e3o. Todos pacientes do CREDEQ \u2013 Prof. Jamil Issy ter\u00e3o isen\u00e7\u00e3o das taxas na REDE ITEGO. De acordo com a assistente social respons\u00e1vel pelo NIC\/CREDEQ \u2013 Prof. Jamil, Cintia Barbosa Coelho, a meta \u00e9 trabalhar a reinser\u00e7\u00e3o econ\u00f4mica do paciente na sociedade, como forma de fortalecer o seu tratamento. O titular da SED, Leandro Ribeiro, se diz confiante que a coopera\u00e7\u00e3o ir\u00e1 complementar o processo de reabilita\u00e7\u00e3o dos pacientes, uma vez que estudo e trabalho descortinam perspectivas de vida.<\/p>\n<\/p>\n<p><p style=\"font-weight: 400;\">O NIC\/CREDEQ \u2013 Prof. Jamil Issy foi criado em novembro de 2017. Sua equipe \u00e9 constitu\u00edda por seis profissionais das \u00e1reas de Administra\u00e7\u00e3o, Assist\u00eancia Social, Psicologia e Terapia Ocupacional. O N\u00facleo \u00e9 respons\u00e1vel por parcerias, pesquisas e a\u00e7\u00f5es de inser\u00e7\u00e3o e reinser\u00e7\u00e3o de pacientes.<\/p>\n<\/p>\n<p><p style=\"font-weight: 400;\"><strong>Contato\u00a0\u2013<\/strong>\u00a0Carla Monteiro (62) 9.9363.7665 \/ (62) 3952-5515<\/p><\/p>\n","protected":false},"excerpt":{"rendered":"<p>O Centro Estadual de Refer\u00eancia e Excel\u00eancia em Depend\u00eancia Qu\u00edmica (CREDEQ \u2013 Prof. Jamil Issy), da SES \u2013 Governo de Goi\u00e1s, e a Rede ITEGO (Instituto de Tecnol\u00f3gico do Estado de Goi\u00e1s) trabalham para firmar parceria \u00e0 reinser\u00e7\u00e3o de pacientes capacitados no mercado de trabalho. A colabora\u00e7\u00e3o ser\u00e1 firmada pelo N\u00facleo de Interlocu\u00e7\u00e3o Central (NIC) [&hellip;]<\/p>\n","protected":false},"author":46,"featured_media":0,"comment_status":"closed","ping_status":"open","sticky":false,"template":"","format":"standard","meta":{"footnotes":""},"categories":[3],"tags":[],"class_list":["post-1765","post","type-post","status-publish","format-standard","hentry","category-noticias"],"rttpg_featured_image_url":null,"rttpg_author":{"display_name":"cleybetsls","author_link":"https:\/\/goias.gov.br\/saude\/author\/cleybetsls\/"},"rttpg_comment":0,"rttpg_category":"<a href=\"https:\/\/goias.gov.br\/saude\/categoria\/noticias\/\" rel=\"category tag\">Not\u00edcias<\/a>","rttpg_excerpt":"O Centro Estadual de Refer\u00eancia e Excel\u00eancia em Depend\u00eancia Qu\u00edmica (CREDEQ \u2013 Prof. Jamil Issy), da SES \u2013 Governo de Goi\u00e1s, e a Rede ITEGO (Instituto de Tecnol\u00f3gico do Estado de Goi\u00e1s) trabalham para firmar parceria \u00e0 reinser\u00e7\u00e3o de pacientes capacitados no mercado de trabalho. A colabora\u00e7\u00e3o ser\u00e1 firmada pelo N\u00facleo de Interlocu\u00e7\u00e3o Central (NIC)&hellip;","_links":{"self":[{"href":"https:\/\/goias.gov.br\/saude\/wp-json\/wp\/v2\/posts\/1765","targetHints":{"allow":["GET"]}}],"collection":[{"href":"https:\/\/goias.gov.br\/saude\/wp-json\/wp\/v2\/posts"}],"about":[{"href":"https:\/\/goias.gov.br\/saude\/wp-json\/wp\/v2\/types\/post"}],"author":[{"embeddable":true,"href":"https:\/\/goias.gov.br\/saude\/wp-json\/wp\/v2\/users\/46"}],"replies":[{"embeddable":true,"href":"https:\/\/goias.gov.br\/saude\/wp-json\/wp\/v2\/comments?post=1765"}],"version-history":[{"count":0,"href":"https:\/\/goias.gov.br\/saude\/wp-json\/wp\/v2\/posts\/1765\/revisions"}],"wp:attachment":[{"href":"https:\/\/goias.gov.br\/saude\/wp-json\/wp\/v2\/media?parent=1765"}],"wp:term":[{"taxonomy":"category","embeddable":true,"href":"https:\/\/goias.gov.br\/saude\/wp-json\/wp\/v2\/categories?post=1765"},{"taxonomy":"post_tag","embeddable":true,"href":"https:\/\/goias.gov.br\/saude\/wp-json\/wp\/v2\/tags?post=1765"}],"curies":[{"name":"wp","href":"https:\/\/api.w.org\/{rel}","templated":true}]}}