

{"id":1763,"date":"2018-04-27T13:50:07","date_gmt":"2018-04-27T16:50:07","guid":{"rendered":"https:\/\/siteshom.goias.gov.br\/saude\/pacientes-recebem-um-dia-de-beleza-no-credeq\/"},"modified":"2018-04-27T13:50:07","modified_gmt":"2018-04-27T16:50:07","slug":"pacientes-recebem-um-dia-de-beleza-no-credeq","status":"publish","type":"post","link":"https:\/\/goias.gov.br\/saude\/pacientes-recebem-um-dia-de-beleza-no-credeq\/","title":{"rendered":"Pacientes recebem um dia de beleza no CREDEQ"},"content":{"rendered":"<p>Professores e alunos do Beauty Center profissional em conjunto com a Ger\u00eancia de Enfermagem, do Centro Estadual de Refer\u00eancia e Excel\u00eancia em Depend\u00eancia Qu\u00edmica, em Aparecida de Goi\u00e2nia (CREDEQ- Prof. Jamil Issy), da SES \u2013 Governo de Goi\u00e1s, realizaram Dia de Beleza para os pacientes do n\u00facleo masculino 1, no qual 30 foram beneficiados.<\/p>\n<p>O evento ocorreu na \u00e1rea comum do n\u00facleo, pr\u00f3xima a biblioteca. Os pacientes receberam corte de cabelo. A coordena\u00e7\u00e3o do evento esteve a cargo da enfermeira Thays Gomes, respons\u00e1vel por convidar a equipe do Beauty Center. Os cortes ficaram sobre os cuidados de Sandes Barros, professor do Beauty Center, e Vitor Alves, o seu aluno.<\/p>\n<p>De acordo com a coordenadora, a proposta do evento \u00e9 condicionar melhor a qualidade de vida e melhorar a autoestima dos pacientes. No pr\u00f3ximo dia 7 de maio o Dia da Beleza dever\u00e1 acontecer novamente, mas nos n\u00facleos masculino 2 e feminino.<\/p>\n<p><strong>Servi\u00e7o<\/strong><\/p>\n<p>Assunto: CREDEQ realiza Dia da Beleza<\/p>\n<p>Local: Sede da unidade de sa\u00fade, localizada Avenida Tanner de Melo, Qd.- Gleba 02, Lt.- Parte 02, Bairro Fazenda Santo Ant\u00f4nio, em Aparecida de Goi\u00e2nia (74.993-551) \u2013 Depois do Parque Industrial.<\/p>\n","protected":false},"excerpt":{"rendered":"<p>Professores e alunos do Beauty Center profissional em conjunto com a Ger\u00eancia de Enfermagem, do Centro Estadual de Refer\u00eancia e Excel\u00eancia em Depend\u00eancia Qu\u00edmica, em Aparecida de Goi\u00e2nia (CREDEQ- Prof. Jamil Issy), da SES \u2013 Governo de Goi\u00e1s, realizaram Dia de Beleza para os pacientes do n\u00facleo masculino 1, no qual 30 foram beneficiados. O [&hellip;]<\/p>\n","protected":false},"author":46,"featured_media":0,"comment_status":"closed","ping_status":"open","sticky":false,"template":"","format":"standard","meta":{"footnotes":""},"categories":[3],"tags":[],"class_list":["post-1763","post","type-post","status-publish","format-standard","hentry","category-noticias"],"rttpg_featured_image_url":null,"rttpg_author":{"display_name":"cleybetsls","author_link":"https:\/\/goias.gov.br\/saude\/author\/cleybetsls\/"},"rttpg_comment":0,"rttpg_category":"<a href=\"https:\/\/goias.gov.br\/saude\/categoria\/noticias\/\" rel=\"category tag\">Not\u00edcias<\/a>","rttpg_excerpt":"Professores e alunos do Beauty Center profissional em conjunto com a Ger\u00eancia de Enfermagem, do Centro Estadual de Refer\u00eancia e Excel\u00eancia em Depend\u00eancia Qu\u00edmica, em Aparecida de Goi\u00e2nia (CREDEQ- Prof. Jamil Issy), da SES \u2013 Governo de Goi\u00e1s, realizaram Dia de Beleza para os pacientes do n\u00facleo masculino 1, no qual 30 foram beneficiados. O&hellip;","_links":{"self":[{"href":"https:\/\/goias.gov.br\/saude\/wp-json\/wp\/v2\/posts\/1763","targetHints":{"allow":["GET"]}}],"collection":[{"href":"https:\/\/goias.gov.br\/saude\/wp-json\/wp\/v2\/posts"}],"about":[{"href":"https:\/\/goias.gov.br\/saude\/wp-json\/wp\/v2\/types\/post"}],"author":[{"embeddable":true,"href":"https:\/\/goias.gov.br\/saude\/wp-json\/wp\/v2\/users\/46"}],"replies":[{"embeddable":true,"href":"https:\/\/goias.gov.br\/saude\/wp-json\/wp\/v2\/comments?post=1763"}],"version-history":[{"count":0,"href":"https:\/\/goias.gov.br\/saude\/wp-json\/wp\/v2\/posts\/1763\/revisions"}],"wp:attachment":[{"href":"https:\/\/goias.gov.br\/saude\/wp-json\/wp\/v2\/media?parent=1763"}],"wp:term":[{"taxonomy":"category","embeddable":true,"href":"https:\/\/goias.gov.br\/saude\/wp-json\/wp\/v2\/categories?post=1763"},{"taxonomy":"post_tag","embeddable":true,"href":"https:\/\/goias.gov.br\/saude\/wp-json\/wp\/v2\/tags?post=1763"}],"curies":[{"name":"wp","href":"https:\/\/api.w.org\/{rel}","templated":true}]}}