

{"id":1760,"date":"2018-05-02T05:29:09","date_gmt":"2018-05-02T08:29:09","guid":{"rendered":"https:\/\/siteshom.goias.gov.br\/saude\/3a-jornada-cientifica-do-hugol-acontece-em-junho\/"},"modified":"2018-05-02T05:29:09","modified_gmt":"2018-05-02T08:29:09","slug":"3a-jornada-cientifica-do-hugol-acontece-em-junho","status":"publish","type":"post","link":"https:\/\/goias.gov.br\/saude\/3a-jornada-cientifica-do-hugol-acontece-em-junho\/","title":{"rendered":"3\u00aa Jornada Cient\u00edfica do HUGOL acontece em junho"},"content":{"rendered":"<p>Com o tema \u201cDesafios em Urg\u00eancias e Emerg\u00eancias Pedi\u00e1tricas\u201d, ser\u00e1 realizada, nos dias 08 e 09 de junho, a III Jornada Cient\u00edfica do HUGOL \u2013 Hospital Estadual de Urg\u00eancias da Regi\u00e3o Noroeste de Goi\u00e2nia Governador Ot\u00e1vio Lage de Siqueira, unidade da SES \u2013 Governo de Goi\u00e1s.<br \/>\n<!--more--><\/p>\n<p>Com o tema \u201cDesafios em Urg\u00eancias e Emerg\u00eancias Pedi\u00e1tricas\u201d, ser\u00e1 realizada, nos dias 08 e 09 de junho, a III Jornada Cient\u00edfica do HUGOL \u2013 Hospital Estadual de Urg\u00eancias da Regi\u00e3o Noroeste de Goi\u00e2nia Governador Ot\u00e1vio Lage de Siqueira, unidade da SES \u2013 Governo de Goi\u00e1s.<\/p>\n<p>O evento contar\u00e1 com a participa\u00e7\u00e3o de palestrantes de renome nacional em suas \u00e1reas de pesquisa e atua\u00e7\u00e3o, em quatro palestras, tr\u00eas pain\u00e9is e apresenta\u00e7\u00f5es de trabalhos cient\u00edficos. Estudantes e profissionais da sa\u00fade podem se inscrever na jornada por meio do site\u00a0<a href=\"https:\/\/www.agirgo.org.br\/hugol\/jornada\" target=\"_blank\" rel=\"noopener noreferrer\" data-saferedirecturl=\"https:\/\/www.google.com\/url?hl=pt-BR&amp;q=https:\/\/www.agirgo.org.br\/hugol\/jornada&amp;source=gmail&amp;ust=1525346780033000&amp;usg=AFQjCNHdlC6-Wk2fWnhIaD54GQo4HHqr2w\">www.agirgo.org.br\/hugol\/j<wbr \/>ornada<\/a>, com valores estipulados em R$ 80 e R$ 100, respectivamente. De acordo com o Diretor Geral do hospital, H\u00e9lio Ponciano Trevenzol, \u201ccomo parte da programa\u00e7\u00e3o de comemora\u00e7\u00e3o dos 3 anos do hospital, esta edi\u00e7\u00e3o da jornada abordar\u00e1 assuntos de profunda relev\u00e2ncia cient\u00edfica sobre o cuidado pedi\u00e1trico em urg\u00eancia e emerg\u00eancia\u201d.<\/p>\n<p><b>Programa\u00e7\u00e3o<\/b><\/p>\n<p>A programa\u00e7\u00e3o se inicia na sexta-feira, 08 de junho, com a confer\u00eancia magna sobre \u201cEmerg\u00eancias pedi\u00e1tricas traum\u00e1ticas: operar ou n\u00e3o operar?\u201d, ministrada pelo cirurgi\u00e3o pedi\u00e1trico Luis Donizeti da Silva Stracieri, doutor em cirurgia (USP). Logo ap\u00f3s, acontece o painel \u201cAvan\u00e7os no tratamento das queimaduras em pacientes pedi\u00e1tricos\u201d, com o doutor em biologia celular e desenvolvimento (UFSC), fisioterapeuta Juliano Tibola, a cirurgi\u00e3 pl\u00e1stica e diretora cl\u00ednica do Pronto Socorro para queimaduras em Goi\u00e2nia, M\u00f4nica Piccolo, e a enfermeira da Cl\u00ednica Pedi\u00e1trica do HUGOL e especialista em neonatologia, Priscila da Matta Santos Vieira.<\/p>\n<p>Na parte da tarde desse mesmo dia, ser\u00e3o realizadas as palestras \u201cUltrassom Point-of-Care em emerg\u00eancia pedi\u00e1trica: considera\u00e7\u00f5es sobre o trauma\u201d, ministrada por Luis Stracieri; \u00a0\u201cAtualidades no manejo da dor no cuidado \u00e0 crian\u00e7a hospitalizada\u201d, com a m\u00e9dica anestesiologista Silvia Piccolo Daher; e \u201cEnfermagem \u2013 atualidades nos cuidados ao paciente pedi\u00e1trico\u201d, pela enfermeira e doutoranda em enfermagem pela UFMG, Mar\u00edlia Cordeiro de Souza. Para finalizar a programa\u00e7\u00e3o do dia, teremos a palestra \u201cAtualidades em fisioterapia respirat\u00f3ria no contexto da pediatria\u201d, com Juliano Tibola.<\/p>\n<p>No s\u00e1bado, 09 de junho, teremos dois pain\u00e9is, come\u00e7ando por \u201cCrian\u00e7as v\u00edtimas de viol\u00eancia: como diagnosticar e o que fazer?\u201d, com a pediatra, especialista em medicina do adolescente, Marce D. de Paula Costa, a psic\u00f3loga e membro titular do Conselho Estadual dos Direitos da Crian\u00e7a e Adolescentes, Elma Batista de Aniceto, a deputada federal e delegada, Adriana Accorsi e a doutora em psicologia (UNESP), Ionara Rabelo.<\/p>\n<p>O segundo painel ter\u00e1 como tema \u201cAtualidades no cuidado \u00e0 crian\u00e7a no contexto da urg\u00eancia e emerg\u00eancia\u201d, com a fonoaudi\u00f3loga hospitalar da UTI Pedi\u00e1trica e da Pediatria do HUGOL e doutoranda em ci\u00eancias da sa\u00fade (UFG), Maria Luiza de Faria Paiva, a nutricionista da Cl\u00ednica Pedi\u00e1trica e da UTI Pedi\u00e1trica do HUGOL e mestre em ci\u00eancias ambientais e sa\u00fade (PUCO-GO), Jodie do Amaral Sodario, e a farmac\u00eautica do HUGOL e especialista em prescri\u00e7\u00e3o farmac\u00eautica e farm\u00e1cia cl\u00ednica (ICQ), J\u00e9ssica R. S. Brunoro.<\/p>\n<p><b>Saiba mais<\/b><\/p>\n<p>O HUGOL \u00e9 uma unidade de sa\u00fade voltada para o atendimento de Urg\u00eancia e Emerg\u00eancia de m\u00e9dia e alta complexidade com foco em traumatologia, queimadura, medicina intensiva, traumatologia pedi\u00e1trica e urg\u00eancia cl\u00ednica. \u00c9 um dos componentes da Rede de Urg\u00eancia e Emerg\u00eancia do Estado de Goi\u00e1s e o acesso ao seu atendimento \u00e9 via regula\u00e7\u00e3o. Tem como miss\u00e3o oferecer servi\u00e7os de excel\u00eancia nas \u00e1reas de assist\u00eancia em sa\u00fade, ensino, pesquisa e extens\u00e3o universit\u00e1ria e adota como premissa um modelo de gest\u00e3o usu\u00e1rio-centrado, baseado no cuidado humanizado e nas melhores pr\u00e1ticas em sa\u00fade, nutrindo profunda preocupa\u00e7\u00e3o com a educa\u00e7\u00e3o continuada.<\/p>\n<p><b>Servi\u00e7o<\/b><\/p>\n<p>III Jornada Cient\u00edfica do HUGOL<\/p>\n<p>Tema: Desafios em Urg\u00eancias e Emerg\u00eancias Pedi\u00e1tricas<\/p>\n<p>08 e 09 de junho (sexta-feira e s\u00e1bado)<\/p>\n<p>Audit\u00f3rio Francisco Ludovico (HUGOL \u2013 Av. Anhanguera, 14.527, Setor Santos Dumont)<\/p>\n<p>Informa\u00e7\u00f5es sobre inscri\u00e7\u00f5es:\u00a0<a href=\"https:\/\/www.agirgo.org.br\/hugol\/jornada\" target=\"_blank\" rel=\"noopener noreferrer\" data-saferedirecturl=\"https:\/\/www.google.com\/url?hl=pt-BR&amp;q=https:\/\/www.agirgo.org.br\/hugol\/jornada&amp;source=gmail&amp;ust=1525346780033000&amp;usg=AFQjCNHdlC6-Wk2fWnhIaD54GQo4HHqr2w\">www.agirgo.org.br\/<wbr \/>hugol\/jornada<\/a>\u00a0\u2013\u00a0<a href=\"mailto:jornadacientifica@hugol.org.br\" target=\"_blank\" rel=\"noopener noreferrer\">jornadacientif<wbr \/>ica@hugol.org.br<\/a>\u00a0\/ 62 3270-6465<\/p>\n","protected":false},"excerpt":{"rendered":"<p>Com o tema \u201cDesafios em Urg\u00eancias e Emerg\u00eancias Pedi\u00e1tricas\u201d, ser\u00e1 realizada, nos dias 08 e 09 de junho, a III Jornada Cient\u00edfica do HUGOL \u2013 Hospital Estadual de Urg\u00eancias da Regi\u00e3o Noroeste de Goi\u00e2nia Governador Ot\u00e1vio Lage de Siqueira, unidade da SES \u2013 Governo de Goi\u00e1s.<\/p>\n","protected":false},"author":46,"featured_media":0,"comment_status":"closed","ping_status":"open","sticky":false,"template":"","format":"standard","meta":{"footnotes":""},"categories":[3],"tags":[],"class_list":["post-1760","post","type-post","status-publish","format-standard","hentry","category-noticias"],"rttpg_featured_image_url":null,"rttpg_author":{"display_name":"cleybetsls","author_link":"https:\/\/goias.gov.br\/saude\/author\/cleybetsls\/"},"rttpg_comment":0,"rttpg_category":"<a href=\"https:\/\/goias.gov.br\/saude\/categoria\/noticias\/\" rel=\"category tag\">Not\u00edcias<\/a>","rttpg_excerpt":"Com o tema \u201cDesafios em Urg\u00eancias e Emerg\u00eancias Pedi\u00e1tricas\u201d, ser\u00e1 realizada, nos dias 08 e 09 de junho, a III Jornada Cient\u00edfica do HUGOL \u2013 Hospital Estadual de Urg\u00eancias da Regi\u00e3o Noroeste de Goi\u00e2nia Governador Ot\u00e1vio Lage de Siqueira, unidade da SES \u2013 Governo de Goi\u00e1s.","_links":{"self":[{"href":"https:\/\/goias.gov.br\/saude\/wp-json\/wp\/v2\/posts\/1760","targetHints":{"allow":["GET"]}}],"collection":[{"href":"https:\/\/goias.gov.br\/saude\/wp-json\/wp\/v2\/posts"}],"about":[{"href":"https:\/\/goias.gov.br\/saude\/wp-json\/wp\/v2\/types\/post"}],"author":[{"embeddable":true,"href":"https:\/\/goias.gov.br\/saude\/wp-json\/wp\/v2\/users\/46"}],"replies":[{"embeddable":true,"href":"https:\/\/goias.gov.br\/saude\/wp-json\/wp\/v2\/comments?post=1760"}],"version-history":[{"count":0,"href":"https:\/\/goias.gov.br\/saude\/wp-json\/wp\/v2\/posts\/1760\/revisions"}],"wp:attachment":[{"href":"https:\/\/goias.gov.br\/saude\/wp-json\/wp\/v2\/media?parent=1760"}],"wp:term":[{"taxonomy":"category","embeddable":true,"href":"https:\/\/goias.gov.br\/saude\/wp-json\/wp\/v2\/categories?post=1760"},{"taxonomy":"post_tag","embeddable":true,"href":"https:\/\/goias.gov.br\/saude\/wp-json\/wp\/v2\/tags?post=1760"}],"curies":[{"name":"wp","href":"https:\/\/api.w.org\/{rel}","templated":true}]}}