

{"id":1749,"date":"2018-05-04T06:34:39","date_gmt":"2018-05-04T09:34:39","guid":{"rendered":"https:\/\/siteshom.goias.gov.br\/saude\/huana-realizou-acoes-do-abril-verde\/"},"modified":"2018-05-04T06:34:39","modified_gmt":"2018-05-04T09:34:39","slug":"huana-realizou-acoes-do-abril-verde","status":"publish","type":"post","link":"https:\/\/goias.gov.br\/saude\/huana-realizou-acoes-do-abril-verde\/","title":{"rendered":"Huana realizou a\u00e7\u00f5es do Abril Verde"},"content":{"rendered":"<div class=\"m_-8008797692102987097m_1449557619132812563gmail-\">\n<p><div class=\"m_-8008797692102987097m_1449557619132812563gmail-_1mf m_-8008797692102987097m_1449557619132812563gmail-_1mj\">O Hospital Estadual de Urg\u00eancias de An\u00e1polis Dr. Henrique Santillo (HUANA), unidade da SES \u2013 Governo de Goi\u00e1s, realizou na \u00faltima sexta-feira (27), a campanha \u201cAbril Verde\u201d voltada a preven\u00e7\u00e3o aos acidentes de trabalho. Durante o dia, os colaboradores participaram de uma palestra sobre Preven\u00e7\u00e3o de acidentes, com a equipe do Cerest \u2013 Centro de Refer\u00eancia em Sa\u00fade do Trabalhador de An\u00e1polis. Durante o m\u00eas a fachada do HUANA foi iluminada na cor verde em alerta \u00e0 sa\u00fade do trabalhador.<\/div>\n<\/p>\n<\/div>\n<p><div class=\"m_-8008797692102987097m_1449557619132812563gmail-\"><\/div>\n<\/p>\n<div class=\"m_-8008797692102987097m_1449557619132812563gmail-\">\n<p><div class=\"m_-8008797692102987097m_1449557619132812563gmail-_1mf m_-8008797692102987097m_1449557619132812563gmail-_1mj\">Para a enfermeira do trabalho do hospital, N\u00fabia Stort a a\u00e7\u00e3o voltada aos colaboradores visa a conscientiza\u00e7\u00e3o para o cuidado com os acidentes e a import\u00e2ncia do uso correto dos equipamentos de prote\u00e7\u00e3o individual. \u201c\u00c9 uma promo\u00e7\u00e3o voltada a sa\u00fade e a prote\u00e7\u00e3o da integridade f\u00edsica dos colaboradores e a import\u00e2ncia de se trabalhar com seguran\u00e7a\u201d, ressalta.<\/div>\n<\/p>\n<\/div>\n<div class=\"m_-8008797692102987097m_1449557619132812563gmail-\">\n<p><div class=\"m_-8008797692102987097m_1449557619132812563gmail-_1mf m_-8008797692102987097m_1449557619132812563gmail-_1mj\">\u201cSomente com o envolvimento, com a troca de informa\u00e7\u00f5es, \u00e9 que se pode favorecer uma cultura de preven\u00e7\u00e3o \u00e0 vida e \u00e0 sa\u00fade no ambiente de trabalho\u201d, frisa Dr. Jason Damasceno, Diretor T\u00e9cnico do HUANA.<\/div>\n<\/p>\n<\/div>\n<p><div class=\"m_-8008797692102987097m_1449557619132812563gmail-\"><\/div>\n<\/p>\n<div class=\"m_-8008797692102987097m_1449557619132812563gmail-\">\n<p><div class=\"m_-8008797692102987097m_1449557619132812563gmail-_1mf m_-8008797692102987097m_1449557619132812563gmail-_1mj\">A campanha<\/div>\n<\/p>\n<\/div>\n<div class=\"m_-8008797692102987097m_1449557619132812563gmail-\">\n<p><div class=\"m_-8008797692102987097m_1449557619132812563gmail-_1mf m_-8008797692102987097m_1449557619132812563gmail-_1mj\">Abril foi escolhido como o m\u00eas de preven\u00e7\u00e3o da sa\u00fade do trabalhador devido \u00e0s datas 07 de abril: \u201cDia Mundial da Sa\u00fade\u201d e 28 de abril: \u201cDia Mundial em Mem\u00f3ria das V\u00edtimas de Acidentes e Doen\u00e7as do Trabalho\u201d. \u201cA iniciativa tem o intuito de promover na sociedade seguran\u00e7a e a sa\u00fade do trabalhador brasileiro, com o objetivo de reduzir os acidentes de trabalho e os agravos \u00e0 sa\u00fade do trabalhador\u201d, explica o presidente da CIPA do HUANA, Paulo Roberto.<\/div>\n<\/p>\n<\/div>\n<p><div class=\"m_-8008797692102987097m_1449557619132812563gmail-\"><\/div>\n<\/p>\n<div class=\"m_-8008797692102987097m_1449557619132812563gmail-\">\n<p><div class=\"m_-8008797692102987097m_1449557619132812563gmail-_1mf m_-8008797692102987097m_1449557619132812563gmail-_1mj\">O intuito da campanha \u00e9 trazer \u00e0 sociedade a quest\u00e3o da seguran\u00e7a e sa\u00fade do trabalhador brasileiro, com o objetivo de reduzir os acidentes de trabalho e os agravos \u00e0 sa\u00fade do trabalhador, e mobilizar o envolvimento da sociedade, dos \u00f3rg\u00e3os de governos, empresas, entidades de classe, associa\u00e7\u00f5es, federa\u00e7\u00f5es, sociedade civil organizada para prevenir e alertar sobre os problemas que ocorrem no mundo do trabalho e em decorr\u00eancia do mesmo. Essa iniciativa quer trazer sa\u00fade e a preven\u00e7\u00e3o para dentro do local onde passamos grande parte do nosso dia, da nossa vida.<\/div>\n<\/p>\n<\/div>\n<p><div class=\"m_-8008797692102987097m_1449557619132812563gmail-\"><\/div>\n<\/p>\n<div class=\"m_-8008797692102987097m_1449557619132812563gmail-\">\n<p><div class=\"m_-8008797692102987097m_1449557619132812563gmail-_1mf m_-8008797692102987097m_1449557619132812563gmail-_1mj\">Segundo dados do Observat\u00f3rio Digital de Sa\u00fade e Seguran\u00e7a do Trabalho a cada 48 segundos um acidente de trabalho \u00e9 registrado no Brasil. Em An\u00e1polis, o HUANA \u00e9 refer\u00eancia no atendimento de v\u00edtimas de acidente de trabalho. Em 2017, foram realizados 327 atendimentos ocasionados em acidentes de trabalho.<\/div>\n<\/p>\n<\/div>\n","protected":false},"excerpt":{"rendered":"<p>O Hospital Estadual de Urg\u00eancias de An\u00e1polis Dr. Henrique Santillo (HUANA), unidade da SES \u2013 Governo de Goi\u00e1s, realizou na \u00faltima sexta-feira (27), a campanha \u201cAbril Verde\u201d voltada a preven\u00e7\u00e3o aos acidentes de trabalho. Durante o dia, os colaboradores participaram de uma palestra sobre Preven\u00e7\u00e3o de acidentes, com a equipe do Cerest \u2013 Centro de [&hellip;]<\/p>\n","protected":false},"author":46,"featured_media":0,"comment_status":"closed","ping_status":"open","sticky":false,"template":"","format":"standard","meta":{"footnotes":""},"categories":[3],"tags":[],"class_list":["post-1749","post","type-post","status-publish","format-standard","hentry","category-noticias"],"rttpg_featured_image_url":null,"rttpg_author":{"display_name":"cleybetsls","author_link":"https:\/\/goias.gov.br\/saude\/author\/cleybetsls\/"},"rttpg_comment":0,"rttpg_category":"<a href=\"https:\/\/goias.gov.br\/saude\/categoria\/noticias\/\" rel=\"category tag\">Not\u00edcias<\/a>","rttpg_excerpt":"O Hospital Estadual de Urg\u00eancias de An\u00e1polis Dr. Henrique Santillo (HUANA), unidade da SES \u2013 Governo de Goi\u00e1s, realizou na \u00faltima sexta-feira (27), a campanha \u201cAbril Verde\u201d voltada a preven\u00e7\u00e3o aos acidentes de trabalho. Durante o dia, os colaboradores participaram de uma palestra sobre Preven\u00e7\u00e3o de acidentes, com a equipe do Cerest \u2013 Centro de&hellip;","_links":{"self":[{"href":"https:\/\/goias.gov.br\/saude\/wp-json\/wp\/v2\/posts\/1749","targetHints":{"allow":["GET"]}}],"collection":[{"href":"https:\/\/goias.gov.br\/saude\/wp-json\/wp\/v2\/posts"}],"about":[{"href":"https:\/\/goias.gov.br\/saude\/wp-json\/wp\/v2\/types\/post"}],"author":[{"embeddable":true,"href":"https:\/\/goias.gov.br\/saude\/wp-json\/wp\/v2\/users\/46"}],"replies":[{"embeddable":true,"href":"https:\/\/goias.gov.br\/saude\/wp-json\/wp\/v2\/comments?post=1749"}],"version-history":[{"count":0,"href":"https:\/\/goias.gov.br\/saude\/wp-json\/wp\/v2\/posts\/1749\/revisions"}],"wp:attachment":[{"href":"https:\/\/goias.gov.br\/saude\/wp-json\/wp\/v2\/media?parent=1749"}],"wp:term":[{"taxonomy":"category","embeddable":true,"href":"https:\/\/goias.gov.br\/saude\/wp-json\/wp\/v2\/categories?post=1749"},{"taxonomy":"post_tag","embeddable":true,"href":"https:\/\/goias.gov.br\/saude\/wp-json\/wp\/v2\/tags?post=1749"}],"curies":[{"name":"wp","href":"https:\/\/api.w.org\/{rel}","templated":true}]}}