

{"id":1742,"date":"2018-05-07T06:35:05","date_gmt":"2018-05-07T09:35:05","guid":{"rendered":"https:\/\/siteshom.goias.gov.br\/saude\/saude-participa-da-feira-agro-centro-oeste-familiar\/"},"modified":"2018-05-07T06:35:05","modified_gmt":"2018-05-07T09:35:05","slug":"saude-participa-da-feira-agro-centro-oeste-familiar","status":"publish","type":"post","link":"https:\/\/goias.gov.br\/saude\/saude-participa-da-feira-agro-centro-oeste-familiar\/","title":{"rendered":"Sa\u00fade participa da Feira Agro Centro-Oeste Familiar"},"content":{"rendered":"<p>Entre os dias 9 e 11 de maio acontecer\u00e1 na cidade de S\u00e3o Lu\u00eds de Montes Belos a 16\u00aa edi\u00e7\u00e3o da feira Agro Centro-Oeste Familiar, com o tema \u201cAgricultura Familiar: oportunidades e desafios na produ\u00e7\u00e3o de alimentos saud\u00e1veis.\u201d Na programa\u00e7\u00e3o est\u00e3o previstos semin\u00e1rios tem\u00e1ticos e cient\u00edficos, visitas t\u00e9cnicas, dias de campo, cursos e palestras e oficinas, al\u00e9m de apresenta\u00e7\u00f5es culturais e comercializa\u00e7\u00e3o de produtos da agricultura familiar. A exposi\u00e7\u00e3o tem como objetivo promover a agricultura familiar como segmento produtivo, essencial para a gera\u00e7\u00e3o de emprego, renda e produ\u00e7\u00e3o de alimentos seguros para a popula\u00e7\u00e3o.<\/p>\n<p>As atividades acad\u00eamicas e palestras acontecer\u00e3o nas depend\u00eancias da Universidade Estadual de Goi\u00e1s (UEG) Campus S\u00e3o Lu\u00eds de Montes Belos, das 8h \u00e0s 16h. A partir das 16h ocorrer\u00e1 no Parque Belo Vista (Espelho D\u2019\u00c1gua) a feira livre dos produtos oriundos da agricultura familiar.<\/p>\n<p>A Secretaria de Estado de Sa\u00fade de Goi\u00e1s (SES-GO) estar\u00e1 presente contribuindo com os debates sobre produ\u00e7\u00e3o de alimentos seguros e saud\u00e1veis e orienta\u00e7\u00f5es para uma vida saud\u00e1vel. O Stand da Sa\u00fade, que tem a Superintend\u00eancia em Vigil\u00e2ncia em Sa\u00fade (Suvisa) como coordenadora e parceria da Universidade Federal de Goi\u00e1s (UFG), abordar\u00e1 diversos assuntos relacionados \u00e0 preven\u00e7\u00e3o e promo\u00e7\u00e3o da sa\u00fade, com disponibiliza\u00e7\u00e3o de materiais educativos e orienta\u00e7\u00f5es de profissionais da sa\u00fade.<\/p>\n<p>Na edi\u00e7\u00e3o deste ano ser\u00e3o realizadas palestras, servi\u00e7os de verifica\u00e7\u00e3o de press\u00e3o e glicemia, al\u00e9m de orienta\u00e7\u00f5es e informa\u00e7\u00f5es ao cidad\u00e3o. Ser\u00e3o abordados assuntos como sa\u00fade do trabalhador, acidentes com animais pe\u00e7onhentos, plantas t\u00f3xicas, qualidade da \u00e1gua de consumo humano, lixo e doen\u00e7as, intoxica\u00e7\u00f5es por subst\u00e2ncias qu\u00edmicas incluindo agrot\u00f3xicos, informa\u00e7\u00f5es sobre vetores de doen\u00e7as como dengue, tabagismo, hipertens\u00e3o, DST. Tamb\u00e9m ser\u00e3o oferecidos servi\u00e7os de pr\u00e1ticas integrativas complementares (auriculoterapia, reiki, deeksha), profilaxia da dengue (gotas homeop\u00e1ticas), entre outros.<\/p>\n<p>Para mais informa\u00e7\u00f5es e conferir a programa\u00e7\u00e3o geral da feira: https:\/\/www.agrocentro.ueg.br\/<\/p>\n","protected":false},"excerpt":{"rendered":"<p>Entre os dias 9 e 11 de maio acontecer\u00e1 na cidade de S\u00e3o Lu\u00eds de Montes Belos a 16\u00aa edi\u00e7\u00e3o da feira Agro Centro-Oeste Familiar, com o tema \u201cAgricultura Familiar: oportunidades e desafios na produ\u00e7\u00e3o de alimentos saud\u00e1veis.\u201d Na programa\u00e7\u00e3o est\u00e3o previstos semin\u00e1rios tem\u00e1ticos e cient\u00edficos, visitas t\u00e9cnicas, dias de campo, cursos e palestras e [&hellip;]<\/p>\n","protected":false},"author":46,"featured_media":0,"comment_status":"closed","ping_status":"open","sticky":false,"template":"","format":"standard","meta":{"footnotes":""},"categories":[3],"tags":[],"class_list":["post-1742","post","type-post","status-publish","format-standard","hentry","category-noticias"],"rttpg_featured_image_url":null,"rttpg_author":{"display_name":"cleybetsls","author_link":"https:\/\/goias.gov.br\/saude\/author\/cleybetsls\/"},"rttpg_comment":0,"rttpg_category":"<a href=\"https:\/\/goias.gov.br\/saude\/categoria\/noticias\/\" rel=\"category tag\">Not\u00edcias<\/a>","rttpg_excerpt":"Entre os dias 9 e 11 de maio acontecer\u00e1 na cidade de S\u00e3o Lu\u00eds de Montes Belos a 16\u00aa edi\u00e7\u00e3o da feira Agro Centro-Oeste Familiar, com o tema \u201cAgricultura Familiar: oportunidades e desafios na produ\u00e7\u00e3o de alimentos saud\u00e1veis.\u201d Na programa\u00e7\u00e3o est\u00e3o previstos semin\u00e1rios tem\u00e1ticos e cient\u00edficos, visitas t\u00e9cnicas, dias de campo, cursos e palestras e&hellip;","_links":{"self":[{"href":"https:\/\/goias.gov.br\/saude\/wp-json\/wp\/v2\/posts\/1742","targetHints":{"allow":["GET"]}}],"collection":[{"href":"https:\/\/goias.gov.br\/saude\/wp-json\/wp\/v2\/posts"}],"about":[{"href":"https:\/\/goias.gov.br\/saude\/wp-json\/wp\/v2\/types\/post"}],"author":[{"embeddable":true,"href":"https:\/\/goias.gov.br\/saude\/wp-json\/wp\/v2\/users\/46"}],"replies":[{"embeddable":true,"href":"https:\/\/goias.gov.br\/saude\/wp-json\/wp\/v2\/comments?post=1742"}],"version-history":[{"count":0,"href":"https:\/\/goias.gov.br\/saude\/wp-json\/wp\/v2\/posts\/1742\/revisions"}],"wp:attachment":[{"href":"https:\/\/goias.gov.br\/saude\/wp-json\/wp\/v2\/media?parent=1742"}],"wp:term":[{"taxonomy":"category","embeddable":true,"href":"https:\/\/goias.gov.br\/saude\/wp-json\/wp\/v2\/categories?post=1742"},{"taxonomy":"post_tag","embeddable":true,"href":"https:\/\/goias.gov.br\/saude\/wp-json\/wp\/v2\/tags?post=1742"}],"curies":[{"name":"wp","href":"https:\/\/api.w.org\/{rel}","templated":true}]}}