

{"id":1729,"date":"2018-05-09T06:53:34","date_gmt":"2018-05-09T09:53:34","guid":{"rendered":"https:\/\/siteshom.goias.gov.br\/saude\/hugo-realiza-processo-seletivo\/"},"modified":"2018-05-09T06:53:34","modified_gmt":"2018-05-09T09:53:34","slug":"hugo-realiza-processo-seletivo","status":"publish","type":"post","link":"https:\/\/goias.gov.br\/saude\/hugo-realiza-processo-seletivo\/","title":{"rendered":"Hugo\u00a0realiza processo seletivo"},"content":{"rendered":"<p><p align=\"center\"><em>S\u00e3o ofertadas 11 vagas para contrata\u00e7\u00e3o de fisioterapeuta e assistentes de farm\u00e1cia. Inscri\u00e7\u00f5es podem ser feitas at\u00e9 o dia 13 de maio,\u00a0no site do Instituto Gerir<\/em><\/p>\n<\/p>\n<p><p align=\"justify\">O Instituto Gerir, organiza\u00e7\u00e3o social que administra o Hospital de Urg\u00eancias de Goi\u00e2nia (Hugo), promove processo seletivo do dia 4 a 13 de maio para contrata\u00e7\u00e3o de fisioterapeuta e assistentes de farm\u00e1cia. S\u00e3o ofertadas 11 vagas\u00a0e os sal\u00e1rios variam de R$ R$ 1149,52 a R$ 3.179,50.\u00a0As inscri\u00e7\u00f5es s\u00e3o gratuitas e podem ser efetuadas at\u00e9 o pr\u00f3ximo domingo, 13 de maio, no site oficial da OS,\u00a0<a href=\"https:\/\/www.gerir.org.br\/\" target=\"_blank\" rel=\"noopener noreferrer\" data-saferedirecturl=\"https:\/\/www.google.com\/url?hl=pt-BR&amp;q=https:\/\/www.gerir.org.br\/&amp;source=gmail&amp;ust=1525956329568000&amp;usg=AFQjCNFcYHYpIpqOaaHZ4abJou-jQ73kCA\">www.gerir.org.br<\/a>, no link\u00a0<a href=\"https:\/\/gerir.org.br\/inscricao-processo-seletivo-hugo\/\" target=\"_blank\" rel=\"noopener noreferrer\" data-saferedirecturl=\"https:\/\/www.google.com\/url?hl=pt-BR&amp;q=https:\/\/gerir.org.br\/inscricao-processo-seletivo-hugo\/&amp;source=gmail&amp;ust=1525956329568000&amp;usg=AFQjCNHO_7hwVRI-F01A9iw9u0VyV6l0iw\">https:\/\/gerir.org.br\/inscricao-<wbr \/>processo-seletivo-hugo\/<\/a>.\u00a0Al\u00e9m da an\u00e1lise curricular, os candidatos ser\u00e3o submetidos a prova t\u00e9cnica. O resultado final ser\u00e1 divulgado no dia 6 de junho.<\/p>\n<\/p>\n<p><p align=\"justify\"><strong>Servi\u00e7o<\/strong><\/p>\n<\/p>\n<p><p align=\"justify\"><strong>Processo seletivo para contrata\u00e7\u00e3o de\u00a0fisioterapeuta e assistentes de farm\u00e1cia\u00a0para o Hugo<\/strong><\/p>\n<\/p>\n<p><p align=\"justify\"><em><strong>Per\u00edodo de inscri\u00e7\u00e3o:\u00a0<\/strong><\/em><em>de 4 a 13\/05\/2018<\/em><\/p>\n<\/p>\n<p><p align=\"justify\"><em><strong>As Inscri\u00e7\u00f5es s\u00e3o gratuitas e podem ser feitas no site:<\/strong><\/em><a href=\"https:\/\/www.gerir.org.br\/\" target=\"_blank\" rel=\"noopener noreferrer\" data-saferedirecturl=\"https:\/\/www.google.com\/url?hl=pt-BR&amp;q=https:\/\/www.gerir.org.br\/&amp;source=gmail&amp;ust=1525956329569000&amp;usg=AFQjCNEk9bFW81PE8Yp-T1H4_9j9jXAvPA\">www.gerir.org.br<\/a>, no link,\u00a0<a href=\"https:\/\/gerir.org.br\/inscricao-processo-seletivo-hugo\/\" target=\"_blank\" rel=\"noopener noreferrer\" data-saferedirecturl=\"https:\/\/www.google.com\/url?hl=pt-BR&amp;q=https:\/\/gerir.org.br\/inscricao-processo-seletivo-hugo\/&amp;source=gmail&amp;ust=1525956329569000&amp;usg=AFQjCNGCqwKnkAwbi5OWybaprPhV3uqmEw\"><em>https:\/\/gerir.org.br\/inscricao-<wbr \/>processo-seletivo-hugo\/<\/em><\/a><\/p>\n<\/p>\n<p><p align=\"justify\"><em><strong>Mais informa\u00e7\u00f5es:<\/strong><\/em><em>\u00a0no edital publicado no site oficial do Instituto Gerir\u00a0<\/em><a href=\"https:\/\/www.gerir.org.br\/\" target=\"_blank\" rel=\"noopener noreferrer\" data-saferedirecturl=\"https:\/\/www.google.com\/url?hl=pt-BR&amp;q=https:\/\/www.gerir.org.br\/&amp;source=gmail&amp;ust=1525956329569000&amp;usg=AFQjCNEk9bFW81PE8Yp-T1H4_9j9jXAvPA\">www.gerir.org.br<\/a>,<\/p>\n<\/p>\n<p>&nbsp;<\/p>\n","protected":false},"excerpt":{"rendered":"<p>S\u00e3o ofertadas 11 vagas para contrata\u00e7\u00e3o de fisioterapeuta e assistentes de farm\u00e1cia. Inscri\u00e7\u00f5es podem ser feitas at\u00e9 o dia 13 de maio,\u00a0no site do Instituto Gerir O Instituto Gerir, organiza\u00e7\u00e3o social que administra o Hospital de Urg\u00eancias de Goi\u00e2nia (Hugo), promove processo seletivo do dia 4 a 13 de maio para contrata\u00e7\u00e3o de fisioterapeuta e [&hellip;]<\/p>\n","protected":false},"author":46,"featured_media":0,"comment_status":"closed","ping_status":"open","sticky":false,"template":"","format":"standard","meta":{"footnotes":""},"categories":[3],"tags":[],"class_list":["post-1729","post","type-post","status-publish","format-standard","hentry","category-noticias"],"rttpg_featured_image_url":null,"rttpg_author":{"display_name":"cleybetsls","author_link":"https:\/\/goias.gov.br\/saude\/author\/cleybetsls\/"},"rttpg_comment":0,"rttpg_category":"<a href=\"https:\/\/goias.gov.br\/saude\/categoria\/noticias\/\" rel=\"category tag\">Not\u00edcias<\/a>","rttpg_excerpt":"S\u00e3o ofertadas 11 vagas para contrata\u00e7\u00e3o de fisioterapeuta e assistentes de farm\u00e1cia. Inscri\u00e7\u00f5es podem ser feitas at\u00e9 o dia 13 de maio,\u00a0no site do Instituto Gerir O Instituto Gerir, organiza\u00e7\u00e3o social que administra o Hospital de Urg\u00eancias de Goi\u00e2nia (Hugo), promove processo seletivo do dia 4 a 13 de maio para contrata\u00e7\u00e3o de fisioterapeuta e&hellip;","_links":{"self":[{"href":"https:\/\/goias.gov.br\/saude\/wp-json\/wp\/v2\/posts\/1729","targetHints":{"allow":["GET"]}}],"collection":[{"href":"https:\/\/goias.gov.br\/saude\/wp-json\/wp\/v2\/posts"}],"about":[{"href":"https:\/\/goias.gov.br\/saude\/wp-json\/wp\/v2\/types\/post"}],"author":[{"embeddable":true,"href":"https:\/\/goias.gov.br\/saude\/wp-json\/wp\/v2\/users\/46"}],"replies":[{"embeddable":true,"href":"https:\/\/goias.gov.br\/saude\/wp-json\/wp\/v2\/comments?post=1729"}],"version-history":[{"count":0,"href":"https:\/\/goias.gov.br\/saude\/wp-json\/wp\/v2\/posts\/1729\/revisions"}],"wp:attachment":[{"href":"https:\/\/goias.gov.br\/saude\/wp-json\/wp\/v2\/media?parent=1729"}],"wp:term":[{"taxonomy":"category","embeddable":true,"href":"https:\/\/goias.gov.br\/saude\/wp-json\/wp\/v2\/categories?post=1729"},{"taxonomy":"post_tag","embeddable":true,"href":"https:\/\/goias.gov.br\/saude\/wp-json\/wp\/v2\/tags?post=1729"}],"curies":[{"name":"wp","href":"https:\/\/api.w.org\/{rel}","templated":true}]}}