

{"id":1691,"date":"2018-05-16T09:03:46","date_gmt":"2018-05-16T12:03:46","guid":{"rendered":"https:\/\/siteshom.goias.gov.br\/saude\/hemnsl-celebra-dia-das-maes-e-do-assistente-social\/"},"modified":"2018-05-16T09:03:46","modified_gmt":"2018-05-16T12:03:46","slug":"hemnsl-celebra-dia-das-maes-e-do-assistente-social","status":"publish","type":"post","link":"https:\/\/goias.gov.br\/saude\/hemnsl-celebra-dia-das-maes-e-do-assistente-social\/","title":{"rendered":"HEMNSL celebra Dia das M\u00e3es e do Assistente Social"},"content":{"rendered":"<p>O Hospital Estadual e Maternidade Nossa Senhora de Lourdes (HEMNSL) realizou na \u00faltima ter\u00e7a-feira no audit\u00f3rio da unidade, uma celebra\u00e7\u00e3o em comemora\u00e7\u00e3o ao Dia das M\u00e3es lembrado no \u00faltimo domingo (13 de maio) e ao Dia do Assistente Social, comemorado na data. Durante a solenidade, o enfermeiro da Pol\u00edcia Militar (PM) e m\u00fasico Carlos Sebasti\u00e3o dos Santos, 43 anos, prestou uma homenagem aos presentes, entoando diversas can\u00e7\u00f5es ao som de seu teclado. \u201c\u00c9 um momento muito sublime e, al\u00e9m do mais, me identifico muito com este ambiente pela sua fun\u00e7\u00e3o social e assist\u00eancia hospitalar. Desde a primeira vez que pisei aqui, me senti acolhido e percebo um sentimento de simpatia e simplicidade por parte de todos os profissionais do HEMNSL\u201d, declarou Santos.<\/p>\n<p>A diretora operacional do HEMNSL, Ana Maria Carib\u00e9 da S. Mello, bastante emocionada em seu discurso, recitou uma poesia como homenagem as mulheres presentes. \u201cToda mulher \u00e9 m\u00e3e mesmo que nunca tenha gerado um filho. Primeiro \u00e9 m\u00e3e da boneca, mais tarde do irm\u00e3ozinho (a), quando casa vira m\u00e3e do marido e por a\u00ed vai, e no decorrer de sua vida sempre entregar\u00e1 a algu\u00e9m os benef\u00edcios do seu amor. Feliz Dia das M\u00e3es para todas as mulheres aqui presentes e parab\u00e9ns aos assistentes sociais pelo dia de voc\u00eas\u201d, finalizou. Outra que tamb\u00e9m estava bastante emotiva era a coordenadora do Servi\u00e7o Social, Lourdes Maria. \u201cFoi um momento \u00fanico e muito especial que me deixou emocionada porque n\u00f3s, assistentes sociais, somos tamb\u00e9m m\u00e3es dos nossos assistidos, pois a cada atendimento nos colocamos no lugar do outro para fazer o melhor por ele. \u00c9 o mesmo sentimento de m\u00e3e para com o filho. Ent\u00e3o unir essas duas comemora\u00e7\u00f5es foi gratificante e muito emocionante\u201d, concluiu.<\/p>\n<p>Para finalizar os festejos, o coordenador da Capelania Hospitalar, padre Rafael Magul celebrou um culto dedicado \u00e0s m\u00e3es e aos assistentes sociais. \u201cO amor \u00e9 paciente e bondoso, n\u00e3o tem inveja e nem orgulho. N\u00e3o busca o pr\u00f3prio interesse, n\u00e3o guarda rancor e n\u00e3o se alegra com injusti\u00e7a. Tudo desculpa, tudo cr\u00ea e tudo suporta. O amor jamais acabar\u00e1. S\u00e3o com estas palavras do Senhor que desejo a todas as m\u00e3es muita sa\u00fade e felicidades e aos assistentes sociais para continuem a trilhar o caminho do bem e nunca deixem de levar esperan\u00e7a aos seus assistidos\u201d, concluiu o padre.<\/p>\n","protected":false},"excerpt":{"rendered":"<p>O Hospital Estadual e Maternidade Nossa Senhora de Lourdes (HEMNSL) realizou na \u00faltima ter\u00e7a-feira no audit\u00f3rio da unidade, uma celebra\u00e7\u00e3o em comemora\u00e7\u00e3o ao Dia das M\u00e3es lembrado no \u00faltimo domingo (13 de maio) e ao Dia do Assistente Social, comemorado na data. Durante a solenidade, o enfermeiro da Pol\u00edcia Militar (PM) e m\u00fasico Carlos Sebasti\u00e3o [&hellip;]<\/p>\n","protected":false},"author":46,"featured_media":0,"comment_status":"closed","ping_status":"open","sticky":false,"template":"","format":"standard","meta":{"footnotes":""},"categories":[3],"tags":[],"class_list":["post-1691","post","type-post","status-publish","format-standard","hentry","category-noticias"],"rttpg_featured_image_url":null,"rttpg_author":{"display_name":"cleybetsls","author_link":"https:\/\/goias.gov.br\/saude\/author\/cleybetsls\/"},"rttpg_comment":0,"rttpg_category":"<a href=\"https:\/\/goias.gov.br\/saude\/categoria\/noticias\/\" rel=\"category tag\">Not\u00edcias<\/a>","rttpg_excerpt":"O Hospital Estadual e Maternidade Nossa Senhora de Lourdes (HEMNSL) realizou na \u00faltima ter\u00e7a-feira no audit\u00f3rio da unidade, uma celebra\u00e7\u00e3o em comemora\u00e7\u00e3o ao Dia das M\u00e3es lembrado no \u00faltimo domingo (13 de maio) e ao Dia do Assistente Social, comemorado na data. Durante a solenidade, o enfermeiro da Pol\u00edcia Militar (PM) e m\u00fasico Carlos Sebasti\u00e3o&hellip;","_links":{"self":[{"href":"https:\/\/goias.gov.br\/saude\/wp-json\/wp\/v2\/posts\/1691","targetHints":{"allow":["GET"]}}],"collection":[{"href":"https:\/\/goias.gov.br\/saude\/wp-json\/wp\/v2\/posts"}],"about":[{"href":"https:\/\/goias.gov.br\/saude\/wp-json\/wp\/v2\/types\/post"}],"author":[{"embeddable":true,"href":"https:\/\/goias.gov.br\/saude\/wp-json\/wp\/v2\/users\/46"}],"replies":[{"embeddable":true,"href":"https:\/\/goias.gov.br\/saude\/wp-json\/wp\/v2\/comments?post=1691"}],"version-history":[{"count":0,"href":"https:\/\/goias.gov.br\/saude\/wp-json\/wp\/v2\/posts\/1691\/revisions"}],"wp:attachment":[{"href":"https:\/\/goias.gov.br\/saude\/wp-json\/wp\/v2\/media?parent=1691"}],"wp:term":[{"taxonomy":"category","embeddable":true,"href":"https:\/\/goias.gov.br\/saude\/wp-json\/wp\/v2\/categories?post=1691"},{"taxonomy":"post_tag","embeddable":true,"href":"https:\/\/goias.gov.br\/saude\/wp-json\/wp\/v2\/tags?post=1691"}],"curies":[{"name":"wp","href":"https:\/\/api.w.org\/{rel}","templated":true}]}}