

{"id":1688,"date":"2018-05-16T11:01:58","date_gmt":"2018-05-16T14:01:58","guid":{"rendered":"https:\/\/siteshom.goias.gov.br\/saude\/jornada-cientifica-da-ses-2018-sera-em-15-de-junho\/"},"modified":"2018-05-16T11:01:58","modified_gmt":"2018-05-16T14:01:58","slug":"jornada-cientifica-da-ses-2018-sera-em-15-de-junho","status":"publish","type":"post","link":"https:\/\/goias.gov.br\/saude\/jornada-cientifica-da-ses-2018-sera-em-15-de-junho\/","title":{"rendered":"Jornada Cient\u00edfica da SES 2018 ser\u00e1 em 15 de junho"},"content":{"rendered":"<p>A Jornada Cient\u00edfica da Secretaria de Estado da Sa\u00fade de Goi\u00e1s deste ano ter\u00e1 10 trabalhos selecionados para apresenta\u00e7\u00e3o oral no pr\u00f3ximo dia 15 de junho, durante o Encontro Goiano de Sa\u00fade Coletiva &#8211; ABRASQUIM GO, que ser\u00e1 realizado de 14 a 16\/06 na Universidade Federal de Goi\u00e1s \u2013 UFG. Os trabalhos s\u00e3o experi\u00eancias exitosas desenvolvidas por servidores do SUS e que, posteriormente, podem ser usadas como modelo por gestores p\u00fablicos e privados. Haver\u00e1 um compartilhamento de conhecimento profissional e t\u00e9cnico-cient\u00edfico produzido no pr\u00f3prio sistema, nas a\u00e7\u00f5es concretas de aten\u00e7\u00e3o \u00e0 sa\u00fade, vigil\u00e2ncia e gest\u00e3o.<\/p>\n<p>O ABRASQUIM ser\u00e1 uma pr\u00e9via para o 12\u00ba Congresso Brasileiro de Sa\u00fade Coletiva \u2013 (ABRASC\u00c3O), que ser\u00e1 realizado no segundo semestre, no Rio de Janeiro, cujo tema ser\u00e1 \u201cFortalecer o SUS, os direitos e a democracia\u201d. Durante o encontro ser\u00e3o estreitadas as rela\u00e7\u00f5es entre os diferentes cursos de gradua\u00e7\u00e3o e p\u00f3s-gradua\u00e7\u00e3o da \u00e1rea da sa\u00fade e \u00e1reas afins do estado de Goi\u00e1s, al\u00e9m de possibilitar a constru\u00e7\u00e3o de redes entre discentes e docentes, profissionais, gestores, trabalhadores e t\u00e9cnicos da \u00e1rea.<\/p>\n<p>Para o gerente de pesquisa da Superintend\u00eancia de Educa\u00e7\u00e3o em Sa\u00fade e Trabalho para o SUS, Aur\u00e9lio Barbosa, a Jornada Cient\u00edfica da SES-GO tem como proposta principal a discuss\u00e3o das pesquisas no SUS. O que j\u00e1 foi realizado nesta \u00e1rea pode ser usado como base cient\u00edfica para a tomada de decis\u00f5es importantes dentro do sistema. Para ele a sele\u00e7\u00e3o dos trabalhos para a Jornada de Goi\u00e1s \u00e9 uma forma de democratizar o conhecimento cient\u00edfico e, ao mesmo tempo, melhorar os servi\u00e7os prestados \u00e0 popula\u00e7\u00e3o.<\/p>\n<p><a href=\"https:\/\/www.abrasquim.com.br\u200b\">https:\/\/www.abrasquim.com.br\u200b<\/a><\/p>\n","protected":false},"excerpt":{"rendered":"<p>A Jornada Cient\u00edfica da Secretaria de Estado da Sa\u00fade de Goi\u00e1s deste ano ter\u00e1 10 trabalhos selecionados para apresenta\u00e7\u00e3o oral no pr\u00f3ximo dia 15 de junho, durante o Encontro Goiano de Sa\u00fade Coletiva &#8211; ABRASQUIM GO, que ser\u00e1 realizado de 14 a 16\/06 na Universidade Federal de Goi\u00e1s \u2013 UFG. Os trabalhos s\u00e3o experi\u00eancias exitosas [&hellip;]<\/p>\n","protected":false},"author":46,"featured_media":0,"comment_status":"closed","ping_status":"open","sticky":false,"template":"","format":"standard","meta":{"footnotes":""},"categories":[3],"tags":[],"class_list":["post-1688","post","type-post","status-publish","format-standard","hentry","category-noticias"],"rttpg_featured_image_url":null,"rttpg_author":{"display_name":"cleybetsls","author_link":"https:\/\/goias.gov.br\/saude\/author\/cleybetsls\/"},"rttpg_comment":0,"rttpg_category":"<a href=\"https:\/\/goias.gov.br\/saude\/categoria\/noticias\/\" rel=\"category tag\">Not\u00edcias<\/a>","rttpg_excerpt":"A Jornada Cient\u00edfica da Secretaria de Estado da Sa\u00fade de Goi\u00e1s deste ano ter\u00e1 10 trabalhos selecionados para apresenta\u00e7\u00e3o oral no pr\u00f3ximo dia 15 de junho, durante o Encontro Goiano de Sa\u00fade Coletiva &#8211; ABRASQUIM GO, que ser\u00e1 realizado de 14 a 16\/06 na Universidade Federal de Goi\u00e1s \u2013 UFG. Os trabalhos s\u00e3o experi\u00eancias exitosas&hellip;","_links":{"self":[{"href":"https:\/\/goias.gov.br\/saude\/wp-json\/wp\/v2\/posts\/1688","targetHints":{"allow":["GET"]}}],"collection":[{"href":"https:\/\/goias.gov.br\/saude\/wp-json\/wp\/v2\/posts"}],"about":[{"href":"https:\/\/goias.gov.br\/saude\/wp-json\/wp\/v2\/types\/post"}],"author":[{"embeddable":true,"href":"https:\/\/goias.gov.br\/saude\/wp-json\/wp\/v2\/users\/46"}],"replies":[{"embeddable":true,"href":"https:\/\/goias.gov.br\/saude\/wp-json\/wp\/v2\/comments?post=1688"}],"version-history":[{"count":0,"href":"https:\/\/goias.gov.br\/saude\/wp-json\/wp\/v2\/posts\/1688\/revisions"}],"wp:attachment":[{"href":"https:\/\/goias.gov.br\/saude\/wp-json\/wp\/v2\/media?parent=1688"}],"wp:term":[{"taxonomy":"category","embeddable":true,"href":"https:\/\/goias.gov.br\/saude\/wp-json\/wp\/v2\/categories?post=1688"},{"taxonomy":"post_tag","embeddable":true,"href":"https:\/\/goias.gov.br\/saude\/wp-json\/wp\/v2\/tags?post=1688"}],"curies":[{"name":"wp","href":"https:\/\/api.w.org\/{rel}","templated":true}]}}