

{"id":1675,"date":"2018-05-17T14:11:47","date_gmt":"2018-05-17T17:11:47","guid":{"rendered":"https:\/\/siteshom.goias.gov.br\/saude\/goianas-participam-de-congresso-na-colombia\/"},"modified":"2018-05-17T14:11:47","modified_gmt":"2018-05-17T17:11:47","slug":"goianas-participam-de-congresso-na-colombia","status":"publish","type":"post","link":"https:\/\/goias.gov.br\/saude\/goianas-participam-de-congresso-na-colombia\/","title":{"rendered":"Goianas participam de  Congresso na Col\u00f4mbia"},"content":{"rendered":"<p><p style=\"font-weight: 400;\">As t\u00e9cnicas em Sa\u00fade Lauriana Fernandes Michelone (Superintend\u00eancia de Vigil\u00e2ncia em Sa\u00fade &#8211; SUVISA), Magaly Maria de Carvalho (Vigil\u00e2ncia em Sa\u00fade da Secretaria Municipal de Sa\u00fade de Aparecida de Goi\u00e2nia e Giselle Pereira Martins de Souza, tamb\u00e9m da SMS de Aparecida, representam o Estado de Goi\u00e1s na 10\u00aa TEPHINET (Confer\u00eancia Cient\u00edfica Regional das Am\u00e9ricas), que est\u00e1 sendo realizada em Cartagena, Col\u00f4mbia, entre os dias 15 e 18 de maio de 2018.<\/p>\n<\/p>\n<p><p style=\"font-weight: 400;\">Elas participaram do curso EPISUS fundamental. O projeto piloto \u00e9 do Minist\u00e9rio da Sa\u00fade sobre qualifica\u00e7\u00e3o de profissionais de vigil\u00e2ncia para o enfrentamento de emerg\u00eancias em sa\u00fade p\u00fablica e que incluiu quatro estados, dentre eles Goi\u00e1s.<\/p>\n<\/p>\n<p><p style=\"font-weight: 400;\">Em Goi\u00e1s, os munic\u00edpios de Aparecida de Goi\u00e2nia e Rio Verde e as regionais de sa\u00fade Centro-Sul e Sudoeste I participam do projeto piloto. Os trabalhos apresentados s\u00e3o: 1- Perfil da Mortalidade Materna no Estado de Goi\u00e1s &#8211; Brasil: Indicador de Qualidade da Assist\u00eancia; 2- Tuberculose no Sistema Prisional do Brasil, 2009 a 2016: Uma Emerg\u00eancia em Sa\u00fade P\u00fablica e 3- Perfis dos Homic\u00eddios por Arma de Fogo no Munic\u00edpio de Aparecida de Goi\u00e2nia &#8211; GO, 2005 &#8211; 2016.<\/p>\n<\/p>\n<p><p style=\"font-weight: 400;\">Os trabalhos de Goi\u00e1s, juntamente com outros cinco de outros estados comp\u00f5em a equipe brasileira de representantes do EPISUS fundamental.<\/p>\n<\/p>\n<p><p style=\"font-weight: 400;\">A SES, por meio\u00a0\u00a0da SUVISA tem como proposta avan\u00e7ar no processo de qualifica\u00e7\u00e3o de profissionais do n\u00edvel central, regional e principalmente municipal para o enfrentamento de surtos, epidemias e outras emerg\u00eancia em Sa\u00fade P\u00fablica, ampliando as qualifica\u00e7\u00f5es do EPISUS fundamental.<\/p>\n<\/p>\n<p><p style=\"font-weight: 400;\">Essa estrat\u00e9gia faz parte de um projeto maior, o CIEVS em a\u00e7\u00e3o, sob responsabilidade da SUVISA e que tem como objetivo a amplia\u00e7\u00e3o da capacidade de resposta do Estado e munic\u00edpios frente \u00e0s emerg\u00eancias em Sa\u00fade P\u00fablica.<\/p><\/p>\n","protected":false},"excerpt":{"rendered":"<p>As t\u00e9cnicas em Sa\u00fade Lauriana Fernandes Michelone (Superintend\u00eancia de Vigil\u00e2ncia em Sa\u00fade &#8211; SUVISA), Magaly Maria de Carvalho (Vigil\u00e2ncia em Sa\u00fade da Secretaria Municipal de Sa\u00fade de Aparecida de Goi\u00e2nia e Giselle Pereira Martins de Souza, tamb\u00e9m da SMS de Aparecida, representam o Estado de Goi\u00e1s na 10\u00aa TEPHINET (Confer\u00eancia Cient\u00edfica Regional das Am\u00e9ricas), que [&hellip;]<\/p>\n","protected":false},"author":46,"featured_media":0,"comment_status":"closed","ping_status":"open","sticky":false,"template":"","format":"standard","meta":{"footnotes":""},"categories":[3],"tags":[],"class_list":["post-1675","post","type-post","status-publish","format-standard","hentry","category-noticias"],"rttpg_featured_image_url":null,"rttpg_author":{"display_name":"cleybetsls","author_link":"https:\/\/goias.gov.br\/saude\/author\/cleybetsls\/"},"rttpg_comment":0,"rttpg_category":"<a href=\"https:\/\/goias.gov.br\/saude\/categoria\/noticias\/\" rel=\"category tag\">Not\u00edcias<\/a>","rttpg_excerpt":"As t\u00e9cnicas em Sa\u00fade Lauriana Fernandes Michelone (Superintend\u00eancia de Vigil\u00e2ncia em Sa\u00fade &#8211; SUVISA), Magaly Maria de Carvalho (Vigil\u00e2ncia em Sa\u00fade da Secretaria Municipal de Sa\u00fade de Aparecida de Goi\u00e2nia e Giselle Pereira Martins de Souza, tamb\u00e9m da SMS de Aparecida, representam o Estado de Goi\u00e1s na 10\u00aa TEPHINET (Confer\u00eancia Cient\u00edfica Regional das Am\u00e9ricas), que&hellip;","_links":{"self":[{"href":"https:\/\/goias.gov.br\/saude\/wp-json\/wp\/v2\/posts\/1675","targetHints":{"allow":["GET"]}}],"collection":[{"href":"https:\/\/goias.gov.br\/saude\/wp-json\/wp\/v2\/posts"}],"about":[{"href":"https:\/\/goias.gov.br\/saude\/wp-json\/wp\/v2\/types\/post"}],"author":[{"embeddable":true,"href":"https:\/\/goias.gov.br\/saude\/wp-json\/wp\/v2\/users\/46"}],"replies":[{"embeddable":true,"href":"https:\/\/goias.gov.br\/saude\/wp-json\/wp\/v2\/comments?post=1675"}],"version-history":[{"count":0,"href":"https:\/\/goias.gov.br\/saude\/wp-json\/wp\/v2\/posts\/1675\/revisions"}],"wp:attachment":[{"href":"https:\/\/goias.gov.br\/saude\/wp-json\/wp\/v2\/media?parent=1675"}],"wp:term":[{"taxonomy":"category","embeddable":true,"href":"https:\/\/goias.gov.br\/saude\/wp-json\/wp\/v2\/categories?post=1675"},{"taxonomy":"post_tag","embeddable":true,"href":"https:\/\/goias.gov.br\/saude\/wp-json\/wp\/v2\/tags?post=1675"}],"curies":[{"name":"wp","href":"https:\/\/api.w.org\/{rel}","templated":true}]}}