

{"id":1663,"date":"2018-05-22T11:02:55","date_gmt":"2018-05-22T14:02:55","guid":{"rendered":"https:\/\/siteshom.goias.gov.br\/saude\/hdt-da-inicio-ao-programa-terceiro-turno-com-77-atendimentos\/"},"modified":"2018-05-22T11:02:55","modified_gmt":"2018-05-22T14:02:55","slug":"hdt-da-inicio-ao-programa-terceiro-turno-com-77-atendimentos","status":"publish","type":"post","link":"https:\/\/goias.gov.br\/saude\/hdt-da-inicio-ao-programa-terceiro-turno-com-77-atendimentos\/","title":{"rendered":"HDT d\u00e1 in\u00edcio ao Programa Terceiro Turno com 77 atendimentos"},"content":{"rendered":"<p>O Hospital Estadual de Doen\u00e7as Tropicais Dr. Anuar Auad (HDT), da Secretaria de Estado da Sa\u00fade de Goi\u00e1s, gerida pelo Instituto S\u00f3grates Guanaes ISG desde junho de 2012, deu in\u00edcio na noite de segunda-feira, 21 de maio, ao programa Terceiro Turno da Sa\u00fade.<br \/>\n<!--more--><\/p>\n<p><p style=\"font-weight: 400;\">O Hospital Estadual de Doen\u00e7as Tropicais Dr. Anuar Auad (HDT), da Secretaria de Estado da Sa\u00fade de Goi\u00e1s, gerida pelo Instituto S\u00f3grates Guanaes ISG desde junho de 2012, deu in\u00edcio na noite de segunda-feira, 21 de maio, ao programa Terceiro Turno da Sa\u00fade. A ades\u00e3o do hospital tem por objetivo contribuir com a redu\u00e7\u00e3o da fila de espera por consultas especializadas de dermatologia e infectologia e realiza\u00e7\u00e3o de exames laboratoriais. At\u00e9 dezembro deste ano, a unidade espera que sejam realizadas aproximadamente 7,5 mil consultas no Terceiro Turno da Sa\u00fade.<\/p>\n<\/p>\n<p><p style=\"font-weight: 400;\">No primeiro dia de atendimento foram realizadas 37 consultas, 35 exames laboratoriais, 3 procedimentos dermatol\u00f3gicos e 2 exames de Elastografia hep\u00e1tica transit\u00f3ria (EHT), com o aparelho Fibroscan. O programa prestar\u00e1 assist\u00eancia de segunda-feira\u00a0 a sexta-feira, das 19 horas \u00e0s 23 horas. Os exames de imagem, feitos pela Funda\u00e7\u00e3o Instituto de Pesquisa e Estudo de Diagn\u00f3stico por Imagem (FIDI), continuam com funcionamento 24h.<\/p>\n<\/p>\n<p><p style=\"font-weight: 400;\">O torneiro mec\u00e2nico Fl\u00e1vio Nunes, de 52 anos, tem seu quadro de hepatite acompanhado pela equipe multiprofissional do HDT desde 2003 e foi um dos pacientes que foi chamado para realizar um exame de elastografia hep\u00e1tica.\u00a0\u00a0\u201cAjuda muito ter a possibilidade de fazer o tratamento \u00e0 noite. N\u00e3o atrapalha no servi\u00e7o, o tr\u00e2nsito \u00e9 melhor e at\u00e9 mais f\u00e1cil para estacionar\u201d, relatou. J\u00e1 a recepcionista Eliane Medeiros, de 45 anos, veio se consultar com um dermatologista pela primeira vez. \u201cSei que o hospital \u00e9 refer\u00eancia no tratamento de dermatologia.\u201d O auxiliar de pedreiro Reginaldo Evangelista, de 41 anos, estava sem tempo de levar a filha de 13 anos para consulta dermatol\u00f3gica, mas ontem conseguiu. \u201dComo a gente trabalha o dia inteiro, tinha que faltar no servi\u00e7o para ir consultar e levar meus filhos, com esse hor\u00e1rio facilitou. Trouxe minha filha aqui porque fiquei sabendo que tem excelentes m\u00e9dicos\u201d, ressaltou.<\/p>\n<\/p>\n<p><p style=\"font-weight: 400;\"><strong>Terceiro\u00a0<\/strong><strong>Turno da Sa\u00fade &#8211;\u00a0<\/strong>Programa priorit\u00e1rio do governo estadual na \u00e1rea da Sa\u00fade, foi lan\u00e7ado pelo governador Jos\u00e9 Eliton em 23 de abril para dar fim \u00e0s filas de espera por exames, consultas e cirurgias especializados. Uma atribui\u00e7\u00e3o dos munic\u00edpios que fazem a gest\u00e3o de acesso dos pacientes, que o Estado decidiu solucionar, ofertando um turno extra de atendimento ambulatorial e cir\u00fargico<\/p>\n<\/p>\n<p><p style=\"font-weight: 400;\"><strong>Sobre o HDT<\/strong>\u00a0&#8211;\u00a0O hospital presta atendimento eletivo e de emerg\u00eancia de m\u00e9dia e alta complexidade devidamente referenciado pelos Complexos Reguladores Estadual\/Municipal em infectologia e dermatologia sanit\u00e1ria. \u00c9 refer\u00eancia na assist\u00eancia a HIV\/Aids, tuberculose, meningite, hepatite, t\u00e9tano, acidentes of\u00eddicos e r\u00e1bicos, hansen\u00edase, p\u00eanfigo e vitiligo, entre outros.<\/p><\/p>\n","protected":false},"excerpt":{"rendered":"<p>O Hospital Estadual de Doen\u00e7as Tropicais Dr. Anuar Auad (HDT), da Secretaria de Estado da Sa\u00fade de Goi\u00e1s, gerida pelo Instituto S\u00f3grates Guanaes ISG desde junho de 2012, deu in\u00edcio na noite de segunda-feira, 21 de maio, ao programa Terceiro Turno da Sa\u00fade.<\/p>\n","protected":false},"author":46,"featured_media":0,"comment_status":"closed","ping_status":"open","sticky":false,"template":"","format":"standard","meta":{"footnotes":""},"categories":[3],"tags":[],"class_list":["post-1663","post","type-post","status-publish","format-standard","hentry","category-noticias"],"rttpg_featured_image_url":null,"rttpg_author":{"display_name":"cleybetsls","author_link":"https:\/\/goias.gov.br\/saude\/author\/cleybetsls\/"},"rttpg_comment":0,"rttpg_category":"<a href=\"https:\/\/goias.gov.br\/saude\/categoria\/noticias\/\" rel=\"category tag\">Not\u00edcias<\/a>","rttpg_excerpt":"O Hospital Estadual de Doen\u00e7as Tropicais Dr. Anuar Auad (HDT), da Secretaria de Estado da Sa\u00fade de Goi\u00e1s, gerida pelo Instituto S\u00f3grates Guanaes ISG desde junho de 2012, deu in\u00edcio na noite de segunda-feira, 21 de maio, ao programa Terceiro Turno da Sa\u00fade.","_links":{"self":[{"href":"https:\/\/goias.gov.br\/saude\/wp-json\/wp\/v2\/posts\/1663","targetHints":{"allow":["GET"]}}],"collection":[{"href":"https:\/\/goias.gov.br\/saude\/wp-json\/wp\/v2\/posts"}],"about":[{"href":"https:\/\/goias.gov.br\/saude\/wp-json\/wp\/v2\/types\/post"}],"author":[{"embeddable":true,"href":"https:\/\/goias.gov.br\/saude\/wp-json\/wp\/v2\/users\/46"}],"replies":[{"embeddable":true,"href":"https:\/\/goias.gov.br\/saude\/wp-json\/wp\/v2\/comments?post=1663"}],"version-history":[{"count":0,"href":"https:\/\/goias.gov.br\/saude\/wp-json\/wp\/v2\/posts\/1663\/revisions"}],"wp:attachment":[{"href":"https:\/\/goias.gov.br\/saude\/wp-json\/wp\/v2\/media?parent=1663"}],"wp:term":[{"taxonomy":"category","embeddable":true,"href":"https:\/\/goias.gov.br\/saude\/wp-json\/wp\/v2\/categories?post=1663"},{"taxonomy":"post_tag","embeddable":true,"href":"https:\/\/goias.gov.br\/saude\/wp-json\/wp\/v2\/tags?post=1663"}],"curies":[{"name":"wp","href":"https:\/\/api.w.org\/{rel}","templated":true}]}}