

{"id":16019,"date":"2019-11-22T13:35:25","date_gmt":"2019-11-22T16:35:25","guid":{"rendered":"https:\/\/siteshom.goias.gov.br\/saude\/tuberculose\/"},"modified":"2026-03-05T08:58:54","modified_gmt":"2026-03-05T11:58:54","slug":"tuberculose","status":"publish","type":"post","link":"https:\/\/goias.gov.br\/saude\/tuberculose\/","title":{"rendered":"Tuberculose"},"content":{"rendered":"<div class=\"wp-block-image\">\n<figure class=\"aligncenter\"><img fetchpriority=\"high\" decoding=\"async\" width=\"600\" height=\"300\" src=\"https:\/\/goias.gov.br\/saude\/wp-content\/uploads\/sites\/34\/2024\/03\/banner-tb.gif\" alt=\"\" class=\"wp-image-45095\"\/><\/figure>\n<\/div>\n\n\n<p><strong>Descri\u00e7\u00e3o:<\/strong> \u00c9 uma doen\u00e7a infectocontagiosa causada por uma bact\u00e9ria denominada Mycobacterium tuberculosis ou bacilo de Koch. \u00c9 uma das doen\u00e7as infectocontagiosas que mais causa mortes no Brasil, principalmente entre as pessoas que vivem com HIV. Atinge principalmente os pulm\u00f5es (forma pulmonar), por\u00e9m outros \u00f3rg\u00e3os podem ser afetados, como: rins, ossos, olhos, entre outros, sendo estas denominadas como tuberculose extrapulmonar. Estima-se que 1\/4 da popula\u00e7\u00e3o mundial esteja infectada pelo bacilo causador da tuberculose, embora nem todos venham a desenvolver a doen\u00e7a. A tuberculose \u00e9 determinada pela OMS como agravo de alto impacto em sa\u00fade p\u00fablica.<\/p>\n\n\n\n<p><strong>Transmiss\u00e3o:<\/strong> \u00c9 direta, ocorre de uma pessoa sem tratamento para outra sadia via got\u00edculas de saliva eliminadas pela respira\u00e7\u00e3o (as got\u00edculas mais leves podem permanecer em suspens\u00e3o por diversas horas), por espirros e pela tosse contendo o agente infeccioso, sendo maior o risco de transmiss\u00e3o durante contatos prolongados em ambientes fechados e com pouca ventila\u00e7\u00e3o. As formas extrapulmonares n\u00e3o s\u00e3o transmiss\u00edveis. Os contatos de tuberculose da forma pulmonar devem, obrigatoriamente, ser examinados por uma equipe de sa\u00fade.<\/p>\n\n\n\n<p><strong>Preven\u00e7\u00e3o:<\/strong> A vacina BCG \u00e9 utilizada na preven\u00e7\u00e3o das formas graves da tuberculose e deve ser administrada, prioritariamente, em crian\u00e7as de 0 a 4 anos, com obrigatoriedade para menores de 1 ano de idade. Outras medidas de preven\u00e7\u00e3o incluem o diagn\u00f3stico precoce, oferta do tratamento preventivo da tuberculose (TPT), e a busca ativa dos contatos que promovem a preven\u00e7\u00e3o e a quebra da cadeia de transmiss\u00e3o da doen\u00e7a.<\/p>\n\n\n\n<p><strong>Sintomas:<\/strong> Tosse por tr\u00eas semanas ou mais, com ou sem catarro, febre, sudorese noturna, cansa\u00e7o, dor no peito, falta de apetite e emagrecimento s\u00e3o os principais sintomas da tuberculose. Nos casos mais graves, pode aparecer catarro com presen\u00e7a de sangue.<\/p>\n\n\n\n<p><strong>Diagn\u00f3stico:<\/strong> O diagn\u00f3stico \u00e9 simples, realizado por meio de m\u00e9todos laboratoriais como o exame de escarro (Baciloscopia de Escarro, Teste R\u00e1pido Molecular para Tuberculose e Cultura do Escarro), achados de imagem como a realiza\u00e7\u00e3o de RX, tomografia e outros, e uma criteriosa avalia\u00e7\u00e3o cl\u00ednica. Todos esses exames devem preferencialmente ser ofertados na aten\u00e7\u00e3o b\u00e1sica de sa\u00fade dos munic\u00edpios.<\/p>\n\n\n\n<p>O Minist\u00e9rio da Sa\u00fade tamb\u00e9m disponibiliza o teste r\u00e1pido LF-LAM (fluxo lateral para detec\u00e7\u00e3o de lipoarabinomanano), para auxiliar no diagn\u00f3stico da Tuberculose na urina de pacientes que vivem com HIV, atendendo \u00e0s recomenda\u00e7\u00f5es da <strong><a href=\"https:\/\/goias.gov.br\/saude\/wp-content\/uploads\/sites\/34\/biblioteca-a-z\/tuberculose\/nota-informativa-LF-LAM.pdf\" target=\"_blank\" rel=\"noreferrer noopener\">nota informativa<\/a><\/strong>. O mesmo est\u00e1 dispon\u00edvel em todos os servi\u00e7os especializados no atendimento a essa popula\u00e7\u00e3o. &nbsp;<\/p>\n\n\n\n<p>No momento do diagn\u00f3stico da tuberculose, tamb\u00e9m deve ser ofertado o teste r\u00e1pido para o HIV.<\/p>\n\n\n\n<p><strong>Tratamento:<\/strong> O tratamento \u00e9 100% gratuito, oferecido pelo SUS preferencialmente na Unidade B\u00e1sica de Sa\u00fade e dura no m\u00ednimo 6 meses, desde que realizado corretamente. Sua efic\u00e1cia garante 100% de cura. Deve ser supervisionado por um profissional de sa\u00fade, garantindo que o paciente n\u00e3o abandone o tratamento. Ap\u00f3s 15 dias de in\u00edcio do tratamento, o paciente pode voltar \u00e0 sua rotina de vida normal, pois n\u00e3o transmite mais a doen\u00e7a.<\/p>\n\n\n\n<p>Todo caso de tuberculose deve obrigatoriamente ser notificado ao servi\u00e7o de epidemiologia dos munic\u00edpios por meio de ficha espec\u00edfica de notifica\u00e7\u00e3o.<\/p>\n\n\n\n<h3 class=\"wp-block-heading\">Publica\u00e7\u00f5es<\/h3>\n\n\n\n<ul class=\"wp-block-list\">\n<li><div class=\"x_elementToProof\"><a href=\"https:\/\/goias.gov.br\/saude\/wp-content\/uploads\/sites\/34\/biblioteca-a-z\/tuberculose\/T%C3%A9cnicas%20de%20aplica%C3%A7%C3%A3o%20e%20leitura%20da%20prova%20tubercul%C3%ADnica.pdf\" target=\"_blank\" rel=\"noopener\">Manual de t\u00e9cnicas de aplica\u00e7\u00e3o e leitura da Prova Tubercul\u00ednica 2014<\/a><\/div><\/li>\n\n\n\n<li><a href=\"https:\/\/goias.gov.br\/saude\/wp-content\/uploads\/sites\/34\/biblioteca-a-z\/tuberculose\/LIVRO%20DE%20REGISTRO%20DE%20PESSOAS%20COM%20TUBERCULOSE%20E%20ACOMPANHAMENTO%20DO%20TRATAMENTO.pdf\" target=\"_blank\" rel=\"noopener\">Livro de registro de pessoas com tuberculose e acompanhamento do tratamento.pdf<\/a><\/li>\n\n\n\n<li><a href=\"https:\/\/goias.gov.br\/saude\/wp-content\/uploads\/sites\/34\/biblioteca-a-z\/tuberculose\/LIVRO%20DE%20REGISTRO%20DE%20SINTOMATICO%20RESPIRATORIO%20NO%20SERVI%C3%87O%20DE%20SA%C3%9ADE.pdf\" target=\"_blank\" rel=\"noopener\">Livro de registro sintom\u00e1tico respirat\u00f3rio no servi\u00e7o de sa\u00fade.pdf<\/a><\/li>\n\n\n\n<li><a href=\"https:\/\/goias.gov.br\/saude\/wp-content\/uploads\/sites\/34\/biblioteca-a-z\/tuberculose\/guia-estadual-de-informacoes-da-tuberculose-para-agentes-comunitarios-de-saude.pdf\" target=\"_blank\" rel=\"noopener\">Guia estadual de informa\u00e7\u00f5es de tuberculose para agentes comunit\u00e1rios de sa\u00fade<\/a><\/li>\n\n\n\n<li><a href=\"https:\/\/goias.gov.br\/saude\/wp-content\/uploads\/sites\/34\/biblioteca-a-z\/tuberculose\/cartilha-orientacoes-coleta-escarro.pdf\" target=\"_blank\" rel=\"noopener\">Cartilha orienta\u00e7\u00f5es para a coleta do escarro<\/a><\/li>\n\n\n\n<li><a href=\"https:\/\/goias.gov.br\/saude\/wp-content\/uploads\/sites\/34\/2024\/03\/Situacao-Tuberculose-Goias-atual-marco-2024.pdf\" target=\"_blank\" rel=\"noopener\">Situa\u00e7\u00e3o Epidemiol\u00f3gica e Operacional da Tuberculose no Estado de Goi\u00e1s &#8211; mar\u00e7o 2024.pdf<\/a><\/li>\n\n\n\n<li><a href=\"https:\/\/goiasgovbr-my.sharepoint.com\/personal\/emilio_miranda_goias_gov_br\/_layouts\/15\/onedrive.aspx?id=%2Fpersonal%2Femilio%5Fmiranda%5Fgoias%5Fgov%5Fbr%2FDocuments%2FAnexos%2FCADERNO%20DE%20AN%C3%81LISE%20DE%20INDICADOES%20DE%20TUBERCULOSE%20MINIST%C3%89RIO%20DA%20SA%C3%9ADE%202024%2Epdf&amp;parent=%2Fpersonal%2Femilio%5Fmiranda%5Fgoias%5Fgov%5Fbr%2FDocuments%2FAnexos&amp;ga=1\" target=\"_blank\" rel=\"noreferrer noopener\">Caderno de an\u00e1lise de indicadores de tuberculose minist\u00e9rio da sa\u00fade 2024.pdf<\/a><\/li>\n\n\n\n<li><a href=\"https:\/\/goiasgovbr-my.sharepoint.com\/personal\/emilio_miranda_goias_gov_br\/_layouts\/15\/onedrive.aspx?id=%2Fpersonal%2Femilio%5Fmiranda%5Fgoias%5Fgov%5Fbr%2FDocuments%2FAnexos%2FGUIA%20DE%20ORIENTA%C3%87%C3%95ES%20DO%20DIAGNOSTICO%20DA%20TUBERCULOSE%20EM%20PROFISSIONAIS%20DE%20SAUDE%202021%2Epdf&amp;parent=%2Fpersonal%2Femilio%5Fmiranda%5Fgoias%5Fgov%5Fbr%2FDocuments%2FAnexos&amp;ga=1\" target=\"_blank\" rel=\"noreferrer noopener\">Guia de orienta\u00e7\u00f5es do diagn\u00f3stico da tuberculose em profissionais de saude 2021.pdf<\/a><\/li>\n\n\n\n<li><a href=\"https:\/\/goiasgovbr-my.sharepoint.com\/personal\/emilio_miranda_goias_gov_br\/_layouts\/15\/onedrive.aspx?id=%2Fpersonal%2Femilio%5Fmiranda%5Fgoias%5Fgov%5Fbr%2FDocuments%2FAnexos%2FGUIA%20ORIENTADOR%20PROTE%C3%87%C3%83O%20SOCIAL%20E%20TUBERCULOSE%2Epdf&amp;parent=%2Fpersonal%2Femilio%5Fmiranda%5Fgoias%5Fgov%5Fbr%2FDocuments%2FAnexos&amp;ga=1\" target=\"_blank\" rel=\"noreferrer noopener\">Guia orientador prote\u00e7\u00e3o social e tuberculose.pdf<\/a><\/li>\n\n\n\n<li><a href=\"https:\/\/goiasgovbr-my.sharepoint.com\/personal\/emilio_miranda_goias_gov_br\/_layouts\/15\/onedrive.aspx?id=%2Fpersonal%2Femilio%5Fmiranda%5Fgoias%5Fgov%5Fbr%2FDocuments%2FAnexos%2FGUIA%20RAPIDO%20DE%20TUBERCULOSE%20PARA%20PROFISSIONAIS%20DE%20SA%C3%9ADE%2Epdf&amp;parent=%2Fpersonal%2Femilio%5Fmiranda%5Fgoias%5Fgov%5Fbr%2FDocuments%2FAnexos&amp;ga=1\" target=\"_blank\" rel=\"noreferrer noopener\">Guia r\u00e1pido de tuberculose para profissionais de sa\u00fade.pdf<\/a><\/li>\n\n\n\n<li><a href=\"https:\/\/goiasgovbr-my.sharepoint.com\/personal\/emilio_miranda_goias_gov_br\/_layouts\/15\/onedrive.aspx?id=%2Fpersonal%2Femilio%5Fmiranda%5Fgoias%5Fgov%5Fbr%2FDocuments%2FAnexos%2FMANUAL%20CONTROLE%20DE%20INFEC%C3%87%C3%83O%20POR%20MYCOBACTERIUM%20TUBERCULOSIS%20EM%20AMBIENTES%20DE%20SA%C3%9ADE%20MINIST%C3%89RIO%20DA%20SA%C3%9ADE%202023%2Epdf&amp;parent=%2Fpersonal%2Femilio%5Fmiranda%5Fgoias%5Fgov%5Fbr%2FDocuments%2FAnexos&amp;ga=1\" target=\"_blank\" rel=\"noreferrer noopener\">Manual controle de infec\u00e7\u00e3o por mycobacterium tuberculosis em ambientes de sa\u00fade minist\u00e9rio da sa\u00fade 2023.pdf<\/a><\/li>\n\n\n\n<li><a href=\"https:\/\/goiasgovbr-my.sharepoint.com\/personal\/emilio_miranda_goias_gov_br\/_layouts\/15\/onedrive.aspx?id=%2Fpersonal%2Femilio%5Fmiranda%5Fgoias%5Fgov%5Fbr%2FDocuments%2FAnexos%2FMANUAL%20DE%20ATLAS%20DE%20IMAGENS%20DIAGN%C3%93STICO%20DA%20TUBERCULOSE%202022%2Epdf&amp;parent=%2Fpersonal%2Femilio%5Fmiranda%5Fgoias%5Fgov%5Fbr%2FDocuments%2FAnexos&amp;ga=1\" target=\"_blank\" rel=\"noreferrer noopener\">Manual de atlas de imagens diagn\u00f3stico da tuberculose 2022.pdf<\/a><\/li>\n\n\n\n<li><a href=\"https:\/\/goiasgovbr-my.sharepoint.com\/personal\/emilio_miranda_goias_gov_br\/_layouts\/15\/onedrive.aspx?id=%2Fpersonal%2Femilio%5Fmiranda%5Fgoias%5Fgov%5Fbr%2FDocuments%2FAnexos%2FMANUAL%20DE%20ORIENTA%C3%87%C3%95ES%20CL%C3%8DNICAS%20E%20VIGIL%C3%82NCIA%20PARA%20TUBERCULOSE%20ZOON%C3%93TICA%20MINIST%C3%89RIO%20DA%20SA%C3%9ADE%202023%2Epdf&amp;parent=%2Fpersonal%2Femilio%5Fmiranda%5Fgoias%5Fgov%5Fbr%2FDocuments%2FAnexos&amp;ga=1\" target=\"_blank\" rel=\"noreferrer noopener\">Manual de orienta\u00e7\u00f5es cl\u00ednicas e vigil\u00e2ncia para tuberculose zoon\u00f3tica minist\u00e9rio da sa\u00fade 2023.pdf<\/a><\/li>\n\n\n\n<li><a href=\"https:\/\/goiasgovbr-my.sharepoint.com\/personal\/emilio_miranda_goias_gov_br\/_layouts\/15\/onedrive.aspx?id=%2Fpersonal%2Femilio%5Fmiranda%5Fgoias%5Fgov%5Fbr%2FDocuments%2FAnexos%2FMANUAL%20DE%20RECOMENDA%C3%87%C3%95ES%20PARA%20O%20DIAGNOSTICO%20LABORATORIAL%20DE%20TUBERCULOSE%202022%201%2Epdf&amp;parent=%2Fpersonal%2Femilio%5Fmiranda%5Fgoias%5Fgov%5Fbr%2FDocuments%2FAnexos&amp;ga=1\" target=\"_blank\" rel=\"noreferrer noopener\">Manual de recomenda\u00e7\u00f5es para o diagn\u00f3stico laboratorial de tuberculose 2022.pdf<\/a><\/li>\n\n\n\n<li><a href=\"https:\/\/goiasgovbr-my.sharepoint.com\/personal\/emilio_miranda_goias_gov_br\/_layouts\/15\/onedrive.aspx?id=%2Fpersonal%2Femilio%5Fmiranda%5Fgoias%5Fgov%5Fbr%2FDocuments%2FAnexos%2FPLANO%20ESTADUAL%20PELO%20FIM%20DA%20TUBERCULOSE%20EM%20GOIAS%202022%2Epdf&amp;parent=%2Fpersonal%2Femilio%5Fmiranda%5Fgoias%5Fgov%5Fbr%2FDocuments%2FAnexos&amp;ga=1\" target=\"_blank\" rel=\"noreferrer noopener\">Plano estadual pelo fim da tuberculose em Goi\u00e1s 2022.pdf<\/a><\/li>\n\n\n\n<li><a href=\"https:\/\/goiasgovbr-my.sharepoint.com\/personal\/emilio_miranda_goias_gov_br\/_layouts\/15\/onedrive.aspx?id=%2Fpersonal%2Femilio%5Fmiranda%5Fgoias%5Fgov%5Fbr%2FDocuments%2FAnexos%2FPLANO%20NACIONAL%20PELO%20FIM%20DA%20TUBERCULOSE%20COMO%20PROBLEMA%20DE%20SA%C3%9ADE%20P%C3%9ABLICA%202021%20A%202025%2Epdf&amp;parent=%2Fpersonal%2Femilio%5Fmiranda%5Fgoias%5Fgov%5Fbr%2FDocuments%2FAnexos&amp;ga=1\" target=\"_blank\" rel=\"noreferrer noopener\">Plano nacional pelo fim da tuberculose como problema de sa\u00fade p\u00fablica 2021 a 2025.pdf<\/a><\/li>\n\n\n\n<li><a href=\"https:\/\/goiasgovbr-my.sharepoint.com\/personal\/emilio_miranda_goias_gov_br\/_layouts\/15\/onedrive.aspx?id=%2Fpersonal%2Femilio%5Fmiranda%5Fgoias%5Fgov%5Fbr%2FDocuments%2FAnexos%2FPROTOCOLO%20DE%20ENFERMAGEM%20COREN%202022%2Epdf&amp;parent=%2Fpersonal%2Femilio%5Fmiranda%5Fgoias%5Fgov%5Fbr%2FDocuments%2FAnexos&amp;ga=1\" target=\"_blank\" rel=\"noreferrer noopener\">Protocolo de enfermagem Coren 2022.pdf<\/a><\/li>\n\n\n\n<li><a href=\"https:\/\/goiasgovbr-my.sharepoint.com\/personal\/emilio_miranda_goias_gov_br\/_layouts\/15\/onedrive.aspx?id=%2Fpersonal%2Femilio%5Fmiranda%5Fgoias%5Fgov%5Fbr%2FDocuments%2FAnexos%2FPROTOCOLO%20DE%20TUBERCULOSE%20NA%20ENFERMAGEM%20MINIST%C3%89RIO%20DA%20SA%C3%9ADE%202022%201%2Epdf&amp;parent=%2Fpersonal%2Femilio%5Fmiranda%5Fgoias%5Fgov%5Fbr%2FDocuments%2FAnexos&amp;ga=1\" target=\"_blank\" rel=\"noreferrer noopener\">Protocolo de tuberculose na enfermagem minist\u00e9rio da sa\u00fade 2022.pdf<\/a><\/li>\n\n\n\n<li><a href=\"https:\/\/goiasgovbr-my.sharepoint.com\/personal\/emilio_miranda_goias_gov_br\/_layouts\/15\/onedrive.aspx?id=%2Fpersonal%2Femilio%5Fmiranda%5Fgoias%5Fgov%5Fbr%2FDocuments%2FAnexos%2FPROTOCOLO%20DE%20VIGIL%C3%82NCIA%20DO%20%C3%93BITO%20COM%20MEN%C3%87%C3%83O%20DE%20TUBERCULOSE%20NAS%20CAUSAS%20DE%20MORTE%20MINIST%C3%89RIO%20DA%20SA%C3%9ADE%202017%2Epdf&amp;parent=%2Fpersonal%2Femilio%5Fmiranda%5Fgoias%5Fgov%5Fbr%2FDocuments%2FAnexos&amp;ga=1\" target=\"_blank\" rel=\"noreferrer noopener\">Protocolo de vigil\u00e2ncia do \u00f3bito com men\u00e7\u00e3o de tuberculose nas causas de morte minist\u00e9rio da sa\u00fade 2017.pdf<\/a><\/li>\n\n\n\n<li><a href=\"https:\/\/goiasgovbr-my.sharepoint.com\/personal\/emilio_miranda_goias_gov_br\/_layouts\/15\/onedrive.aspx?id=%2Fpersonal%2Femilio%5Fmiranda%5Fgoias%5Fgov%5Fbr%2FDocuments%2FAnexos%2FRECOMENDA%C3%87%C3%95ES%20PARA%20MANEJO%20E%20DIAGN%C3%93STICO%20DAS%20MICOBACT%C3%89RIAS%20N%C3%83O%20TUBERCULOSAS%202022%2Epdf&amp;parent=%2Fpersonal%2Femilio%5Fmiranda%5Fgoias%5Fgov%5Fbr%2FDocuments%2FAnexos&amp;ga=1\" target=\"_blank\" rel=\"noreferrer noopener\">Recomenda\u00e7\u00f5es para manejo e diagn\u00f3stico das micobact\u00e9rias n\u00e3o tuberculosas 2022.pdf<\/a><\/li>\n\n\n\n<li><a href=\"https:\/\/goiasgovbr-my.sharepoint.com\/personal\/emilio_miranda_goias_gov_br\/_layouts\/15\/onedrive.aspx?id=%2Fpersonal%2Femilio%5Fmiranda%5Fgoias%5Fgov%5Fbr%2FDocuments%2FAnexos%2FRECOMENDA%C3%87%C3%95ES%20PARA%20UTILIZA%C3%87%C3%83O%20DO%20HIBRIDIZA%C3%87%C3%83O%20EM%20SONDA%20DE%20LINHA%20MINIST%C3%89RIO%20DA%20SA%C3%9ADE%202023%2Epdf&amp;parent=%2Fpersonal%2Femilio%5Fmiranda%5Fgoias%5Fgov%5Fbr%2FDocuments%2FAnexos&amp;ga=1\" target=\"_blank\" rel=\"noreferrer noopener\">Recomenda\u00e7\u00f5es para utiliza\u00e7\u00e3o do hibridiza\u00e7\u00e3o em sonda de linha minist\u00e9rio da sa\u00fade 2023.pdf<\/a><\/li>\n<\/ul>\n\n\n\n<h3 class=\"wp-block-heading\">Formul\u00e1rios do Programa de Controle da Tuberculose<\/h3>\n\n\n\n<ul class=\"wp-block-list\">\n<li><a href=\"https:\/\/goias.gov.br\/saude\/wp-content\/uploads\/sites\/34\/saude-de-a-a-z\/tuberculose\/CARTAO%20APRAZAMENTO.pdf\" target=\"_blank\" rel=\"noreferrer noopener\">Cart\u00e3o de aprazamento do tratamento da Tuberculose para o paciente<\/a><\/li>\n\n\n\n<li><div class=\"x_elementToProof\"><a href=\"https:\/\/goias.gov.br\/saude\/wp-content\/uploads\/sites\/34\/biblioteca-a-z\/tuberculose\/MODELO%20DE%20LAUDO%20PARA%20LIBERA%C3%87%C3%83O%20DA%20PROVA%20TUBERCUL%C3%8DNICA%2008_24.docx\">Modelo de libera\u00e7\u00e3o de laudo da Prova Tubercul\u00ednica<\/a><\/div><\/li>\n\n\n\n<li><div class=\"x_elementToProof\"><a href=\"https:\/\/goias.gov.br\/saude\/wp-content\/uploads\/sites\/34\/biblioteca-a-z\/tuberculose\/ORIENTA%C3%87%C3%95ES%20AO%20PACIENTES%20QUE%20REALIZOU%20A%20PROVA%20TUBERCUL%C3%8DNICA.docx\">Orienta\u00e7\u00f5es ao paciente submetido a aplica\u00e7\u00e3o da Prova Tubercul\u00ednica<\/a><\/div><\/li>\n\n\n\n<li><a href=\"https:\/\/goias.gov.br\/saude\/wp-content\/uploads\/sites\/34\/biblioteca-a-z\/tuberculose\/RELAT%C3%93RIO%20MENSAL%20DO%20PROGRAMA%20DE%20TUBERCULOSE%20REGIONAL.doc\">Relat\u00f3rio mensal do Programa de Tuberculose Regional<\/a><\/li>\n\n\n\n<li><a href=\"https:\/\/goias.gov.br\/saude\/wp-content\/uploads\/sites\/34\/biblioteca-a-z\/tuberculose\/RELAT%C3%93RIO%20MENSAL%20PROGRAMA%20DE%20TUBERCULOSE%20MUNICIPAL.doc\">Relat\u00f3rio mensal do Programa de Tuberculose Municipal<\/a><\/li>\n\n\n\n<li><a href=\"https:\/\/goias.gov.br\/saude\/wp-content\/uploads\/sites\/34\/biblioteca-a-z\/tuberculose\/ficha-nacional-notificacao-tuberculose-sinan.pdf\" target=\"_blank\" rel=\"noreferrer noopener\">Ficha de Notifica\u00e7\u00e3o Nacional de Tuberculose no SINAN<\/a><\/li>\n\n\n\n<li><a style=\"font-size: revert;\" href=\"https:\/\/goias.gov.br\/saude\/wp-content\/uploads\/sites\/34\/biblioteca-a-z\/tuberculose\/FICHA%20DE%20TRANFER%C3%8ANCIA%20vers%C3%A3o%2007_2024.pdf\" target=\"_blank\" rel=\"noopener\">Ficha de Transfer\u00eancia de casos de Tuberculose e de Infe\u00e7\u00e3o latente de Tuberculose Goi\u00e1s<\/a><\/li>\n\n\n\n<li><a href=\"https:\/\/goias.gov.br\/saude\/wp-content\/uploads\/sites\/34\/2024\/01\/FORMULARIO-SOLICITACAO-TESTE-RAPIDO-MOLECULAR-TRM-TB-REVISADO.pdf\" target=\"_blank\" rel=\"noopener\">Formul\u00e1rio de Solicita\u00e7\u00e3o para Teste R\u00e1pido Molecular para Tuberculose (TRM-TB)<\/a><\/li>\n\n\n\n<li><a href=\"https:\/\/goias.gov.br\/saude\/wp-content\/uploads\/sites\/34\/saude-de-a-a-z\/tuberculose\/FORMUL%C3%81RIO%20SOLICITA%C3%87%C3%83O%20%20de%20IGRA_LACEN.pdf\" target=\"_blank\" rel=\"noreferrer noopener\">Formul\u00e1rio de Solicita\u00e7\u00e3o do IGRA para investiga\u00e7\u00e3o da Infec\u00e7\u00e3o Latente de Tuberculose<\/a><\/li>\n\n\n\n<li><a href=\"https:\/\/goias.gov.br\/saude\/wp-content\/uploads\/sites\/34\/2024\/01\/MODELO-DE-LAUDO-PARA-LIBERACAO-RESULTADO-LF_LAM-versao-01_2023.pdf\" target=\"_blank\" rel=\"noopener\">Laudo para libera\u00e7\u00e3o do resultado DERTERMINE TM TB LAM Ag (LF-LAM)<\/a><\/li>\n\n\n\n<li><a href=\"https:\/\/goias.gov.br\/saude\/wp-content\/uploads\/sites\/34\/biblioteca-a-z\/tuberculose\/ficha-estadual-de-notificacao-das-pessoas-iltb.pdf\" target=\"_blank\" rel=\"noopener\">Ficha Estadual de Notifica\u00e7\u00e3o de Casos de Infec\u00e7\u00e3o Latente de Tuberculose<\/a><\/li>\n\n\n\n<li><a href=\"https:\/\/goias.gov.br\/saude\/wp-content\/uploads\/sites\/34\/biblioteca-a-z\/tuberculose\/ficha-de-investigacao-do-obito-com-mencao-de-tuberculose-outras-unidades-de-saude-e-familiares.pdf\" target=\"_blank\" rel=\"noopener\">Ficha de investiga\u00e7\u00e3o de \u00f3bito com men\u00e7\u00e3o de tuberculose &#8211; Outras unidades de sa\u00fade e familiares<\/a><\/li>\n\n\n\n<li><a href=\"https:\/\/goias.gov.br\/saude\/wp-content\/uploads\/sites\/34\/biblioteca-a-z\/tuberculose\/ficha-de-investigacao-do-obito-com-mencao-de-tuberculose-unidade-hospitalar-de-urgencia-e-emergencia.pdf\" target=\"_blank\" rel=\"noopener\">Ficha de investiga\u00e7\u00e3o do \u00f3bito com men\u00e7\u00e3o de tuberculose &#8211; Unidade Hospitalar, Unidade de Urg\u00eancia e Emerg\u00eancia<\/a><\/li>\n\n\n\n<li><a href=\"https:\/\/goias.gov.br\/saude\/wp-content\/uploads\/sites\/34\/biblioteca-a-z\/tuberculose\/ficha-sintese-investig-obito-tuberculose.pdf\" target=\"_blank\" rel=\"noopener\">Ficha S\u00edntese &#8211; Conclus\u00e3o da Investiga\u00e7\u00e3o do \u00f3bito com men\u00e7\u00e3o da tuberculose<\/a><\/li>\n<\/ul>\n\n\n\n<p><a href=\"https:\/\/goias.gov.br\/saude\/wp-content\/uploads\/sites\/34\/2019\/11\/manual_recomendacoes_tb_2ed_atualizada_8maio19-4af.pdf\" target=\"_blank\" rel=\"noopener\">Voc\u00ea tamb\u00e9m poder\u00e1 acessar o novo manual de recomenda\u00e7\u00f5es para o controle da tuberculose no Brasil atualizado.<\/a><\/p>\n","protected":false},"excerpt":{"rendered":"<p>Descri\u00e7\u00e3o: \u00c9 uma doen\u00e7a infectocontagiosa causada por uma bact\u00e9ria denominada Mycobacterium tuberculosis ou bacilo de Koch. \u00c9 uma das doen\u00e7as infectocontagiosas que mais causa mortes no Brasil, principalmente entre as pessoas que vivem com HIV. Atinge principalmente os pulm\u00f5es (forma pulmonar), por\u00e9m outros \u00f3rg\u00e3os podem ser afetados, como: rins, ossos, olhos, entre outros, sendo estas [&hellip;]<\/p>\n","protected":false},"author":693,"featured_media":0,"comment_status":"closed","ping_status":"open","sticky":false,"template":"","format":"standard","meta":{"footnotes":""},"categories":[19],"tags":[],"class_list":["post-16019","post","type-post","status-publish","format-standard","hentry","category-biblioteca_"],"rttpg_featured_image_url":null,"rttpg_author":{"display_name":"elzenubiamoreira","author_link":"https:\/\/goias.gov.br\/saude\/author\/elzenubiamoreira\/"},"rttpg_comment":0,"rttpg_category":"<a href=\"https:\/\/goias.gov.br\/saude\/categoria\/biblioteca_\/\" rel=\"category tag\">Biblioteca<\/a>","rttpg_excerpt":"Descri\u00e7\u00e3o: \u00c9 uma doen\u00e7a infectocontagiosa causada por uma bact\u00e9ria denominada Mycobacterium tuberculosis ou bacilo de Koch. \u00c9 uma das doen\u00e7as infectocontagiosas que mais causa mortes no Brasil, principalmente entre as pessoas que vivem com HIV. Atinge principalmente os pulm\u00f5es (forma pulmonar), por\u00e9m outros \u00f3rg\u00e3os podem ser afetados, como: rins, ossos, olhos, entre outros, sendo estas&hellip;","_links":{"self":[{"href":"https:\/\/goias.gov.br\/saude\/wp-json\/wp\/v2\/posts\/16019","targetHints":{"allow":["GET"]}}],"collection":[{"href":"https:\/\/goias.gov.br\/saude\/wp-json\/wp\/v2\/posts"}],"about":[{"href":"https:\/\/goias.gov.br\/saude\/wp-json\/wp\/v2\/types\/post"}],"author":[{"embeddable":true,"href":"https:\/\/goias.gov.br\/saude\/wp-json\/wp\/v2\/users\/693"}],"replies":[{"embeddable":true,"href":"https:\/\/goias.gov.br\/saude\/wp-json\/wp\/v2\/comments?post=16019"}],"version-history":[{"count":2,"href":"https:\/\/goias.gov.br\/saude\/wp-json\/wp\/v2\/posts\/16019\/revisions"}],"predecessor-version":[{"id":720876,"href":"https:\/\/goias.gov.br\/saude\/wp-json\/wp\/v2\/posts\/16019\/revisions\/720876"}],"wp:attachment":[{"href":"https:\/\/goias.gov.br\/saude\/wp-json\/wp\/v2\/media?parent=16019"}],"wp:term":[{"taxonomy":"category","embeddable":true,"href":"https:\/\/goias.gov.br\/saude\/wp-json\/wp\/v2\/categories?post=16019"},{"taxonomy":"post_tag","embeddable":true,"href":"https:\/\/goias.gov.br\/saude\/wp-json\/wp\/v2\/tags?post=16019"}],"curies":[{"name":"wp","href":"https:\/\/api.w.org\/{rel}","templated":true}]}}