

{"id":15982,"date":"2019-11-21T15:57:00","date_gmt":"2019-11-21T18:57:00","guid":{"rendered":"https:\/\/siteshom.goias.gov.br\/saude\/febre-amarela\/"},"modified":"2024-01-23T13:21:26","modified_gmt":"2024-01-23T16:21:26","slug":"febre-amarela","status":"publish","type":"post","link":"https:\/\/goias.gov.br\/saude\/febre-amarela\/","title":{"rendered":"Febre Amarela"},"content":{"rendered":"<p><strong>Descri\u00e7\u00e3o: <\/strong> A febre amarela urbana (FAU) n\u00e3o ocorre no pa\u00eds desde o ano de 1942.\u00a0 \u00c9 uma doen\u00e7a infecciosa febril aguda, de curta dura\u00e7\u00e3o (no m\u00e1ximo 12 dias), e de gravidade vari\u00e1vel. Possui dois ciclos de transmiss\u00e3o: o silvestre (que ocorre entre primatas n\u00e3o humanos, onde o v\u00edrus \u00e9 transmitido por mosquitos silvestres) e o urbano (erradicado no Brasil desde 1942).<\/p>\n<p><strong>Transmiss\u00e3o: <\/strong> Pela picada dos mosquitos (f\u00eameas) transmissores infectados.<\/p>\n<p><strong>Preven\u00e7\u00e3o: <\/strong> A \u00fanica forma de evitar a febre amarela \u00e9 a vacina\u00e7\u00e3o. A vacina \u00e9 gratuita e est\u00e1 dispon\u00edvel nos postos de sa\u00fade em qualquer \u00e9poca do ano. \u00c9 administrada em dose \u00fanica a partir dos 9 meses de idade e \u00e9 v\u00e1lida por 10 anos. Deve ser aplicada 10 dias antes da viagem para as \u00e1reas de risco de transmiss\u00e3o da doen\u00e7a.<\/p>\n<p><strong>Sintomas: <\/strong> Dependendo da gravidade, a pessoa pode sentir febre, dor de cabe\u00e7a, calafrios, n\u00e1useas, v\u00f4mito, dores no corpo, icter\u00edcia (a pele e os olhos ficam amarelos) e hemorragias (de gengivas, nariz, est\u00f4mago, intestino e urina).<\/p>\n<p><strong>Tratamento: <\/strong> N\u00e3o existe medicamento para combater o v\u00edrus da FA.\u00a0 O tratamento \u00e9 apenas sintom\u00e1tico e requer cuidados na assist\u00eancia ao paciente que, sob hospitaliza\u00e7\u00e3o, deve permanecer em repouso com reposi\u00e7\u00e3o de l\u00edquidos e das perdas sangu\u00edneas, quando indicado. Nas formas graves, o paciente deve ser atendido numa Unidade de Terapia Intensiva.<\/p>\n<p><strong>V\u00eddeo<\/strong><strong>s<\/strong><strong>:<\/strong><\/p>\n<div class=\"panel\" style=\"display: block;\">\n<p tabindex=\"0\"><a href=\"https:\/\/youtu.be\/CMJChrZ0owU\" target=\"_blank\" rel=\"noopener\">Como funciona a febre amarela \u2013 parte 1<\/a><\/p>\n<p tabindex=\"0\"><a href=\"https:\/\/youtu.be\/H3k8vjqpXx0\" target=\"_blank\" rel=\"noopener\">Como funciona a febre amarela \u2013 parte 2<\/a><\/p>\n<\/div>\n","protected":false},"excerpt":{"rendered":"<p>Descri\u00e7\u00e3o: A febre amarela urbana (FAU) n\u00e3o ocorre no pa\u00eds desde o ano de 1942.\u00a0 \u00c9 uma doen\u00e7a infecciosa febril aguda, de curta dura\u00e7\u00e3o (no m\u00e1ximo 12 dias), e de gravidade vari\u00e1vel. Possui dois ciclos de transmiss\u00e3o: o silvestre (que ocorre entre primatas n\u00e3o humanos, onde o v\u00edrus \u00e9 transmitido por mosquitos silvestres) e o [&hellip;]<\/p>\n","protected":false},"author":46,"featured_media":0,"comment_status":"closed","ping_status":"open","sticky":false,"template":"","format":"standard","meta":{"footnotes":""},"categories":[19],"tags":[],"class_list":["post-15982","post","type-post","status-publish","format-standard","hentry","category-biblioteca_"],"rttpg_featured_image_url":null,"rttpg_author":{"display_name":"cleybetsls","author_link":"https:\/\/goias.gov.br\/saude\/author\/cleybetsls\/"},"rttpg_comment":0,"rttpg_category":"<a href=\"https:\/\/goias.gov.br\/saude\/categoria\/biblioteca_\/\" rel=\"category tag\">Biblioteca<\/a>","rttpg_excerpt":"Descri\u00e7\u00e3o: A febre amarela urbana (FAU) n\u00e3o ocorre no pa\u00eds desde o ano de 1942.\u00a0 \u00c9 uma doen\u00e7a infecciosa febril aguda, de curta dura\u00e7\u00e3o (no m\u00e1ximo 12 dias), e de gravidade vari\u00e1vel. Possui dois ciclos de transmiss\u00e3o: o silvestre (que ocorre entre primatas n\u00e3o humanos, onde o v\u00edrus \u00e9 transmitido por mosquitos silvestres) e o&hellip;","_links":{"self":[{"href":"https:\/\/goias.gov.br\/saude\/wp-json\/wp\/v2\/posts\/15982","targetHints":{"allow":["GET"]}}],"collection":[{"href":"https:\/\/goias.gov.br\/saude\/wp-json\/wp\/v2\/posts"}],"about":[{"href":"https:\/\/goias.gov.br\/saude\/wp-json\/wp\/v2\/types\/post"}],"author":[{"embeddable":true,"href":"https:\/\/goias.gov.br\/saude\/wp-json\/wp\/v2\/users\/46"}],"replies":[{"embeddable":true,"href":"https:\/\/goias.gov.br\/saude\/wp-json\/wp\/v2\/comments?post=15982"}],"version-history":[{"count":2,"href":"https:\/\/goias.gov.br\/saude\/wp-json\/wp\/v2\/posts\/15982\/revisions"}],"predecessor-version":[{"id":40591,"href":"https:\/\/goias.gov.br\/saude\/wp-json\/wp\/v2\/posts\/15982\/revisions\/40591"}],"wp:attachment":[{"href":"https:\/\/goias.gov.br\/saude\/wp-json\/wp\/v2\/media?parent=15982"}],"wp:term":[{"taxonomy":"category","embeddable":true,"href":"https:\/\/goias.gov.br\/saude\/wp-json\/wp\/v2\/categories?post=15982"},{"taxonomy":"post_tag","embeddable":true,"href":"https:\/\/goias.gov.br\/saude\/wp-json\/wp\/v2\/tags?post=15982"}],"curies":[{"name":"wp","href":"https:\/\/api.w.org\/{rel}","templated":true}]}}