

{"id":155229,"date":"2024-11-04T17:54:48","date_gmt":"2024-11-04T20:54:48","guid":{"rendered":"https:\/\/goias.gov.br\/saude\/?p=155229"},"modified":"2024-11-05T15:50:11","modified_gmt":"2024-11-05T18:50:11","slug":"saude-estadual-apoia-encontro-da-liga-academica-de-medicina-da-ufg","status":"publish","type":"post","link":"https:\/\/goias.gov.br\/saude\/saude-estadual-apoia-encontro-da-liga-academica-de-medicina-da-ufg\/","title":{"rendered":"Sa\u00fade Estadual apoia Encontro da Liga Acad\u00eamica de Medicina da UFG"},"content":{"rendered":"\n<p class=\"has-text-align-center\"><strong>Evento ser\u00e1 realizado dia 30\/11, no Tribunal de Contas do Estado, com o objetivo de ofertar atendimento em sa\u00fade e orienta\u00e7\u00f5es sobre preven\u00e7\u00e3o de agravos e promo\u00e7\u00e3o de sa\u00fade \u00e0 popula\u00e7\u00e3o<\/strong><\/p>\n\n\n\n<figure class=\"wp-block-image size-large\"><img fetchpriority=\"high\" decoding=\"async\" width=\"1024\" height=\"550\" src=\"https:\/\/goias.gov.br\/saude\/wp-content\/uploads\/sites\/34\/2024\/11\/04.11-SESapoiaEventoDaUFG-1-1-1024x550.jpeg\" alt=\"\" class=\"wp-image-155232\" srcset=\"https:\/\/goias.gov.br\/saude\/wp-content\/uploads\/sites\/34\/2024\/11\/04.11-SESapoiaEventoDaUFG-1-1-1024x550.jpeg 1024w, https:\/\/goias.gov.br\/saude\/wp-content\/uploads\/sites\/34\/2024\/11\/04.11-SESapoiaEventoDaUFG-1-1-300x161.jpeg 300w, https:\/\/goias.gov.br\/saude\/wp-content\/uploads\/sites\/34\/2024\/11\/04.11-SESapoiaEventoDaUFG-1-1-768x413.jpeg 768w, https:\/\/goias.gov.br\/saude\/wp-content\/uploads\/sites\/34\/2024\/11\/04.11-SESapoiaEventoDaUFG-1-1.jpeg 1330w\" sizes=\"(max-width: 1024px) 100vw, 1024px\" \/><figcaption class=\"wp-element-caption\"><em>Foto de arquivo feita durante Encontro das Ligas Acad\u00eamicas da Faculdade de Medicina da UFG<\/em><\/figcaption><\/figure>\n\n\n\n<p>A Secretaria de Estado da Sa\u00fade de Goi\u00e1s (SES-GO) est\u00e1 apoiando a realiza\u00e7\u00e3o do 21\u00ba Encontro das Ligas Acad\u00eamicas (ELA) da Faculdade de Medicina da Universidade Federal de Goi\u00e1s (UFG). O evento, organizado pelo Conselho das Ligas Acad\u00eamicas da Faculdade de Medicina, ser\u00e1 realizado no dia 30 de novembro, das 8 horas \u00e0s 17 horas, no Tribunal de Contas do Estado de Goi\u00e1s (TCE), no Setor Ja\u00f3, em Goi\u00e2nia.<\/p>\n\n\n\n<p>De acordo com Renata Assun\u00e7\u00e3o, estudante de medicina da institui\u00e7\u00e3o, o evento vai ofertar \u00e0 popula\u00e7\u00e3o diversos servi\u00e7os na \u00e1rea de sa\u00fade, entre os quais aferi\u00e7\u00e3o da press\u00e3o arterial, testagem de glicemia, orienta\u00e7\u00f5es em sa\u00fade, entre outros. Ainda conforme a discente, que faz parte da comiss\u00e3o organizadora do evento, o 21\u00ba ELA ter\u00e1 a participa\u00e7\u00e3o de diversas ligas compostas por estudantes da \u00e1rea da sa\u00fade.<\/p>\n\n\n\n<p>Al\u00e9m do oferecimento de servi\u00e7os de aten\u00e7\u00e3o \u00e0 sa\u00fade, o encontro tem o objetivo de informar a popula\u00e7\u00e3o sobre temas relacionados \u00e0 preven\u00e7\u00e3o de diversos tipos de agravos. O subsecret\u00e1rio de Vigil\u00e2ncia e Aten\u00e7\u00e3o Integral \u00e0 Sa\u00fade da SES-GO, Luciano de Moura Carvalho, destaca que encontros como o ELA t\u00eam o m\u00e9rito de promover a sa\u00fade e, tamb\u00e9m, conscientizar a popula\u00e7\u00e3o sobre a necessidade da ado\u00e7\u00e3o de cuidados preventivos.<\/p>\n\n\n\n<p>Maria Jos\u00e9 Silva\/Comunica\u00e7\u00e3o Setorial da SES-GO<\/p>\n\n\n\n<p>Foto: Marketing ELA 2023 e Liga de Multiferidas UFG<\/p>\n","protected":false},"excerpt":{"rendered":"<p>Evento ser\u00e1 realizado dia 30\/11, no Tribunal de Contas do Estado, com o objetivo de ofertar atendimento em sa\u00fade e orienta\u00e7\u00f5es sobre preven\u00e7\u00e3o de agravos e promo\u00e7\u00e3o de sa\u00fade \u00e0 popula\u00e7\u00e3o<\/p>\n","protected":false},"author":166,"featured_media":155231,"comment_status":"closed","ping_status":"open","sticky":false,"template":"","format":"standard","meta":{"footnotes":""},"categories":[3],"tags":[402],"class_list":["post-155229","post","type-post","status-publish","format-standard","has-post-thumbnail","hentry","category-noticias","tag-parceiros"],"rttpg_featured_image_url":{"full":["https:\/\/goias.gov.br\/saude\/wp-content\/uploads\/sites\/34\/2024\/11\/04.11-SESapoiaEventoDaUFG-1.jpeg",1330,715,false],"landscape":["https:\/\/goias.gov.br\/saude\/wp-content\/uploads\/sites\/34\/2024\/11\/04.11-SESapoiaEventoDaUFG-1.jpeg",1330,715,false],"portraits":["https:\/\/goias.gov.br\/saude\/wp-content\/uploads\/sites\/34\/2024\/11\/04.11-SESapoiaEventoDaUFG-1.jpeg",1330,715,false],"thumbnail":["https:\/\/goias.gov.br\/saude\/wp-content\/uploads\/sites\/34\/2024\/11\/04.11-SESapoiaEventoDaUFG-1-150x150.jpeg",150,150,true],"medium":["https:\/\/goias.gov.br\/saude\/wp-content\/uploads\/sites\/34\/2024\/11\/04.11-SESapoiaEventoDaUFG-1-300x161.jpeg",300,161,true],"large":["https:\/\/goias.gov.br\/saude\/wp-content\/uploads\/sites\/34\/2024\/11\/04.11-SESapoiaEventoDaUFG-1-1024x550.jpeg",1024,550,true],"1536x1536":["https:\/\/goias.gov.br\/saude\/wp-content\/uploads\/sites\/34\/2024\/11\/04.11-SESapoiaEventoDaUFG-1.jpeg",1330,715,false],"2048x2048":["https:\/\/goias.gov.br\/saude\/wp-content\/uploads\/sites\/34\/2024\/11\/04.11-SESapoiaEventoDaUFG-1.jpeg",1330,715,false]},"rttpg_author":{"display_name":"josegomes","author_link":"https:\/\/goias.gov.br\/saude\/author\/josegomes\/"},"rttpg_comment":0,"rttpg_category":"<a href=\"https:\/\/goias.gov.br\/saude\/categoria\/noticias\/\" rel=\"category tag\">Not\u00edcias<\/a>","rttpg_excerpt":"Evento ser\u00e1 realizado dia 30\/11, no Tribunal de Contas do Estado, com o objetivo de ofertar atendimento em sa\u00fade e orienta\u00e7\u00f5es sobre preven\u00e7\u00e3o de agravos e promo\u00e7\u00e3o de sa\u00fade \u00e0 popula\u00e7\u00e3o","_links":{"self":[{"href":"https:\/\/goias.gov.br\/saude\/wp-json\/wp\/v2\/posts\/155229","targetHints":{"allow":["GET"]}}],"collection":[{"href":"https:\/\/goias.gov.br\/saude\/wp-json\/wp\/v2\/posts"}],"about":[{"href":"https:\/\/goias.gov.br\/saude\/wp-json\/wp\/v2\/types\/post"}],"author":[{"embeddable":true,"href":"https:\/\/goias.gov.br\/saude\/wp-json\/wp\/v2\/users\/166"}],"replies":[{"embeddable":true,"href":"https:\/\/goias.gov.br\/saude\/wp-json\/wp\/v2\/comments?post=155229"}],"version-history":[{"count":2,"href":"https:\/\/goias.gov.br\/saude\/wp-json\/wp\/v2\/posts\/155229\/revisions"}],"predecessor-version":[{"id":155234,"href":"https:\/\/goias.gov.br\/saude\/wp-json\/wp\/v2\/posts\/155229\/revisions\/155234"}],"wp:featuredmedia":[{"embeddable":true,"href":"https:\/\/goias.gov.br\/saude\/wp-json\/wp\/v2\/media\/155231"}],"wp:attachment":[{"href":"https:\/\/goias.gov.br\/saude\/wp-json\/wp\/v2\/media?parent=155229"}],"wp:term":[{"taxonomy":"category","embeddable":true,"href":"https:\/\/goias.gov.br\/saude\/wp-json\/wp\/v2\/categories?post=155229"},{"taxonomy":"post_tag","embeddable":true,"href":"https:\/\/goias.gov.br\/saude\/wp-json\/wp\/v2\/tags?post=155229"}],"curies":[{"name":"wp","href":"https:\/\/api.w.org\/{rel}","templated":true}]}}