

{"id":15383,"date":"2012-05-28T06:05:05","date_gmt":"2012-05-28T09:05:05","guid":{"rendered":"https:\/\/siteshom.goias.gov.br\/saude\/malaria\/"},"modified":"2024-01-23T14:19:42","modified_gmt":"2024-01-23T17:19:42","slug":"malaria","status":"publish","type":"post","link":"https:\/\/goias.gov.br\/saude\/malaria\/","title":{"rendered":"Mal\u00e1ria"},"content":{"rendered":"<p style=\"text-align: justify;\">Doen\u00e7a infecciosa febril aguda, causada por protozo\u00e1rios transmitidos por vetores e tem como agente etiol\u00f3gico o protozo\u00e1rios do g\u00eanero <em>Plasmodium<\/em>. No Brasil, tr\u00eas esp\u00e9cies causam a mal\u00e1ria em seres humanos: <em>P. vivax, P. falciparum e P. malariae<\/em>.<\/p>\n<p>A Doen\u00e7a \u00e9 transmitida atrav\u00e9s da picada da f\u00eamea do mosquito <em>Anopheles<\/em>, infectada por <em>Plasmodium<\/em> e o quadro cl\u00ednico t\u00edpico \u00e9 caracterizado por febre alta, acompanhada de calafrios, sudorese profusa e cefal\u00e9ia, que ocorrem em padr\u00f5es c\u00edclicos, dependendo da esp\u00e9cie de plasm\u00f3dio infectante.<\/p>\n<p>No Brasil, aproximadamente 99% dos casos de mal\u00e1ria se concentram na regi\u00e3o amaz\u00f4nica, composta pelos estados do Acre, Amap\u00e1, Amazonas, Maranh\u00e3o, Mato Grosso, Par\u00e1, Rond\u00f4nia, Roraima e Tocantins.<\/p>\n","protected":false},"excerpt":{"rendered":"<p>Doen\u00e7a infecciosa febril aguda, causada por protozo\u00e1rios transmitidos por vetores e tem como agente etiol\u00f3gico o protozo\u00e1rios do g\u00eanero Plasmodium. No Brasil, tr\u00eas esp\u00e9cies causam a mal\u00e1ria em seres humanos: P. vivax, P. falciparum e P. malariae. A Doen\u00e7a \u00e9 transmitida atrav\u00e9s da picada da f\u00eamea do mosquito Anopheles, infectada por Plasmodium e o quadro [&hellip;]<\/p>\n","protected":false},"author":46,"featured_media":15381,"comment_status":"closed","ping_status":"open","sticky":false,"template":"","format":"standard","meta":{"footnotes":""},"categories":[19],"tags":[],"class_list":["post-15383","post","type-post","status-publish","format-standard","has-post-thumbnail","hentry","category-biblioteca_"],"rttpg_featured_image_url":{"full":["https:\/\/goias.gov.br\/saude\/wp-content\/uploads\/sites\/34\/2012\/05\/malaria-067.jpg",553,78,false],"landscape":["https:\/\/goias.gov.br\/saude\/wp-content\/uploads\/sites\/34\/2012\/05\/malaria-067.jpg",553,78,false],"portraits":["https:\/\/goias.gov.br\/saude\/wp-content\/uploads\/sites\/34\/2012\/05\/malaria-067.jpg",553,78,false],"thumbnail":["https:\/\/goias.gov.br\/saude\/wp-content\/uploads\/sites\/34\/2012\/05\/malaria-067-150x78.jpg",150,78,true],"medium":["https:\/\/goias.gov.br\/saude\/wp-content\/uploads\/sites\/34\/2012\/05\/malaria-067-300x42.jpg",300,42,true],"large":["https:\/\/goias.gov.br\/saude\/wp-content\/uploads\/sites\/34\/2012\/05\/malaria-067.jpg",553,78,false],"1536x1536":["https:\/\/goias.gov.br\/saude\/wp-content\/uploads\/sites\/34\/2012\/05\/malaria-067.jpg",553,78,false],"2048x2048":["https:\/\/goias.gov.br\/saude\/wp-content\/uploads\/sites\/34\/2012\/05\/malaria-067.jpg",553,78,false]},"rttpg_author":{"display_name":"cleybetsls","author_link":"https:\/\/goias.gov.br\/saude\/author\/cleybetsls\/"},"rttpg_comment":0,"rttpg_category":"<a href=\"https:\/\/goias.gov.br\/saude\/categoria\/biblioteca_\/\" rel=\"category tag\">Biblioteca<\/a>","rttpg_excerpt":"Doen\u00e7a infecciosa febril aguda, causada por protozo\u00e1rios transmitidos por vetores e tem como agente etiol\u00f3gico o protozo\u00e1rios do g\u00eanero Plasmodium. No Brasil, tr\u00eas esp\u00e9cies causam a mal\u00e1ria em seres humanos: P. vivax, P. falciparum e P. malariae. A Doen\u00e7a \u00e9 transmitida atrav\u00e9s da picada da f\u00eamea do mosquito Anopheles, infectada por Plasmodium e o quadro&hellip;","_links":{"self":[{"href":"https:\/\/goias.gov.br\/saude\/wp-json\/wp\/v2\/posts\/15383","targetHints":{"allow":["GET"]}}],"collection":[{"href":"https:\/\/goias.gov.br\/saude\/wp-json\/wp\/v2\/posts"}],"about":[{"href":"https:\/\/goias.gov.br\/saude\/wp-json\/wp\/v2\/types\/post"}],"author":[{"embeddable":true,"href":"https:\/\/goias.gov.br\/saude\/wp-json\/wp\/v2\/users\/46"}],"replies":[{"embeddable":true,"href":"https:\/\/goias.gov.br\/saude\/wp-json\/wp\/v2\/comments?post=15383"}],"version-history":[{"count":1,"href":"https:\/\/goias.gov.br\/saude\/wp-json\/wp\/v2\/posts\/15383\/revisions"}],"predecessor-version":[{"id":40611,"href":"https:\/\/goias.gov.br\/saude\/wp-json\/wp\/v2\/posts\/15383\/revisions\/40611"}],"wp:featuredmedia":[{"embeddable":true,"href":"https:\/\/goias.gov.br\/saude\/wp-json\/wp\/v2\/media\/15381"}],"wp:attachment":[{"href":"https:\/\/goias.gov.br\/saude\/wp-json\/wp\/v2\/media?parent=15383"}],"wp:term":[{"taxonomy":"category","embeddable":true,"href":"https:\/\/goias.gov.br\/saude\/wp-json\/wp\/v2\/categories?post=15383"},{"taxonomy":"post_tag","embeddable":true,"href":"https:\/\/goias.gov.br\/saude\/wp-json\/wp\/v2\/tags?post=15383"}],"curies":[{"name":"wp","href":"https:\/\/api.w.org\/{rel}","templated":true}]}}