

{"id":13312,"date":"2018-12-13T10:12:13","date_gmt":"2018-12-13T12:12:13","guid":{"rendered":"https:\/\/siteshom.goias.gov.br\/saude\/medicos-recebem-atualizacao-sobre-manejo-clinico-de-dengue-2\/"},"modified":"2018-12-13T10:12:13","modified_gmt":"2018-12-13T12:12:13","slug":"medicos-recebem-atualizacao-sobre-manejo-clinico-de-dengue-2","status":"publish","type":"post","link":"https:\/\/goias.gov.br\/saude\/medicos-recebem-atualizacao-sobre-manejo-clinico-de-dengue-2\/","title":{"rendered":"M\u00e9dicos recebem atualiza\u00e7\u00e3o sobre manejo cl\u00ednico de dengue"},"content":{"rendered":"<p><img fetchpriority=\"high\" decoding=\"async\" class=\" size-full wp-image-13311\" src=\"https:\/\/goias.gov.br\/saude\/wp-content\/uploads\/sites\/34\/2018\/12\/murilo-9b6.jpg\" alt=\"\" width=\"1024\" height=\"578\" srcset=\"https:\/\/goias.gov.br\/saude\/wp-content\/uploads\/sites\/34\/2018\/12\/murilo-9b6.jpg 1024w, https:\/\/goias.gov.br\/saude\/wp-content\/uploads\/sites\/34\/2018\/12\/murilo-9b6-300x169.jpg 300w, https:\/\/goias.gov.br\/saude\/wp-content\/uploads\/sites\/34\/2018\/12\/murilo-9b6-768x434.jpg 768w\" sizes=\"(max-width: 1024px) 100vw, 1024px\" \/><!DOCTYPE html PUBLIC \"-\/\/W3C\/\/DTD HTML 4.0 Transitional\/\/EN\" \"https:\/\/www.w3.org\/TR\/REC-html40\/loose.dtd\"><br \/>\n<html><body><\/p>\n<table border=\"0\">\n<tbody>\n<tr>\n<td>\n<p style=\"text-align: justify;\"><span style=\"font-size: 12px; color: #000000;\">O presidente do Conselho Regional de Medicina do Estado de Goi&aacute;s (Cremego), Leonardo Reis, participou nesta quarta-feira, 12, no Hotel San Conrado, em Goi&acirc;nia, do Semin&aacute;rio sobre Manejo Cl&iacute;nico de Dengue. O evento foi realizado pela Coordena&ccedil;&atilde;o de M&eacute;dia e Alta Complexidade da Superintend&ecirc;ncia de Aten&ccedil;&atilde;o Integral &agrave; Sa&uacute;de (Spais), da SES-GO.<\/span><\/p>\n<p style=\"text-align: justify;\"><span style=\"font-size: 12px; color: #000000;\">Participaram da capacita&ccedil;&atilde;o m&eacute;dicos, enfermeiros e t&eacute;cnicos. O objetivo foi de refor&ccedil;ar para as equipes de sa&uacute;de o correto manejo de pacientes com dengue, al&eacute;m de terem a responsabilidade de disseminarem tais conhecimentos para profissionais da Estrat&eacute;gia Sa&uacute;de da Fam&iacute;lia (ESF) &ndash; presente nos 246 munic&iacute;pios goianos &ndash; e para m&eacute;dicos e demais profissionais que atuam em todo Estado.<\/span><\/p>\n<p style=\"text-align: justify;\"><span style=\"font-size: 12px; color: #000000;\">&ldquo;Vamos divulgar esse trabalho em todos os nossos canais de comunica&ccedil;&atilde;o. Para garantir a assist&ecirc;ncia adequada, &eacute; fundamental que todos os m&eacute;dicos goianos se atualizem nos protocolos de atendimento aos pacientes com sintomas de dengue e das outras doen&ccedil;as transmitidas pelo mosquito aedes&rdquo;, diz Leonardo.<\/span><\/p>\n<p style=\"text-align: justify;\"><span style=\"font-size: 12px; color: #000000;\">O evento acontece, ainda, no dia 13 e envolve mais de 100 m&eacute;dicos que atuam em unidades p&uacute;blicas ou conveniadas ao Sistema &Uacute;nico de Sa&uacute;de (SUS). Participam, em especial, os que prestam atendimento &agrave;s v&iacute;timas de dengue.<\/span><\/p>\n<p style=\"text-align: justify;\"><span style=\"font-size: 12px; color: #000000;\">De acordo com a superintendente de Pol&iacute;ticas de Aten&ccedil;&atilde;o Integral da Sa&uacute;de (Spais), Evanilde Costa Gomides, a import&acirc;ncia do encontro &eacute; melhorar a qualidade do manejo clinico dos pacientes enfermos partindo da porta de entradas ao servi&ccedil;o p&uacute;blico de Sa&uacute;de que &eacute; a Estrat&eacute;gia de Sa&uacute;de da Fam&iacute;lia. &ldquo;Estamos reproduzindo o protocolo e padronizado de atendimento que j&aacute; est&aacute; na rotina dos profissionais da aten&ccedil;&atilde;o prim&aacute;ria&rdquo;, diz.<\/span><\/p>\n<p style=\"text-align: justify;\"><span style=\"font-size: 12px; color: #000000;\"><strong>Casos<\/strong><\/span><br \/><span style=\"font-size: 12px; color: #000000;\"> O coordenador-geral de A&ccedil;&otilde;es Estrat&eacute;gicas em Dengue da SES-GO, Murilo do Carmo diz que houve aumento de 20% do n&uacute;mero de mortes por dengue, com rela&ccedil;&atilde;o ao mesmo per&iacute;odo do ano passado. Sendo 53 em 2017 e 62 em 2018 e que na capacita&ccedil;&atilde;o est&atilde;o sendo repassadas informa&ccedil;&otilde;es sobre perfil e quadro cl&iacute;nico dos pacientes que morreram em decorr&ecirc;ncia da doen&ccedil;a.<\/span><\/p>\n<p style=\"text-align: justify;\"><span style=\"font-size: 12px; color: #000000;\">O Boletim Epidemiol&oacute;gico da Dengue, relativo &agrave; Semana Epidemiol&oacute;gica 48 (01\/12), revela que neste ano foram confirmados 59.307 casos de dengue no Estado, o que indica um aumento de 27,03% dos casos em rela&ccedil;&atilde;o ao ano passado.<\/span><\/p>\n<\/td>\n<\/tr>\n<\/tbody>\n<\/table>\n<p><\/body><\/html><\/p>\n","protected":false},"excerpt":{"rendered":"<p>O presidente do Conselho Regional de Medicina do Estado de Goi&aacute;s (Cremego), Leonardo Reis, participou nesta quarta-feira, 12, no Hotel San Conrado, em Goi&acirc;nia, do Semin&aacute;rio sobre Manejo Cl&iacute;nico de Dengue. O evento foi realizado pela Coordena&ccedil;&atilde;o de M&eacute;dia e Alta Complexidade da Superintend&ecirc;ncia de Aten&ccedil;&atilde;o Integral &agrave; Sa&uacute;de (Spais), da SES-GO. Participaram da capacita&ccedil;&atilde;o [&hellip;]<\/p>\n","protected":false},"author":46,"featured_media":13311,"comment_status":"closed","ping_status":"open","sticky":false,"template":"","format":"standard","meta":{"footnotes":""},"categories":[2],"tags":[],"class_list":["post-13312","post","type-post","status-publish","format-standard","has-post-thumbnail","hentry","category-institucional"],"rttpg_featured_image_url":{"full":["https:\/\/goias.gov.br\/saude\/wp-content\/uploads\/sites\/34\/2018\/12\/murilo-9b6.jpg",1024,578,false],"landscape":["https:\/\/goias.gov.br\/saude\/wp-content\/uploads\/sites\/34\/2018\/12\/murilo-9b6.jpg",1024,578,false],"portraits":["https:\/\/goias.gov.br\/saude\/wp-content\/uploads\/sites\/34\/2018\/12\/murilo-9b6.jpg",1024,578,false],"thumbnail":["https:\/\/goias.gov.br\/saude\/wp-content\/uploads\/sites\/34\/2018\/12\/murilo-9b6-150x150.jpg",150,150,true],"medium":["https:\/\/goias.gov.br\/saude\/wp-content\/uploads\/sites\/34\/2018\/12\/murilo-9b6-300x169.jpg",300,169,true],"large":["https:\/\/goias.gov.br\/saude\/wp-content\/uploads\/sites\/34\/2018\/12\/murilo-9b6.jpg",1024,578,false],"1536x1536":["https:\/\/goias.gov.br\/saude\/wp-content\/uploads\/sites\/34\/2018\/12\/murilo-9b6.jpg",1024,578,false],"2048x2048":["https:\/\/goias.gov.br\/saude\/wp-content\/uploads\/sites\/34\/2018\/12\/murilo-9b6.jpg",1024,578,false]},"rttpg_author":{"display_name":"cleybetsls","author_link":"https:\/\/goias.gov.br\/saude\/author\/cleybetsls\/"},"rttpg_comment":0,"rttpg_category":"<a href=\"https:\/\/goias.gov.br\/saude\/categoria\/institucional\/\" rel=\"category tag\">Institucional<\/a>","rttpg_excerpt":"O presidente do Conselho Regional de Medicina do Estado de Goi&aacute;s (Cremego), Leonardo Reis, participou nesta quarta-feira, 12, no Hotel San Conrado, em Goi&acirc;nia, do Semin&aacute;rio sobre Manejo Cl&iacute;nico de Dengue. O evento foi realizado pela Coordena&ccedil;&atilde;o de M&eacute;dia e Alta Complexidade da Superintend&ecirc;ncia de Aten&ccedil;&atilde;o Integral &agrave; Sa&uacute;de (Spais), da SES-GO. Participaram da capacita&ccedil;&atilde;o&hellip;","_links":{"self":[{"href":"https:\/\/goias.gov.br\/saude\/wp-json\/wp\/v2\/posts\/13312","targetHints":{"allow":["GET"]}}],"collection":[{"href":"https:\/\/goias.gov.br\/saude\/wp-json\/wp\/v2\/posts"}],"about":[{"href":"https:\/\/goias.gov.br\/saude\/wp-json\/wp\/v2\/types\/post"}],"author":[{"embeddable":true,"href":"https:\/\/goias.gov.br\/saude\/wp-json\/wp\/v2\/users\/46"}],"replies":[{"embeddable":true,"href":"https:\/\/goias.gov.br\/saude\/wp-json\/wp\/v2\/comments?post=13312"}],"version-history":[{"count":0,"href":"https:\/\/goias.gov.br\/saude\/wp-json\/wp\/v2\/posts\/13312\/revisions"}],"wp:featuredmedia":[{"embeddable":true,"href":"https:\/\/goias.gov.br\/saude\/wp-json\/wp\/v2\/media\/13311"}],"wp:attachment":[{"href":"https:\/\/goias.gov.br\/saude\/wp-json\/wp\/v2\/media?parent=13312"}],"wp:term":[{"taxonomy":"category","embeddable":true,"href":"https:\/\/goias.gov.br\/saude\/wp-json\/wp\/v2\/categories?post=13312"},{"taxonomy":"post_tag","embeddable":true,"href":"https:\/\/goias.gov.br\/saude\/wp-json\/wp\/v2\/tags?post=13312"}],"curies":[{"name":"wp","href":"https:\/\/api.w.org\/{rel}","templated":true}]}}