

{"id":13042,"date":"2019-10-14T08:10:32","date_gmt":"2019-10-14T11:10:32","guid":{"rendered":"https:\/\/siteshom.goias.gov.br\/saude\/14-10-2019\/"},"modified":"2019-10-14T08:10:32","modified_gmt":"2019-10-14T11:10:32","slug":"14-10-2019","status":"publish","type":"post","link":"https:\/\/goias.gov.br\/saude\/14-10-2019\/","title":{"rendered":"Parceria do Estado com a Prefeitura leva a\u00e7\u00f5es preventivas contra a dengue e animais pe\u00e7onhentos em Mutir\u00e3o da Sa\u00fade"},"content":{"rendered":"<p><!DOCTYPE html PUBLIC \"-\/\/W3C\/\/DTD HTML 4.0 Transitional\/\/EN\" \"https:\/\/www.w3.org\/TR\/REC-html40\/loose.dtd\"><br \/>\n<html><body><\/p>\n<p style=\"text-align: justify;\"><span style=\"font-size: 12px;\">O Governo de Goi&aacute;s, por meio da Superintend&ecirc;ncia de Vigil&acirc;ncia em Sa&uacute;de\/SES, em parceria participou das a&ccedil;&otilde;es do Mutir&atilde;o da Prefeitura de Goi&acirc;nia, regi&atilde;o Noroeste, nos dias 12 e 13 na Pra&ccedil;a da Feira, na Avenida Mangal&ocirc;, Setor Morada do Sol, em Goi&acirc;nia. S&atilde;o montadas bancas em stands com v&aacute;rios produtos visando mostrar como manter a sa&uacute;de da popula&ccedil;&atilde;o. Chamou a aten&ccedil;&atilde;o as maquetes onde os t&eacute;cnicos mostram ao vivo como se deve cuidar de casa para evitar a presen&ccedil;a do mosquito da dengue, ao lado de outra maquete onde h&aacute; ambiente prop&iacute;cio para a prolifera&ccedil;&atilde;o do mosquito.<\/span><\/p>\n<p style=\"text-align: justify;\"><span style=\"font-size: 12px;\">No evento deste fim de semana, o pen&uacute;ltimo deste ano, a equipe da SUVISA\/SES levou mais duas atividades novas: jogos de mem&oacute;ria para distribuir entre as crian&ccedil;as que foram ao local, em homenagem ao dia das crian&ccedil;as, no dia 12\/10. E a outra, que foi a mostra de produtos aliment&iacute;cios onde se pode observar a quantidade de gorduras e de a&ccedil;&uacute;cares e evitar ingest&atilde;o dos produtos com excesso desses itens, para n&atilde;o adquirir doen&ccedil;as como diabetes e cardiol&oacute;gicas. Outro item da exposi&ccedil;&atilde;o que chama a aten&ccedil;&atilde;o &eacute; a lupa com o microsc&oacute;pio, onde as pessoas podem visualizar melhor em pequenas tigelas com &aacute;gua desde o ovo do mosquito da dengue, seu r&aacute;pido desenvolvimento at&eacute; a fase adulta e suas formas de cont&aacute;gio. Tamb&eacute;m s&atilde;o distribu&iacute;das cartilhas para as fam&iacute;lias se orientarem melhor como se prevenir do aedes aegypti em casa.<\/span><\/p>\n<p style=\"text-align: justify;\"><span style=\"font-size: 12px;\">No pr&oacute;ximo dia 20\/10 ser&aacute; realizado o &uacute;ltimo Mutir&atilde;o deste ano, com grande concentra&ccedil;&atilde;o na Pra&ccedil;a C&iacute;vica no Centro de Goi&acirc;nia. A Coordena&ccedil;&atilde;o-Geral de Promo&ccedil;&atilde;o da Sa&uacute;de, respons&aacute;vel pelo stand da SUVISA\/SES nos mutir&otilde;es, j&aacute; est&aacute; programando novas a&ccedil;&otilde;es &ldquo;para chamar a aten&ccedil;&atilde;o dos visitantes quanto &agrave;s diversas formas de se cuidarem, evitando doen&ccedil;as e mantendo a sa&uacute;de em dia&rdquo; explica o respons&aacute;vel pelos trabalhos Thiago Guida.<\/span><\/p>\n<p style=\"text-align: justify;\"><span style=\"font-size: 12px;\"><br \/><\/span><\/p>\n<p style=\"text-align: justify;\"><span style=\"font-size: 12px;\"><img decoding=\"async\" title=\"\" src=\"https:\/\/goias.gov.br\/saude\/wp-content\/uploads\/sites\/34\/2019\/10\/img-20191012-wa0031-ff0.jpg\" alt=\"\"><img decoding=\"async\" title=\"\" src=\"https:\/\/goias.gov.br\/saude\/wp-content\/uploads\/sites\/34\/2019\/10\/img-20191013-wa0026-1dd.jpg\" alt=\"\"><\/span><\/p>\n<p><\/body><\/html><\/p>\n","protected":false},"excerpt":{"rendered":"<p>O Governo de Goi&aacute;s, por meio da Superintend&ecirc;ncia de Vigil&acirc;ncia em Sa&uacute;de\/SES, em parceria participou das a&ccedil;&otilde;es do Mutir&atilde;o da Prefeitura de Goi&acirc;nia, regi&atilde;o Noroeste, nos dias 12 e 13 na Pra&ccedil;a da Feira, na Avenida Mangal&ocirc;, Setor Morada do Sol, em Goi&acirc;nia. S&atilde;o montadas bancas em stands com v&aacute;rios produtos visando mostrar como manter [&hellip;]<\/p>\n","protected":false},"author":46,"featured_media":13040,"comment_status":"closed","ping_status":"open","sticky":false,"template":"","format":"standard","meta":{"footnotes":""},"categories":[2],"tags":[],"class_list":["post-13042","post","type-post","status-publish","format-standard","has-post-thumbnail","hentry","category-institucional"],"rttpg_featured_image_url":{"full":["https:\/\/goias.gov.br\/saude\/wp-content\/uploads\/sites\/34\/2019\/10\/img-20191012-wa0031-ff0.jpg",1032,774,false],"landscape":["https:\/\/goias.gov.br\/saude\/wp-content\/uploads\/sites\/34\/2019\/10\/img-20191012-wa0031-ff0.jpg",1032,774,false],"portraits":["https:\/\/goias.gov.br\/saude\/wp-content\/uploads\/sites\/34\/2019\/10\/img-20191012-wa0031-ff0.jpg",1032,774,false],"thumbnail":["https:\/\/goias.gov.br\/saude\/wp-content\/uploads\/sites\/34\/2019\/10\/img-20191012-wa0031-ff0-150x150.jpg",150,150,true],"medium":["https:\/\/goias.gov.br\/saude\/wp-content\/uploads\/sites\/34\/2019\/10\/img-20191012-wa0031-ff0-300x225.jpg",300,225,true],"large":["https:\/\/goias.gov.br\/saude\/wp-content\/uploads\/sites\/34\/2019\/10\/img-20191012-wa0031-ff0-1024x768.jpg",1024,768,true],"1536x1536":["https:\/\/goias.gov.br\/saude\/wp-content\/uploads\/sites\/34\/2019\/10\/img-20191012-wa0031-ff0.jpg",1032,774,false],"2048x2048":["https:\/\/goias.gov.br\/saude\/wp-content\/uploads\/sites\/34\/2019\/10\/img-20191012-wa0031-ff0.jpg",1032,774,false]},"rttpg_author":{"display_name":"cleybetsls","author_link":"https:\/\/goias.gov.br\/saude\/author\/cleybetsls\/"},"rttpg_comment":0,"rttpg_category":"<a href=\"https:\/\/goias.gov.br\/saude\/categoria\/institucional\/\" rel=\"category tag\">Institucional<\/a>","rttpg_excerpt":"O Governo de Goi&aacute;s, por meio da Superintend&ecirc;ncia de Vigil&acirc;ncia em Sa&uacute;de\/SES, em parceria participou das a&ccedil;&otilde;es do Mutir&atilde;o da Prefeitura de Goi&acirc;nia, regi&atilde;o Noroeste, nos dias 12 e 13 na Pra&ccedil;a da Feira, na Avenida Mangal&ocirc;, Setor Morada do Sol, em Goi&acirc;nia. S&atilde;o montadas bancas em stands com v&aacute;rios produtos visando mostrar como manter&hellip;","_links":{"self":[{"href":"https:\/\/goias.gov.br\/saude\/wp-json\/wp\/v2\/posts\/13042","targetHints":{"allow":["GET"]}}],"collection":[{"href":"https:\/\/goias.gov.br\/saude\/wp-json\/wp\/v2\/posts"}],"about":[{"href":"https:\/\/goias.gov.br\/saude\/wp-json\/wp\/v2\/types\/post"}],"author":[{"embeddable":true,"href":"https:\/\/goias.gov.br\/saude\/wp-json\/wp\/v2\/users\/46"}],"replies":[{"embeddable":true,"href":"https:\/\/goias.gov.br\/saude\/wp-json\/wp\/v2\/comments?post=13042"}],"version-history":[{"count":0,"href":"https:\/\/goias.gov.br\/saude\/wp-json\/wp\/v2\/posts\/13042\/revisions"}],"wp:featuredmedia":[{"embeddable":true,"href":"https:\/\/goias.gov.br\/saude\/wp-json\/wp\/v2\/media\/13040"}],"wp:attachment":[{"href":"https:\/\/goias.gov.br\/saude\/wp-json\/wp\/v2\/media?parent=13042"}],"wp:term":[{"taxonomy":"category","embeddable":true,"href":"https:\/\/goias.gov.br\/saude\/wp-json\/wp\/v2\/categories?post=13042"},{"taxonomy":"post_tag","embeddable":true,"href":"https:\/\/goias.gov.br\/saude\/wp-json\/wp\/v2\/tags?post=13042"}],"curies":[{"name":"wp","href":"https:\/\/api.w.org\/{rel}","templated":true}]}}