

{"id":13036,"date":"2019-10-23T05:10:01","date_gmt":"2019-10-23T08:10:01","guid":{"rendered":"https:\/\/siteshom.goias.gov.br\/saude\/23-10-2019\/"},"modified":"2019-10-23T05:10:01","modified_gmt":"2019-10-23T08:10:01","slug":"23-10-2019","status":"publish","type":"post","link":"https:\/\/goias.gov.br\/saude\/23-10-2019\/","title":{"rendered":"SUVISA presente na comemora\u00e7\u00e3o do Dia do Servidor P\u00fablico leva a\u00e7\u00f5es de sa\u00fade tamb\u00e9m aos servidores"},"content":{"rendered":"<p><!DOCTYPE html PUBLIC \"-\/\/W3C\/\/DTD HTML 4.0 Transitional\/\/EN\" \"https:\/\/www.w3.org\/TR\/REC-html40\/loose.dtd\"><br \/>\n<html><body><\/p>\n<p><img decoding=\"async\" title=\"\" src=\"https:\/\/goias.gov.br\/saude\/wp-content\/uploads\/sites\/34\/2019\/10\/img-20191022-wa0007-4b1.jpg\" alt=\"\"><img decoding=\"async\" title=\"\" src=\"https:\/\/goias.gov.br\/saude\/wp-content\/uploads\/sites\/34\/2019\/10\/img-20191022-wa0006-767.jpg\" alt=\"\"><img decoding=\"async\" title=\"\" src=\"https:\/\/goias.gov.br\/saude\/wp-content\/uploads\/sites\/34\/2019\/10\/img-20191022-wa0011-1-26a.jpg\" alt=\"\"><\/p>\n<p style=\"text-align: justify;\"><span style=\"font-size: 12px;\">O Dia do Servidor P&uacute;blico, 28 de outubro, e, portanto, feriado para esses profissionais, foi celebrado na manh&atilde; do &uacute;ltimo domingo (20\/10), pelo Governo do Estado, com festa em edi&ccedil;&atilde;o especial <em>do Viva a Pra&ccedil;a C&iacute;vica<\/em>, e muitas atividades s&oacute;cio culturais e lazer para adultos e crian&ccedil;as. Sorteios de brindes, feira de artesanato e gastronomia, &aacute;rea de conviv&ecirc;ncia, foram a&ccedil;&otilde;es que levaram centenas de servidores &agrave; Pra&ccedil;a C&iacute;vica, mesmo com o forte calor. O feriado do dia 28 foi antecipado para o dia 25, sexta-feira, que ir&aacute; emendar com o feriado do anivers&aacute;rio de Goi&acirc;nia, dia 24 de outubro, quinta-feira<\/span><\/p>\n<p style=\"text-align: justify;\"><span style=\"font-size: 12px;\">O <em>Viva a Pra&ccedil;a C&iacute;vica<\/em> contou com a participa&ccedil;&atilde;o dos servidores p&uacute;blicos de v&aacute;rias reparti&ccedil;&otilde;es que elogiaram a organiza&ccedil;&atilde;o do evento, cujas atividades foram programadas pela Secretaria da Administra&ccedil;&atilde;o (SEAD) e contou com a&ccedil;&otilde;es das demais pastas do Governo do Estado. A Secretaria da Sa&uacute;de, presente com equipes da Suvisa por meio da Coordena&ccedil;&atilde;o-Geral de Promo&ccedil;&atilde;o da Sa&uacute;de, realizou atividades como aferi&ccedil;&atilde;o de press&atilde;o e glicemia, gotas homeop&aacute;ticas, cobras e maquetes de animais pe&ccedil;onhentos, o que chamou muito a aten&ccedil;&atilde;o dos presentes, como o ciclo evolutivo do mosquito Aedes Aegypti.<\/span><\/p>\n<p style=\"text-align: justify;\"><span style=\"font-size: 12px;\">Estavam presentes autoridades dos tr&ecirc;s poderes: Executivo, Legislativo e Judici&aacute;rio. O Governador Ronaldo Caiado fez breve pronunciamento, ao dizer que &ldquo;estamos numa situa&ccedil;&atilde;o em Goi&aacute;s que o governo n&atilde;o pode ser apenas uma estrutura para pagar sal&aacute;rio, mas para dar, cada vez mais, melhoria ao cidad&atilde;o, que hoje tamb&eacute;m nos sustenta pagando impostos&rdquo;. &nbsp;E acrescentou que &ldquo;ser governador do Estado &eacute; ser um funcion&aacute;rio p&uacute;blico que tem a responsabilidade de construir um elo, cada vez mais forte, entre o governo e o servidor.&rdquo;<\/span><\/p>\n<p><\/body><\/html><\/p>\n","protected":false},"excerpt":{"rendered":"<p>O Dia do Servidor P&uacute;blico, 28 de outubro, e, portanto, feriado para esses profissionais, foi celebrado na manh&atilde; do &uacute;ltimo domingo (20\/10), pelo Governo do Estado, com festa em edi&ccedil;&atilde;o especial do Viva a Pra&ccedil;a C&iacute;vica, e muitas atividades s&oacute;cio culturais e lazer para adultos e crian&ccedil;as. Sorteios de brindes, feira de artesanato e gastronomia, [&hellip;]<\/p>\n","protected":false},"author":46,"featured_media":13033,"comment_status":"closed","ping_status":"open","sticky":false,"template":"","format":"standard","meta":{"footnotes":""},"categories":[2],"tags":[],"class_list":["post-13036","post","type-post","status-publish","format-standard","has-post-thumbnail","hentry","category-institucional"],"rttpg_featured_image_url":{"full":["https:\/\/goias.gov.br\/saude\/wp-content\/uploads\/sites\/34\/2019\/10\/img-20191022-wa0007-4b1.jpg",1280,720,false],"landscape":["https:\/\/goias.gov.br\/saude\/wp-content\/uploads\/sites\/34\/2019\/10\/img-20191022-wa0007-4b1.jpg",1280,720,false],"portraits":["https:\/\/goias.gov.br\/saude\/wp-content\/uploads\/sites\/34\/2019\/10\/img-20191022-wa0007-4b1.jpg",1280,720,false],"thumbnail":["https:\/\/goias.gov.br\/saude\/wp-content\/uploads\/sites\/34\/2019\/10\/img-20191022-wa0007-4b1-150x150.jpg",150,150,true],"medium":["https:\/\/goias.gov.br\/saude\/wp-content\/uploads\/sites\/34\/2019\/10\/img-20191022-wa0007-4b1-300x169.jpg",300,169,true],"large":["https:\/\/goias.gov.br\/saude\/wp-content\/uploads\/sites\/34\/2019\/10\/img-20191022-wa0007-4b1-1024x576.jpg",1024,576,true],"1536x1536":["https:\/\/goias.gov.br\/saude\/wp-content\/uploads\/sites\/34\/2019\/10\/img-20191022-wa0007-4b1.jpg",1280,720,false],"2048x2048":["https:\/\/goias.gov.br\/saude\/wp-content\/uploads\/sites\/34\/2019\/10\/img-20191022-wa0007-4b1.jpg",1280,720,false]},"rttpg_author":{"display_name":"cleybetsls","author_link":"https:\/\/goias.gov.br\/saude\/author\/cleybetsls\/"},"rttpg_comment":0,"rttpg_category":"<a href=\"https:\/\/goias.gov.br\/saude\/categoria\/institucional\/\" rel=\"category tag\">Institucional<\/a>","rttpg_excerpt":"O Dia do Servidor P&uacute;blico, 28 de outubro, e, portanto, feriado para esses profissionais, foi celebrado na manh&atilde; do &uacute;ltimo domingo (20\/10), pelo Governo do Estado, com festa em edi&ccedil;&atilde;o especial do Viva a Pra&ccedil;a C&iacute;vica, e muitas atividades s&oacute;cio culturais e lazer para adultos e crian&ccedil;as. Sorteios de brindes, feira de artesanato e gastronomia,&hellip;","_links":{"self":[{"href":"https:\/\/goias.gov.br\/saude\/wp-json\/wp\/v2\/posts\/13036","targetHints":{"allow":["GET"]}}],"collection":[{"href":"https:\/\/goias.gov.br\/saude\/wp-json\/wp\/v2\/posts"}],"about":[{"href":"https:\/\/goias.gov.br\/saude\/wp-json\/wp\/v2\/types\/post"}],"author":[{"embeddable":true,"href":"https:\/\/goias.gov.br\/saude\/wp-json\/wp\/v2\/users\/46"}],"replies":[{"embeddable":true,"href":"https:\/\/goias.gov.br\/saude\/wp-json\/wp\/v2\/comments?post=13036"}],"version-history":[{"count":0,"href":"https:\/\/goias.gov.br\/saude\/wp-json\/wp\/v2\/posts\/13036\/revisions"}],"wp:featuredmedia":[{"embeddable":true,"href":"https:\/\/goias.gov.br\/saude\/wp-json\/wp\/v2\/media\/13033"}],"wp:attachment":[{"href":"https:\/\/goias.gov.br\/saude\/wp-json\/wp\/v2\/media?parent=13036"}],"wp:term":[{"taxonomy":"category","embeddable":true,"href":"https:\/\/goias.gov.br\/saude\/wp-json\/wp\/v2\/categories?post=13036"},{"taxonomy":"post_tag","embeddable":true,"href":"https:\/\/goias.gov.br\/saude\/wp-json\/wp\/v2\/tags?post=13036"}],"curies":[{"name":"wp","href":"https:\/\/api.w.org\/{rel}","templated":true}]}}