

{"id":118967,"date":"2024-09-17T13:28:05","date_gmt":"2024-09-17T16:28:05","guid":{"rendered":"https:\/\/goias.gov.br\/saude\/?p=118967"},"modified":"2024-09-17T13:28:05","modified_gmt":"2024-09-17T16:28:05","slug":"lacen-goias-participa-de-treinamento-internacional-para-auditores","status":"publish","type":"post","link":"https:\/\/goias.gov.br\/saude\/lacen-goias-participa-de-treinamento-internacional-para-auditores\/","title":{"rendered":"Lacen Goi\u00e1s participa de treinamento internacional para auditores"},"content":{"rendered":"\n<p class=\"has-text-align-center\"><strong>Evento contou com representantes de todas as regi\u00f5es do Brasil, mais profissionais da Argentina e Paraguai<\/strong><\/p>\n\n\n\n<!--more-->\n\n\n\n<figure class=\"wp-block-image size-large\"><img fetchpriority=\"high\" decoding=\"async\" width=\"1024\" height=\"808\" src=\"https:\/\/goias.gov.br\/saude\/wp-content\/uploads\/sites\/34\/2024\/09\/170924-lacen-auditoria-treinamento-1024x808.jpeg\" alt=\"\" class=\"wp-image-118984\" srcset=\"https:\/\/goias.gov.br\/saude\/wp-content\/uploads\/sites\/34\/2024\/09\/170924-lacen-auditoria-treinamento-1024x808.jpeg 1024w, https:\/\/goias.gov.br\/saude\/wp-content\/uploads\/sites\/34\/2024\/09\/170924-lacen-auditoria-treinamento-300x237.jpeg 300w, https:\/\/goias.gov.br\/saude\/wp-content\/uploads\/sites\/34\/2024\/09\/170924-lacen-auditoria-treinamento-768x606.jpeg 768w, https:\/\/goias.gov.br\/saude\/wp-content\/uploads\/sites\/34\/2024\/09\/170924-lacen-auditoria-treinamento.jpeg 1128w\" sizes=\"(max-width: 1024px) 100vw, 1024px\" \/><figcaption class=\"wp-element-caption\">P<em>elo Lacen-GO, participaram o diretor-geral do Laborat\u00f3rio, Vin\u00edcius Lemes, e a coordenadora de Qualidade, Rosa Maria<\/em><\/figcaption><\/figure>\n\n\n\n<p>O Laborat\u00f3rio de Sa\u00fade P\u00fablica Dr. Giovanni Cysneiros (Lacen-GO), unidade do governo de Goi\u00e1s, participou, na \u00faltima semana, da primeira edi\u00e7\u00e3o do \u201cTreinamento de Avaliadores da Am\u00e9rica do Sul para o processo de melhoria da qualidade laboratorial rumo \u00e0 credita\u00e7\u00e3o (SLIPTA)\u201d da Am\u00e9rica do Sul. O evento, realizado em Bel\u00e9m (PA), contou com a representa\u00e7\u00e3o de 18 treinandos, de todas as regi\u00f5es do Brasil, mais profissionais da Argentina e Paraguai.<\/p>\n\n\n\n<p>O objetivo \u00e9 promover a capacita\u00e7\u00e3o dos profissionais que atuam na gest\u00e3o de qualidade dos laborat\u00f3rios p\u00fablicos de todo o pa\u00eds e parte da Am\u00e9rica Latina. O treinamento foi oferecido pelo Centros de Controle e Preven\u00e7\u00e3o de Doen\u00e7as (CDC\/EUA), em parceria com o Minist\u00e9rio da Sa\u00fade (MS) e a African Society for Laboratory Medicine (ASLM), que \u00e9 uma organiza\u00e7\u00e3o pan-africana que trabalha para melhorar a rede e os sistemas de laborat\u00f3rios m\u00e9dicos na \u00c1frica.<\/p>\n\n\n\n<p>Servidores da \u00e1rea da Sa\u00fade de sete estados brasileiros participaram, sendo eles Goi\u00e1s, Para\u00edba, S\u00e3o Paulo, Par\u00e1, Rio Grande do Sul, Amazonas e Paran\u00e1, que s\u00e3o os primeiros Estados da Federa\u00e7\u00e3o a participarem. Pelo Lacen-GO, participaram o diretor-geral do Laborat\u00f3rio, Vin\u00edcius Lemes, e a coordenadora de Qualidade, Rosa Maria.<\/p>\n\n\n\n<p>O evento \u00e9 o fechamento da auditoria de valida\u00e7\u00e3o que foi realizada no Lacen-PB em novembro de 2023, da qual o Lacen-GO tamb\u00e9m participou. A etapa realizada em Bel\u00e9m \u00e9 importante para o processo de acredita\u00e7\u00e3o do Laborat\u00f3rio de Sa\u00fade P\u00fablica de Goi\u00e1s na Norma ISO 15189, que trata da Gest\u00e3o da Qualidade em Laborat\u00f3rios de Alta Complexidade e busca a padroniza\u00e7\u00e3o dos processos de Gest\u00e3o da Qualidade na Rede de laborat\u00f3rios de Sa\u00fade P\u00fablica no pa\u00eds.<\/p>\n\n\n\n<p>Riva Kran (texto) e Suvisa (foto)<\/p>\n","protected":false},"excerpt":{"rendered":"<p>Evento contou com representantes de todas as regi\u00f5es do Brasil, mais profissionais da Argentina e Paraguai<\/p>\n","protected":false},"author":165,"featured_media":118984,"comment_status":"closed","ping_status":"open","sticky":false,"template":"","format":"standard","meta":{"footnotes":""},"categories":[3],"tags":[295],"class_list":["post-118967","post","type-post","status-publish","format-standard","has-post-thumbnail","hentry","category-noticias","tag-lacen"],"rttpg_featured_image_url":{"full":["https:\/\/goias.gov.br\/saude\/wp-content\/uploads\/sites\/34\/2024\/09\/170924-lacen-auditoria-treinamento.jpeg",1128,890,false],"landscape":["https:\/\/goias.gov.br\/saude\/wp-content\/uploads\/sites\/34\/2024\/09\/170924-lacen-auditoria-treinamento.jpeg",1128,890,false],"portraits":["https:\/\/goias.gov.br\/saude\/wp-content\/uploads\/sites\/34\/2024\/09\/170924-lacen-auditoria-treinamento.jpeg",1128,890,false],"thumbnail":["https:\/\/goias.gov.br\/saude\/wp-content\/uploads\/sites\/34\/2024\/09\/170924-lacen-auditoria-treinamento-150x150.jpeg",150,150,true],"medium":["https:\/\/goias.gov.br\/saude\/wp-content\/uploads\/sites\/34\/2024\/09\/170924-lacen-auditoria-treinamento-300x237.jpeg",300,237,true],"large":["https:\/\/goias.gov.br\/saude\/wp-content\/uploads\/sites\/34\/2024\/09\/170924-lacen-auditoria-treinamento-1024x808.jpeg",1024,808,true],"1536x1536":["https:\/\/goias.gov.br\/saude\/wp-content\/uploads\/sites\/34\/2024\/09\/170924-lacen-auditoria-treinamento.jpeg",1128,890,false],"2048x2048":["https:\/\/goias.gov.br\/saude\/wp-content\/uploads\/sites\/34\/2024\/09\/170924-lacen-auditoria-treinamento.jpeg",1128,890,false]},"rttpg_author":{"display_name":"ricardocruz","author_link":"https:\/\/goias.gov.br\/saude\/author\/ricardocruz\/"},"rttpg_comment":0,"rttpg_category":"<a href=\"https:\/\/goias.gov.br\/saude\/categoria\/noticias\/\" rel=\"category tag\">Not\u00edcias<\/a>","rttpg_excerpt":"Evento contou com representantes de todas as regi\u00f5es do Brasil, mais profissionais da Argentina e Paraguai","_links":{"self":[{"href":"https:\/\/goias.gov.br\/saude\/wp-json\/wp\/v2\/posts\/118967","targetHints":{"allow":["GET"]}}],"collection":[{"href":"https:\/\/goias.gov.br\/saude\/wp-json\/wp\/v2\/posts"}],"about":[{"href":"https:\/\/goias.gov.br\/saude\/wp-json\/wp\/v2\/types\/post"}],"author":[{"embeddable":true,"href":"https:\/\/goias.gov.br\/saude\/wp-json\/wp\/v2\/users\/165"}],"replies":[{"embeddable":true,"href":"https:\/\/goias.gov.br\/saude\/wp-json\/wp\/v2\/comments?post=118967"}],"version-history":[{"count":1,"href":"https:\/\/goias.gov.br\/saude\/wp-json\/wp\/v2\/posts\/118967\/revisions"}],"predecessor-version":[{"id":118995,"href":"https:\/\/goias.gov.br\/saude\/wp-json\/wp\/v2\/posts\/118967\/revisions\/118995"}],"wp:featuredmedia":[{"embeddable":true,"href":"https:\/\/goias.gov.br\/saude\/wp-json\/wp\/v2\/media\/118984"}],"wp:attachment":[{"href":"https:\/\/goias.gov.br\/saude\/wp-json\/wp\/v2\/media?parent=118967"}],"wp:term":[{"taxonomy":"category","embeddable":true,"href":"https:\/\/goias.gov.br\/saude\/wp-json\/wp\/v2\/categories?post=118967"},{"taxonomy":"post_tag","embeddable":true,"href":"https:\/\/goias.gov.br\/saude\/wp-json\/wp\/v2\/tags?post=118967"}],"curies":[{"name":"wp","href":"https:\/\/api.w.org\/{rel}","templated":true}]}}