

{"id":118827,"date":"2024-09-17T13:06:26","date_gmt":"2024-09-17T16:06:26","guid":{"rendered":"https:\/\/goias.gov.br\/saude\/?p=118827"},"modified":"2024-09-17T14:03:41","modified_gmt":"2024-09-17T17:03:41","slug":"governo-desenvolve-acoes-continuas-voltadas-a-seguranca-do-paciente","status":"publish","type":"post","link":"https:\/\/goias.gov.br\/saude\/governo-desenvolve-acoes-continuas-voltadas-a-seguranca-do-paciente\/","title":{"rendered":"Governo desenvolve a\u00e7\u00f5es cont\u00ednuas voltadas \u00e0 seguran\u00e7a do paciente"},"content":{"rendered":"\n<p class=\"has-text-align-center\"><strong>Iniciativas s\u00e3o intensificadas neste m\u00eas, per\u00edodo em que \u00e9 realizada a campanha Setembro Laranja. Evento visa conscientizar profissionais de sa\u00fade e cuidadores sobre procedimentos que minimizam eventos adversos<\/strong><\/p>\n\n\n\n<!--more-->\n\n\n<div class=\"wp-block-image\">\n<figure class=\"aligncenter size-large\"><img fetchpriority=\"high\" decoding=\"async\" width=\"1024\" height=\"682\" src=\"https:\/\/goias.gov.br\/saude\/wp-content\/uploads\/sites\/34\/2024\/09\/1709-seguranca-paciente-crer-1024x682.jpeg\" alt=\"\" class=\"wp-image-118844\" srcset=\"https:\/\/goias.gov.br\/saude\/wp-content\/uploads\/sites\/34\/2024\/09\/1709-seguranca-paciente-crer-1024x682.jpeg 1024w, https:\/\/goias.gov.br\/saude\/wp-content\/uploads\/sites\/34\/2024\/09\/1709-seguranca-paciente-crer-300x200.jpeg 300w, https:\/\/goias.gov.br\/saude\/wp-content\/uploads\/sites\/34\/2024\/09\/1709-seguranca-paciente-crer-768x512.jpeg 768w, https:\/\/goias.gov.br\/saude\/wp-content\/uploads\/sites\/34\/2024\/09\/1709-seguranca-paciente-crer-1536x1023.jpeg 1536w, https:\/\/goias.gov.br\/saude\/wp-content\/uploads\/sites\/34\/2024\/09\/1709-seguranca-paciente-crer.jpeg 1600w\" sizes=\"(max-width: 1024px) 100vw, 1024px\" \/><figcaption class=\"wp-element-caption\"><em>Em 2024, o Dia Mundial de Seguran\u00e7a do paciente tem como slogan &#8220;Fa\u00e7a certo, torne seguro!&#8221;<\/em><\/figcaption><\/figure>\n<\/div>\n\n\n<p>O Governo de Goi\u00e1s, por meio da Secretaria de Estado da Sa\u00fade de Goi\u00e1s (SES-GO), adota uma s\u00e9rie de iniciativas com o objetivo de mobilizar e de incentivar a ado\u00e7\u00e3o de condutas que promovem a sa\u00fade, o bem-estar e a seguran\u00e7a das pessoas em tratamento. Tais a\u00e7\u00f5es, desenvolvidas continuamente, s\u00e3o intensificadas neste m\u00eas, per\u00edodo em que \u00e9 realizada a campanha Setembro Laranja. Esse grande evento \u00e9 voltado \u00e0 conscientiza\u00e7\u00e3o dos profissionais de sa\u00fade, cuidadores, formuladores de pol\u00edticas p\u00fablicas e acompanhantes de cidad\u00e3os internados em estabelecimentos p\u00fablicos e privados sobre os procedimentos que minimizam a ocorr\u00eancia de eventos adversos.<\/p>\n\n\n\n<p>A SES-GO convida os representantes de \u00f3rg\u00e3os p\u00fabicos, empresas e organiza\u00e7\u00f5es sociais a iluminarem as fachadas na cor laranja, que alerta para os cuidados relacionados \u00e0 seguran\u00e7a do paciente. A campanha Setembro Laranja tem o seu ponto alto em 17 de setembro, quando \u00e9 celebrado o Dia Mundial de Seguran\u00e7a do Paciente. A data foi institu\u00edda em 2019 pela Organiza\u00e7\u00e3o Mundial de Sa\u00fade (OMS) com o objetivo de promover a conscientiza\u00e7\u00e3o sobre a necessidade de implementa\u00e7\u00e3o das pr\u00e1ticas de seguran\u00e7a dentro dos servi\u00e7os de sa\u00fade. O secret\u00e1rio de Estado da Sa\u00fade de Goi\u00e1s, Ras\u00edvel Santos, acentua que a SES-GO segue as orienta\u00e7\u00f5es globais para tornar os cuidados de sa\u00fade mais seguros.<\/p>\n\n\n\n<p>\u201cA Campanha Setembro Laranja constitui uma oportunidade para enfatizar a seguran\u00e7a do paciente e as iniciativas desenvolvidas rotineiramente com este prop\u00f3sito em Goi\u00e1s\u201d, assina o secret\u00e1rio. Ele destaca a import\u00e2ncia de gestores, popula\u00e7\u00e3o e representantes de entidades civis atuarem em sintonia para tornar os cuidados de sa\u00fade mais seguros. Para isso, conforme Ras\u00edvel Santos, \u00e9 fundamental compartilhar conhecimentos e pr\u00e1ticas seguras, al\u00e9m de divulgar o papel dos servi\u00e7os e profissionais na promo\u00e7\u00e3o da seguran\u00e7a do paciente.<\/p>\n\n\n\n<p><strong>Melhoria do diagn\u00f3stico<br><\/strong>Neste ano, o Dia Mundial de Seguran\u00e7a do paciente tem como tema Melhorando o diagn\u00f3stico para a seguran\u00e7a do paciente e o slogan &#8220;Fa\u00e7a certo, torne seguro!&#8221;. O tema procura destacar a import\u00e2ncia cr\u00edtica do diagn\u00f3stico correto e oportuno para garantir a seguran\u00e7a do paciente e melhorar os resultados de sa\u00fade. A coordenadora de Seguran\u00e7a do Paciente e de Controle de Infec\u00e7\u00e3o Hospitalar da Superintend\u00eancia de Vigil\u00e2ncia em Sa\u00fade da SES-GO, Adriana Gomes Pereira, enfatiza que um diagn\u00f3stico identifica o problema de sa\u00fade de um paciente e \u00e9 uma chave para acessar o cuidado e o tratamento de que ele precisa.<\/p>\n\n\n\n<p>\u201cUm erro de diagn\u00f3stico \u00e9 a falha em estabelecer uma explica\u00e7\u00e3o correta e oportuna do problema de sa\u00fade de um paciente, o que pode incluir diagn\u00f3sticos atrasados, incorretos ou perdidos, ou uma falha em comunicar essa explica\u00e7\u00e3o ao paciente\u201d sublinha a coordenadora. Ela assinala, ainda, que os erros de diagn\u00f3stico podem ser evitados por meio de interven\u00e7\u00f5es multidisciplinares, baseadas no pensamento sist\u00eamico, nos fatores humanos e no envolvimento ativo dos pacientes, das suas fam\u00edlias, dos profissionais de sa\u00fade e dos respons\u00e1veis pelos cuidados de sa\u00fade.<\/p>\n\n\n\n<p>Adriana Pereira informa, ainda, que essas interven\u00e7\u00f5es incluem, mas n\u00e3o se limitam \u00e0 verifica\u00e7\u00e3o do hist\u00f3rico completo do paciente, \u00e0 realiza\u00e7\u00e3o de um exame cl\u00ednico exaustivo, \u00e0 melhoria do acesso a testes de diagn\u00f3stico, a implementa\u00e7\u00e3o de m\u00e9todos para medir e aprender com os erros de diagn\u00f3stico e a ado\u00e7\u00e3o de solu\u00e7\u00f5es de base tecnol\u00f3gica. Ela ressalta que a Suvisa faz um trabalho sistem\u00e1tico de repasse de informa\u00e7\u00f5es e de fiscaliza\u00e7\u00e3o das unidades hospitalares para assegurar o cumprimento de procedimentos relacionados \u00e0 seguran\u00e7a do paciente.<\/p>\n\n\n\n<p>Na campanha Setembro Laranja, a Suvisa est\u00e1 apoiando os servi\u00e7os de sa\u00fade p\u00fablicos e privados na execu\u00e7\u00e3o de duas a\u00e7\u00f5es, por meio de palestras e orienta\u00e7\u00f5es para implanta\u00e7\u00e3o de iniciativas que mitiguem a ocorr\u00eancia de eventos adversos associados ao tema.<\/p>\n\n\n\n<p>A Suvisa tamb\u00e9m vai apoiar os simp\u00f3sios que ser\u00e3o realizados pelas coordena\u00e7\u00f5es municipais de Aparecida de Goi\u00e2nia, Jata\u00ed, Rio Verde e An\u00e1polis. Al\u00e9m disso, os profissionais da Suvisa v\u00e3o participar de uma discuss\u00e3o sobre seguran\u00e7a do paciente na Universidade Evang\u00e9lica de An\u00e1polis.<\/p>\n\n\n\n<p>Maria Jos\u00e9 Silva (texto), da Comunica\u00e7\u00e3o Setorial e Crer (foto)<\/p>\n","protected":false},"excerpt":{"rendered":"<p>Iniciativas s\u00e3o intensificadas neste m\u00eas, per\u00edodo em que \u00e9 realizada a campanha Setembro Laranja<\/p>\n","protected":false},"author":164,"featured_media":118844,"comment_status":"closed","ping_status":"open","sticky":false,"template":"","format":"standard","meta":{"footnotes":""},"categories":[3],"tags":[196],"class_list":["post-118827","post","type-post","status-publish","format-standard","has-post-thumbnail","hentry","category-noticias","tag-seguranca-do-paciente"],"rttpg_featured_image_url":{"full":["https:\/\/goias.gov.br\/saude\/wp-content\/uploads\/sites\/34\/2024\/09\/1709-seguranca-paciente-crer.jpeg",1600,1066,false],"landscape":["https:\/\/goias.gov.br\/saude\/wp-content\/uploads\/sites\/34\/2024\/09\/1709-seguranca-paciente-crer.jpeg",1600,1066,false],"portraits":["https:\/\/goias.gov.br\/saude\/wp-content\/uploads\/sites\/34\/2024\/09\/1709-seguranca-paciente-crer.jpeg",1600,1066,false],"thumbnail":["https:\/\/goias.gov.br\/saude\/wp-content\/uploads\/sites\/34\/2024\/09\/1709-seguranca-paciente-crer-150x150.jpeg",150,150,true],"medium":["https:\/\/goias.gov.br\/saude\/wp-content\/uploads\/sites\/34\/2024\/09\/1709-seguranca-paciente-crer-300x200.jpeg",300,200,true],"large":["https:\/\/goias.gov.br\/saude\/wp-content\/uploads\/sites\/34\/2024\/09\/1709-seguranca-paciente-crer-1024x682.jpeg",1024,682,true],"1536x1536":["https:\/\/goias.gov.br\/saude\/wp-content\/uploads\/sites\/34\/2024\/09\/1709-seguranca-paciente-crer-1536x1023.jpeg",1536,1023,true],"2048x2048":["https:\/\/goias.gov.br\/saude\/wp-content\/uploads\/sites\/34\/2024\/09\/1709-seguranca-paciente-crer.jpeg",1600,1066,false]},"rttpg_author":{"display_name":"isabelamelo","author_link":"https:\/\/goias.gov.br\/saude\/author\/isabelamelo\/"},"rttpg_comment":0,"rttpg_category":"<a href=\"https:\/\/goias.gov.br\/saude\/categoria\/noticias\/\" rel=\"category tag\">Not\u00edcias<\/a>","rttpg_excerpt":"Iniciativas s\u00e3o intensificadas neste m\u00eas, per\u00edodo em que \u00e9 realizada a campanha Setembro Laranja","_links":{"self":[{"href":"https:\/\/goias.gov.br\/saude\/wp-json\/wp\/v2\/posts\/118827","targetHints":{"allow":["GET"]}}],"collection":[{"href":"https:\/\/goias.gov.br\/saude\/wp-json\/wp\/v2\/posts"}],"about":[{"href":"https:\/\/goias.gov.br\/saude\/wp-json\/wp\/v2\/types\/post"}],"author":[{"embeddable":true,"href":"https:\/\/goias.gov.br\/saude\/wp-json\/wp\/v2\/users\/164"}],"replies":[{"embeddable":true,"href":"https:\/\/goias.gov.br\/saude\/wp-json\/wp\/v2\/comments?post=118827"}],"version-history":[{"count":2,"href":"https:\/\/goias.gov.br\/saude\/wp-json\/wp\/v2\/posts\/118827\/revisions"}],"predecessor-version":[{"id":119067,"href":"https:\/\/goias.gov.br\/saude\/wp-json\/wp\/v2\/posts\/118827\/revisions\/119067"}],"wp:featuredmedia":[{"embeddable":true,"href":"https:\/\/goias.gov.br\/saude\/wp-json\/wp\/v2\/media\/118844"}],"wp:attachment":[{"href":"https:\/\/goias.gov.br\/saude\/wp-json\/wp\/v2\/media?parent=118827"}],"wp:term":[{"taxonomy":"category","embeddable":true,"href":"https:\/\/goias.gov.br\/saude\/wp-json\/wp\/v2\/categories?post=118827"},{"taxonomy":"post_tag","embeddable":true,"href":"https:\/\/goias.gov.br\/saude\/wp-json\/wp\/v2\/tags?post=118827"}],"curies":[{"name":"wp","href":"https:\/\/api.w.org\/{rel}","templated":true}]}}