

{"id":1078,"date":"2018-11-27T13:05:32","date_gmt":"2018-11-27T15:05:32","guid":{"rendered":"https:\/\/siteshom.goias.gov.br\/saude\/aviso-de-coletiva-goias-contra-o-aedes\/"},"modified":"2018-11-27T13:05:32","modified_gmt":"2018-11-27T15:05:32","slug":"aviso-de-coletiva-goias-contra-o-aedes","status":"publish","type":"post","link":"https:\/\/goias.gov.br\/saude\/aviso-de-coletiva-goias-contra-o-aedes\/","title":{"rendered":"AVISO DE COLETIVA  GOI\u00c1S CONTRA O AEDES"},"content":{"rendered":"<p>&nbsp;<\/p>\n<p>A Secretaria de Estado da Sa\u00fade de Goi\u00e1s (SES-GO) informa que acontecer\u00e1 nessa quarta-feira, dia 28 de novembro, das 8h \u00e0s 12h, na Superintend\u00eancia de Vigil\u00e2ncia em Sa\u00fade (Suvisa), entrevista coletiva para divulgar dados mais recentes do Levantamento de \u00cdndice Amostral\/Levantamento de \u00cdndice R\u00e1pido para Aedes aegypti (LIA\/LIRAa). O coordenador geral de combate ao Aedes da SES, Marcelo Rosa, atender\u00e1 os ve\u00edculos de comunica\u00e7\u00e3o das 8h \u00e0s 12h.<\/p>\n<p><strong>ASSUNTO:<\/strong> mais recentes dados do Levantamento de \u00cdndice Amostral\/Levantamento de \u00cdndice R\u00e1pido para Aedes aegypti (LIA\/LIRAa)<\/p>\n<p><strong>DATA:<\/strong> 28 de novembro de 2018 \u2013 quarta-feira<\/p>\n<p><strong>HORA:<\/strong> 8h \u00e0s 12h<\/p>\n<p><strong>LOCAL:<\/strong> Avenida 136, Qd. F-44 Lts. 22 e 24, Edif\u00edcio C\u00e9sar Sebba, Setor Sul, Goi\u00e2nia (GO).<\/p>\n<p>&nbsp;<\/p>\n<p><strong>Sa\u00fade alerta popula\u00e7\u00e3o a diminuir \u00edndices do Aedes<\/strong><\/p>\n<p>Desde 2015 a Secretaria de Estado da Sa\u00fade de Goi\u00e1s (SES-GO) desenvolve a a\u00e7\u00e3o Goi\u00e1s contra o Aedes em todo o territ\u00f3rio goiano com o prop\u00f3sito de eliminar os prov\u00e1veis criadouros do mosquito Aedes aegypti e de conscientizar e mobilizar a popula\u00e7\u00e3o sobre a necessidade de realizar a atividade de forma rotineira. A for\u00e7a-tarefa, efetivada em parceria com o Corpo de Bombeiros, prefeituras municipais e entidades civis, obteve \u00eaxitos extremamente significativos.<\/p>\n<p>No in\u00edcio da a\u00e7\u00e3o o \u00edndice de infesta\u00e7\u00e3o do Aedes em Goi\u00e1s era de 3,99%. Alguns meses depois, baixou para menos de 1%, considerado toler\u00e1vel pelo Minist\u00e9rio da Sa\u00fade. Ainda em 2016, 30 munic\u00edpios goianos alcan\u00e7aram o m\u00e9rito de zerar os \u00edndices de infesta\u00e7\u00e3o do vetor e foram certificados temporariamente como territ\u00f3rios livres do Aedes. Tais resultados, altamente positivos, fizeram com que a for\u00e7a-tarefa Goi\u00e1s contra o Aedes se tornasse refer\u00eancia no Pa\u00eds.<\/p>\n<p><strong>Levantamentos<\/strong><\/p>\n<p>A a\u00e7\u00e3o \u00e9 realizada continuamente em todos os munic\u00edpios. Mesmo com todos os esfor\u00e7os empreendidos pela SES-GO, o \u00faltimo Levantamento de \u00cdndice Amostral\/Levantamento de \u00cdndice R\u00e1pido para Aedes aegypti (LIA\/LIRAa), realizado em outubro e in\u00edcio de novembro, constatou um \u00edndice de infesta\u00e7\u00e3o predial de 1,10%. Este indice \u00e9 bem maior do que o verificado no mesmo per\u00edodo do ano passado (0,22% em outubro de 2017). Em Goi\u00e1s, at\u00e9 o momento, foram feitas 55.436 notifica\u00e7\u00f5es de dengue, o que \u00edndica um cen\u00e1rio com mais pessoas doentes e mais mosquitos nos domic\u00edlios.<\/p>\n<p>O coordenador-geral de Combate ao Aedes da SES-GO, Marcello Rosa, destaca que dois grandes fatores contribu\u00edram para o aumento da infesta\u00e7\u00e3o e dos casos de dengue. Um deles \u00e9 a antecipa\u00e7\u00e3o do per\u00edodo chuvoso no Estado neste ano, per\u00edodo em que naturalmente h\u00e1 a prolifera\u00e7\u00e3o do inseto pelo ac\u00famulo de \u00e1gua. O outro fato \u00e9 a desmobiliza\u00e7\u00e3o da popula\u00e7\u00e3o, considerando sobretudo que a dengue e a zika n\u00e3o estiveram em evid\u00eancia nos meios de comunica\u00e7\u00e3o ao longo deste ano, o que pode ter dado ao cidad\u00e3o a falsa sensa\u00e7\u00e3o de que ele n\u00e3o deveria tomar os cuidados em seus domic\u00edlios.<\/p>\n<p>\u201cA popula\u00e7\u00e3o pode ter se equivocado e adotado esse comportamento, de n\u00e3o ter feito a sua parte nos cuidados com sua casa, minimizando e desperidi\u00e7ando todos os esfor\u00e7os que os prefeitos, secret\u00e1rios munici\u00e1is de Sa\u00fade e t\u00e9cnicos municipais, em parceria com a SES-GO e Corpo de Bombeiros, desenvolveram ao longo de tr\u00eas anos da A\u00e7\u00e3o Goi\u00e1s contra o Aedes\u201d, enfatiza Marcello Rosa.<\/p>\n<p>O coordenador-geral de Combate ao Aedes destaca que o LIA\/LIRAa acende a luz de alerta para toda a popula\u00e7\u00e3o de Goi\u00e1s. \u201cEstamos com uma infesta\u00e7\u00e3o preocupante no Estado e a circula\u00e7\u00e3o viral do sorotipo mais perigoso da dengue (tipo 2). Diante desta situa\u00e7\u00e3o, \u00e9 fundamental que a popula\u00e7\u00e3o inspecione semanalmente seus im\u00f3veis e elimine toda forma de \u00e1gua parada.\u201d<\/p>\n<p><strong>Lixo e \u00e1gua parada<\/strong><\/p>\n<p>O levantamento feito pela SES-GO constatou que criadouros predominantes do Aedes aegypti novamente foram a disposi\u00e7\u00e3o inadequada do lixo pelos cidad\u00e3os, com 36%, e o ac\u00famulo de \u00e1gua em recipientes inadequados nos domic\u00edlios com, 26%. Portanto, os vil\u00f5es da infesta\u00e7\u00e3o est\u00e3o totalmente ao alcance da a\u00e7\u00e3o dos cidad\u00e3os goianos.<\/p>\n<p>A SES-GO recomenda que os gestores municipais convoquem, al\u00e9m dos agentes comunit\u00e1rios de sa\u00fade e agentes comunit\u00e1rios de endemias, os fiscais das Vigil\u00e2ncias Sanit\u00e1rias para compor as equipes que fazem as visitas domiciliares. Este fato \u00e9 previsto no Artigo 10\u00ba da Lei Federal 6.437\/1977 que define como Infra\u00e7\u00e3o Sanit\u00e1ria a reincid\u00eancia de focos de vetores, pass\u00edvel de autua\u00e7\u00e3o e multa.<\/p>\n<p>Marcello Rosa acentua que o Sistema Integrado de Monitoramento Aedes Zero (SIMAZ) tem todos os endere\u00e7os dos im\u00f3veis em que foram encontrados os focos e pode ser utilizado pelos gestores municipais como fonte para essa atua\u00e7\u00e3o en\u00e9rgica e necess\u00e1ria. Afinal, destaca o coordenador-geral de Combate ao Aedes, \u00e9 um pequeno percentual da popula\u00e7\u00e3o que tem deixado de fazer aquilo que lhe \u00e9 obriga\u00e7\u00e3o: cuidar do seu pr\u00f3prio im\u00f3vel.<\/p>\n","protected":false},"excerpt":{"rendered":"<p>&nbsp; A Secretaria de Estado da Sa\u00fade de Goi\u00e1s (SES-GO) informa que acontecer\u00e1 nessa quarta-feira, dia 28 de novembro, das 8h \u00e0s 12h, na Superintend\u00eancia de Vigil\u00e2ncia em Sa\u00fade (Suvisa), entrevista coletiva para divulgar dados mais recentes do Levantamento de \u00cdndice Amostral\/Levantamento de \u00cdndice R\u00e1pido para Aedes aegypti (LIA\/LIRAa). O coordenador geral de combate ao [&hellip;]<\/p>\n","protected":false},"author":46,"featured_media":0,"comment_status":"closed","ping_status":"open","sticky":false,"template":"","format":"standard","meta":{"footnotes":""},"categories":[3],"tags":[],"class_list":["post-1078","post","type-post","status-publish","format-standard","hentry","category-noticias"],"rttpg_featured_image_url":null,"rttpg_author":{"display_name":"cleybetsls","author_link":"https:\/\/goias.gov.br\/saude\/author\/cleybetsls\/"},"rttpg_comment":0,"rttpg_category":"<a href=\"https:\/\/goias.gov.br\/saude\/categoria\/noticias\/\" rel=\"category tag\">Not\u00edcias<\/a>","rttpg_excerpt":"&nbsp; A Secretaria de Estado da Sa\u00fade de Goi\u00e1s (SES-GO) informa que acontecer\u00e1 nessa quarta-feira, dia 28 de novembro, das 8h \u00e0s 12h, na Superintend\u00eancia de Vigil\u00e2ncia em Sa\u00fade (Suvisa), entrevista coletiva para divulgar dados mais recentes do Levantamento de \u00cdndice Amostral\/Levantamento de \u00cdndice R\u00e1pido para Aedes aegypti (LIA\/LIRAa). O coordenador geral de combate ao&hellip;","_links":{"self":[{"href":"https:\/\/goias.gov.br\/saude\/wp-json\/wp\/v2\/posts\/1078","targetHints":{"allow":["GET"]}}],"collection":[{"href":"https:\/\/goias.gov.br\/saude\/wp-json\/wp\/v2\/posts"}],"about":[{"href":"https:\/\/goias.gov.br\/saude\/wp-json\/wp\/v2\/types\/post"}],"author":[{"embeddable":true,"href":"https:\/\/goias.gov.br\/saude\/wp-json\/wp\/v2\/users\/46"}],"replies":[{"embeddable":true,"href":"https:\/\/goias.gov.br\/saude\/wp-json\/wp\/v2\/comments?post=1078"}],"version-history":[{"count":0,"href":"https:\/\/goias.gov.br\/saude\/wp-json\/wp\/v2\/posts\/1078\/revisions"}],"wp:attachment":[{"href":"https:\/\/goias.gov.br\/saude\/wp-json\/wp\/v2\/media?parent=1078"}],"wp:term":[{"taxonomy":"category","embeddable":true,"href":"https:\/\/goias.gov.br\/saude\/wp-json\/wp\/v2\/categories?post=1078"},{"taxonomy":"post_tag","embeddable":true,"href":"https:\/\/goias.gov.br\/saude\/wp-json\/wp\/v2\/tags?post=1078"}],"curies":[{"name":"wp","href":"https:\/\/api.w.org\/{rel}","templated":true}]}}