

{"id":10490,"date":"2015-01-30T15:01:12","date_gmt":"2015-01-30T17:01:12","guid":{"rendered":"https:\/\/siteshom.goias.gov.br\/saude\/conselho-reune-se-com-secretario-de-saude\/"},"modified":"2015-01-30T15:01:12","modified_gmt":"2015-01-30T17:01:12","slug":"conselho-reune-se-com-secretario-de-saude","status":"publish","type":"post","link":"https:\/\/goias.gov.br\/saude\/conselho-reune-se-com-secretario-de-saude\/","title":{"rendered":"Conselho re\u00fane-se com Secret\u00e1rio de Sa\u00fade"},"content":{"rendered":"<p><img fetchpriority=\"high\" decoding=\"async\" class=\" size-full wp-image-10489\" src=\"https:\/\/goias.gov.br\/saude\/wp-content\/uploads\/sites\/34\/2015\/01\/alternativa1-d2f.jpg\" alt=\"\" width=\"726\" height=\"485\" srcset=\"https:\/\/goias.gov.br\/saude\/wp-content\/uploads\/sites\/34\/2015\/01\/alternativa1-d2f.jpg 726w, https:\/\/goias.gov.br\/saude\/wp-content\/uploads\/sites\/34\/2015\/01\/alternativa1-d2f-300x200.jpg 300w\" sizes=\"(max-width: 726px) 100vw, 726px\" \/><!DOCTYPE html PUBLIC \"-\/\/W3C\/\/DTD HTML 4.0 Transitional\/\/EN\" \"https:\/\/www.w3.org\/TR\/REC-html40\/loose.dtd\"><br \/>\n<html><body><\/p>\n<p>O Conselho Estadual de Sa&uacute;de esteve em reuni&atilde;o com Leonardo Vilela, Secret&aacute;rio de Sa&uacute;de de Goi&aacute;s, no &uacute;ltiimo dia 21, para apresentar os trabalhos em andamento e as atuais demandas do CES. Al&eacute;m de quest&otilde;es pontuais, o principal assunto discutido foi a realiza&ccedil;&atilde;o da 8&ordf; Confer&ecirc;ncia Estadual de Sa&uacute;de, que vai acontecer ainda esse ano.<\/p>\n<p>&nbsp;<\/p>\n<p>O presidente Venerando esclareceu que cabe &agrave; secretaria de sa&uacute;de o apoio t&eacute;cnico e financeiro para que se realize o evento, pois &#8220;o trabalho &eacute; enorme uma vez que o Conselho dever&aacute; assessorar os municipios para que fa&ccedil;am as estapas que antecedem a estadual&#8221;. O secret&aacute;rio-executivo do CES, Neusinho de Farias, explicou que a metodologia para realiza&ccedil;&atilde;o da Confer&ecirc;ncia ainda est&aacute; em constru&ccedil;&atilde;o. &#8220;Os t&oacute;picos principais que devem ser abordados s&atilde;o a atualiza&ccedil;&atilde;o e expans&atilde;o do Mapa da Sa&uacute;de para que seja feita a an&aacute;lise da situa&ccedil;&atilde;o de Sa&uacute;de&#8221;, informa. Para ilustrar a import&acirc;ncia desse evento, a vice-presidente do CES, Maria Cec&iacute;lia Martins, lembrou da 8&ordf; Confer&ecirc;ncia Nacional de Sa&uacute;de, realizada em 1986. &#8220;A vers&atilde;o nacional dessa Confer&ecirc;ncia &eacute; hist&oacute;rica porque &eacute; nela que se estabele os princ&iacute;pios fundadores do Sistema &Uacute;nico de Sa&uacute;de e n&oacute;s queremos explorar esse simbolismo&#8221;, destaca. Vilela mostrou-se sol&iacute;cito &agrave;s solicita&ccedil;&otilde;es e garantiu que a sua equipe estar&aacute; &agrave; disposi&ccedil;&atilde;o do Conselho.<\/p>\n<p>&nbsp;<\/p>\n<p><em>Ascom\/CESGO<\/em><\/p>\n<p><\/body><\/html><\/p>\n","protected":false},"excerpt":{"rendered":"<p>O Conselho Estadual de Sa&uacute;de esteve em reuni&atilde;o com Leonardo Vilela, Secret&aacute;rio de Sa&uacute;de de Goi&aacute;s, no &uacute;ltiimo dia 21, para apresentar os trabalhos em andamento e as atuais demandas do CES. Al&eacute;m de quest&otilde;es pontuais, o principal assunto discutido foi a realiza&ccedil;&atilde;o da 8&ordf; Confer&ecirc;ncia Estadual de Sa&uacute;de, que vai acontecer ainda esse ano. [&hellip;]<\/p>\n","protected":false},"author":46,"featured_media":10488,"comment_status":"closed","ping_status":"open","sticky":false,"template":"","format":"standard","meta":{"footnotes":""},"categories":[13],"tags":[],"class_list":["post-10490","post","type-post","status-publish","format-standard","has-post-thumbnail","hentry","category-noticias-conselho"],"rttpg_featured_image_url":{"full":["https:\/\/goias.gov.br\/saude\/wp-content\/uploads\/sites\/34\/2015\/01\/10945897_720131024769109_6032290463835467519_o-5c4.jpg",1037,692,false],"landscape":["https:\/\/goias.gov.br\/saude\/wp-content\/uploads\/sites\/34\/2015\/01\/10945897_720131024769109_6032290463835467519_o-5c4.jpg",1037,692,false],"portraits":["https:\/\/goias.gov.br\/saude\/wp-content\/uploads\/sites\/34\/2015\/01\/10945897_720131024769109_6032290463835467519_o-5c4.jpg",1037,692,false],"thumbnail":["https:\/\/goias.gov.br\/saude\/wp-content\/uploads\/sites\/34\/2015\/01\/10945897_720131024769109_6032290463835467519_o-5c4-150x150.jpg",150,150,true],"medium":["https:\/\/goias.gov.br\/saude\/wp-content\/uploads\/sites\/34\/2015\/01\/10945897_720131024769109_6032290463835467519_o-5c4-300x200.jpg",300,200,true],"large":["https:\/\/goias.gov.br\/saude\/wp-content\/uploads\/sites\/34\/2015\/01\/10945897_720131024769109_6032290463835467519_o-5c4-1024x683.jpg",1024,683,true],"1536x1536":["https:\/\/goias.gov.br\/saude\/wp-content\/uploads\/sites\/34\/2015\/01\/10945897_720131024769109_6032290463835467519_o-5c4.jpg",1037,692,false],"2048x2048":["https:\/\/goias.gov.br\/saude\/wp-content\/uploads\/sites\/34\/2015\/01\/10945897_720131024769109_6032290463835467519_o-5c4.jpg",1037,692,false]},"rttpg_author":{"display_name":"cleybetsls","author_link":"https:\/\/goias.gov.br\/saude\/author\/cleybetsls\/"},"rttpg_comment":0,"rttpg_category":"<a href=\"https:\/\/goias.gov.br\/saude\/categoria\/conselho-estadual-de-saude\/noticias-conselho\/\" rel=\"category tag\">Not\u00edcias Conselho<\/a>","rttpg_excerpt":"O Conselho Estadual de Sa&uacute;de esteve em reuni&atilde;o com Leonardo Vilela, Secret&aacute;rio de Sa&uacute;de de Goi&aacute;s, no &uacute;ltiimo dia 21, para apresentar os trabalhos em andamento e as atuais demandas do CES. Al&eacute;m de quest&otilde;es pontuais, o principal assunto discutido foi a realiza&ccedil;&atilde;o da 8&ordf; Confer&ecirc;ncia Estadual de Sa&uacute;de, que vai acontecer ainda esse ano.&hellip;","_links":{"self":[{"href":"https:\/\/goias.gov.br\/saude\/wp-json\/wp\/v2\/posts\/10490","targetHints":{"allow":["GET"]}}],"collection":[{"href":"https:\/\/goias.gov.br\/saude\/wp-json\/wp\/v2\/posts"}],"about":[{"href":"https:\/\/goias.gov.br\/saude\/wp-json\/wp\/v2\/types\/post"}],"author":[{"embeddable":true,"href":"https:\/\/goias.gov.br\/saude\/wp-json\/wp\/v2\/users\/46"}],"replies":[{"embeddable":true,"href":"https:\/\/goias.gov.br\/saude\/wp-json\/wp\/v2\/comments?post=10490"}],"version-history":[{"count":0,"href":"https:\/\/goias.gov.br\/saude\/wp-json\/wp\/v2\/posts\/10490\/revisions"}],"wp:featuredmedia":[{"embeddable":true,"href":"https:\/\/goias.gov.br\/saude\/wp-json\/wp\/v2\/media\/10488"}],"wp:attachment":[{"href":"https:\/\/goias.gov.br\/saude\/wp-json\/wp\/v2\/media?parent=10490"}],"wp:term":[{"taxonomy":"category","embeddable":true,"href":"https:\/\/goias.gov.br\/saude\/wp-json\/wp\/v2\/categories?post=10490"},{"taxonomy":"post_tag","embeddable":true,"href":"https:\/\/goias.gov.br\/saude\/wp-json\/wp\/v2\/tags?post=10490"}],"curies":[{"name":"wp","href":"https:\/\/api.w.org\/{rel}","templated":true}]}}