

{"id":10314,"date":"2015-09-22T12:09:32","date_gmt":"2015-09-22T15:09:32","guid":{"rendered":"https:\/\/siteshom.goias.gov.br\/saude\/o-presidente-do-conselho-estadual-de-saude-goias-participa-de-oficina-de-mobilizacao\/"},"modified":"2015-09-22T12:09:32","modified_gmt":"2015-09-22T15:09:32","slug":"o-presidente-do-conselho-estadual-de-saude-goias-participa-de-oficina-de-mobilizacao","status":"publish","type":"post","link":"https:\/\/goias.gov.br\/saude\/o-presidente-do-conselho-estadual-de-saude-goias-participa-de-oficina-de-mobilizacao\/","title":{"rendered":"O Presidente do Conselho Estadual de Sa\u00fade Goi\u00e1s participa de Oficina de Mobiliza\u00e7\u00e3o"},"content":{"rendered":"<p><img fetchpriority=\"high\" decoding=\"async\" class=\" size-full wp-image-10313\" src=\"https:\/\/goias.gov.br\/saude\/wp-content\/uploads\/sites\/34\/2015\/09\/dsc_0014-55c-scaled.jpg\" alt=\"\" width=\"2560\" height=\"1700\" srcset=\"https:\/\/goias.gov.br\/saude\/wp-content\/uploads\/sites\/34\/2015\/09\/dsc_0014-55c-scaled.jpg 2560w, https:\/\/goias.gov.br\/saude\/wp-content\/uploads\/sites\/34\/2015\/09\/dsc_0014-55c-300x199.jpg 300w, https:\/\/goias.gov.br\/saude\/wp-content\/uploads\/sites\/34\/2015\/09\/dsc_0014-55c-1024x680.jpg 1024w, https:\/\/goias.gov.br\/saude\/wp-content\/uploads\/sites\/34\/2015\/09\/dsc_0014-55c-768x510.jpg 768w, https:\/\/goias.gov.br\/saude\/wp-content\/uploads\/sites\/34\/2015\/09\/dsc_0014-55c-1536x1020.jpg 1536w, https:\/\/goias.gov.br\/saude\/wp-content\/uploads\/sites\/34\/2015\/09\/dsc_0014-55c-2048x1360.jpg 2048w\" sizes=\"(max-width: 2560px) 100vw, 2560px\" \/><!DOCTYPE html PUBLIC \"-\/\/W3C\/\/DTD HTML 4.0 Transitional\/\/EN\" \"https:\/\/www.w3.org\/TR\/REC-html40\/loose.dtd\"><br \/>\n<html><body><\/p>\n<p align=\"justify\"><span style=\"font-family: 'Arial Black', sans-serif;\"><span style=\"font-family: Arial, sans-serif;\"><span>O<\/span><\/span><span style=\"font-family: Arial, sans-serif;\"><span> Presidente do Conselho Estadual de Sa&uacute;de (CES-GO) Venerando Lemes participou do evento a <\/span><\/span><span style=\"font-family: Arial, sans-serif;\"><span>Superintend&ecirc;ncia de Pol&iacute;ticas de Aten&ccedil;&atilde;o Integral a Sa&uacute;de- SPAIS\/ Ger&ecirc;ncia de Programas Especiais\/ Coordena&ccedil;&atilde;o de Promo&ccedil;&atilde;o da Equidade em Sa&uacute;de <\/span><\/span><span style=\"font-family: Arial, sans-serif;\"><span>realiza nos dias 22 e 23 outubro de 2015 no Augustus Hotel a <\/span><\/span><span style=\"font-family: Arial, sans-serif;\"><span>Oficina de Mobiliza&ccedil;&atilde;o das Popula&ccedil;&otilde;es Quilombola, Popula&ccedil;&atilde;o Ind&iacute;gena, Cigana e Popula&ccedil;&atilde;o do Campo, Floresta e das &Aacute;guas para implanta&ccedil;&atilde;o do Comit&ecirc; Estadual de Aten&ccedil;&atilde;o Sa&uacute;de dos Povos Tradicionais.<\/span><\/span><\/span><\/p>\n<p align=\"justify\"><span style=\"font-family: Arial, sans-serif;\">O objetivo &eacute; a<\/span><span style=\"font-family: Arial, sans-serif;\">presentar e refletir sobre a Pol&iacute;tica de Promo&ccedil;&atilde;o da Equidade em Sa&uacute;de enfocando as pol&iacute;ticas de aten&ccedil;&atilde;o &agrave; sa&uacute;de, da Popula&ccedil;&atilde;o do Campo, Floresta e das &Aacute;guas, Negra, da Popula&ccedil;&atilde;o Cigana e Popula&ccedil;&atilde;o Ind&iacute;gena, romover a reflex&atilde;o sobre a Preven&ccedil;&atilde;o e Controle de DST\/AIDS <\/span><span style=\"font-family: Arial, sans-serif;\">e i<\/span><strong><span style=\"font-family: Arial, sans-serif;\"><span lang=\"pt-PT\">nstituir o Comit&ecirc; Estadual de Sa&uacute;de das Popula&ccedil;&otilde;es Tradicionais.<\/span><\/span><\/strong><\/p>\n<p align=\"justify\"><strong><span style=\"font-family: Arial, sans-serif;\"><span lang=\"pt-PT\">E o p&uacute;blico-alvo s&atilde;o os representantes de Secretaria Estadual de Sa&uacute;de, Secretaria Estadual Cidad&atilde;, Representantes de Movimentos Sociais das Popula&ccedil;&otilde;es em Foco; Representantes de Secret&aacute;rios Municipais de Sa&uacute;de onde h&aacute; comunidades destas popula&ccedil;&otilde;es, Institui&ccedil;&otilde;es de Ensino, Institui&ccedil;&otilde;es e Entidades Parceiras.<\/span><\/span><\/strong><\/p>\n<p><\/body><\/html><\/p>\n","protected":false},"excerpt":{"rendered":"<p>O Presidente do Conselho Estadual de Sa&uacute;de (CES-GO) Venerando Lemes participou do evento a Superintend&ecirc;ncia de Pol&iacute;ticas de Aten&ccedil;&atilde;o Integral a Sa&uacute;de- SPAIS\/ Ger&ecirc;ncia de Programas Especiais\/ Coordena&ccedil;&atilde;o de Promo&ccedil;&atilde;o da Equidade em Sa&uacute;de realiza nos dias 22 e 23 outubro de 2015 no Augustus Hotel a Oficina de Mobiliza&ccedil;&atilde;o das Popula&ccedil;&otilde;es Quilombola, Popula&ccedil;&atilde;o Ind&iacute;gena, [&hellip;]<\/p>\n","protected":false},"author":46,"featured_media":10312,"comment_status":"closed","ping_status":"open","sticky":false,"template":"","format":"standard","meta":{"footnotes":""},"categories":[13],"tags":[],"class_list":["post-10314","post","type-post","status-publish","format-standard","has-post-thumbnail","hentry","category-noticias-conselho"],"rttpg_featured_image_url":{"full":["https:\/\/goias.gov.br\/saude\/wp-content\/uploads\/sites\/34\/2015\/09\/dsc_00082-37d-scaled.jpg",2560,1700,false],"landscape":["https:\/\/goias.gov.br\/saude\/wp-content\/uploads\/sites\/34\/2015\/09\/dsc_00082-37d-scaled.jpg",2560,1700,false],"portraits":["https:\/\/goias.gov.br\/saude\/wp-content\/uploads\/sites\/34\/2015\/09\/dsc_00082-37d-scaled.jpg",2560,1700,false],"thumbnail":["https:\/\/goias.gov.br\/saude\/wp-content\/uploads\/sites\/34\/2015\/09\/dsc_00082-37d-150x150.jpg",150,150,true],"medium":["https:\/\/goias.gov.br\/saude\/wp-content\/uploads\/sites\/34\/2015\/09\/dsc_00082-37d-300x199.jpg",300,199,true],"large":["https:\/\/goias.gov.br\/saude\/wp-content\/uploads\/sites\/34\/2015\/09\/dsc_00082-37d-1024x680.jpg",1024,680,true],"1536x1536":["https:\/\/goias.gov.br\/saude\/wp-content\/uploads\/sites\/34\/2015\/09\/dsc_00082-37d-1536x1020.jpg",1536,1020,true],"2048x2048":["https:\/\/goias.gov.br\/saude\/wp-content\/uploads\/sites\/34\/2015\/09\/dsc_00082-37d-2048x1360.jpg",2048,1360,true]},"rttpg_author":{"display_name":"cleybetsls","author_link":"https:\/\/goias.gov.br\/saude\/author\/cleybetsls\/"},"rttpg_comment":0,"rttpg_category":"<a href=\"https:\/\/goias.gov.br\/saude\/categoria\/conselho-estadual-de-saude\/noticias-conselho\/\" rel=\"category tag\">Not\u00edcias Conselho<\/a>","rttpg_excerpt":"O Presidente do Conselho Estadual de Sa&uacute;de (CES-GO) Venerando Lemes participou do evento a Superintend&ecirc;ncia de Pol&iacute;ticas de Aten&ccedil;&atilde;o Integral a Sa&uacute;de- SPAIS\/ Ger&ecirc;ncia de Programas Especiais\/ Coordena&ccedil;&atilde;o de Promo&ccedil;&atilde;o da Equidade em Sa&uacute;de realiza nos dias 22 e 23 outubro de 2015 no Augustus Hotel a Oficina de Mobiliza&ccedil;&atilde;o das Popula&ccedil;&otilde;es Quilombola, Popula&ccedil;&atilde;o Ind&iacute;gena,&hellip;","_links":{"self":[{"href":"https:\/\/goias.gov.br\/saude\/wp-json\/wp\/v2\/posts\/10314","targetHints":{"allow":["GET"]}}],"collection":[{"href":"https:\/\/goias.gov.br\/saude\/wp-json\/wp\/v2\/posts"}],"about":[{"href":"https:\/\/goias.gov.br\/saude\/wp-json\/wp\/v2\/types\/post"}],"author":[{"embeddable":true,"href":"https:\/\/goias.gov.br\/saude\/wp-json\/wp\/v2\/users\/46"}],"replies":[{"embeddable":true,"href":"https:\/\/goias.gov.br\/saude\/wp-json\/wp\/v2\/comments?post=10314"}],"version-history":[{"count":0,"href":"https:\/\/goias.gov.br\/saude\/wp-json\/wp\/v2\/posts\/10314\/revisions"}],"wp:featuredmedia":[{"embeddable":true,"href":"https:\/\/goias.gov.br\/saude\/wp-json\/wp\/v2\/media\/10312"}],"wp:attachment":[{"href":"https:\/\/goias.gov.br\/saude\/wp-json\/wp\/v2\/media?parent=10314"}],"wp:term":[{"taxonomy":"category","embeddable":true,"href":"https:\/\/goias.gov.br\/saude\/wp-json\/wp\/v2\/categories?post=10314"},{"taxonomy":"post_tag","embeddable":true,"href":"https:\/\/goias.gov.br\/saude\/wp-json\/wp\/v2\/tags?post=10314"}],"curies":[{"name":"wp","href":"https:\/\/api.w.org\/{rel}","templated":true}]}}