

{"id":102103,"date":"2024-08-30T11:40:27","date_gmt":"2024-08-30T14:40:27","guid":{"rendered":"https:\/\/goias.gov.br\/saude\/?p=102103"},"modified":"2024-08-30T11:40:27","modified_gmt":"2024-08-30T14:40:27","slug":"chamada-publica-para-docentes-do-curso-saude-e-bem-viver","status":"publish","type":"post","link":"https:\/\/goias.gov.br\/saude\/chamada-publica-para-docentes-do-curso-saude-e-bem-viver\/","title":{"rendered":"Chamada P\u00fablica para Docentes do Curso Sa\u00fade e Bem Viver"},"content":{"rendered":"\n<p class=\"has-text-align-center\"><strong>Edital \u00e9 para os profissionais que trabalham no Sistema \u00danico de Sa\u00fade em Goi\u00e1s nas esferas do governo federal, estadual ou municipal, para o curso na modalidade EaD com tutoria<\/strong><\/p>\n\n\n\n<!--more-->\n\n\n<div class=\"wp-block-image\">\n<figure class=\"aligncenter size-large\"><img fetchpriority=\"high\" decoding=\"async\" width=\"1024\" height=\"552\" src=\"https:\/\/goias.gov.br\/saude\/wp-content\/uploads\/sites\/34\/2024\/08\/3008-edital-bem-viver-escola-1024x552.jpeg\" alt=\"\" class=\"wp-image-102118\" srcset=\"https:\/\/goias.gov.br\/saude\/wp-content\/uploads\/sites\/34\/2024\/08\/3008-edital-bem-viver-escola-1024x552.jpeg 1024w, https:\/\/goias.gov.br\/saude\/wp-content\/uploads\/sites\/34\/2024\/08\/3008-edital-bem-viver-escola-300x162.jpeg 300w, https:\/\/goias.gov.br\/saude\/wp-content\/uploads\/sites\/34\/2024\/08\/3008-edital-bem-viver-escola-768x414.jpeg 768w, https:\/\/goias.gov.br\/saude\/wp-content\/uploads\/sites\/34\/2024\/08\/3008-edital-bem-viver-escola.jpeg 1397w\" sizes=\"(max-width: 1024px) 100vw, 1024px\" \/><\/figure>\n<\/div>\n\n\n<p>A Secretaria de Estado da Sa\u00fade de Goi\u00e1s (SES-GO), publicou o edital por meio da Superintend\u00eancia da Escola de Sa\u00fade de Goi\u00e1s (Sesg). A Chamada P\u00fablica para Docentes do Curso Sa\u00fade e Bem Viver: Cuidado Integral para Sa\u00fade Mental, idealizado pela Fiocruz em parceria com o Minist\u00e9rio da Sa\u00fade, estar\u00e1 com inscri\u00e7\u00f5es abertas at\u00e9 o dia 09 de setembro.<\/p>\n\n\n\n<p>O Curso \u00e9 destinado a fomentar a promo\u00e7\u00e3o do cuidado integral, com foco em sa\u00fade mental, voltado para profissionais das equipes multiprofissionais (eMulti) e\/ou equipes de sa\u00fade da fam\u00edlia (eSF) e seus territ\u00f3rios com objetivo de ampliar e qualificar as ofertas de cuidado integral atrav\u00e9s das Pr\u00e1ticas Integrativas e Complementares em Sa\u00fade (PICS).<\/p>\n\n\n\n<p><strong>Crit\u00e9rios m\u00ednimos para concorrer \u00e0 vaga<br><\/strong>N\u00edvel Superior da Sa\u00fade; Conhecer o SUS \/ Experi\u00eancia em Aten\u00e7\u00e3o Prim\u00e1ria em Sa\u00fade (APS) no territ\u00f3rio; Metodologia ativa (Arco de Maguerez); Curso e\/ou experi\u00eancia em tutoria preferencialmente em plataformas virtuais; Disponibilidade m\u00ednima de 20 horas semanais de dedica\u00e7\u00e3o; Disponibilidade para viagem no territ\u00f3rio goiano.<\/p>\n\n\n\n<p>Ao docente ser\u00e1 ofertada bolsa mensal no valor de R$ 2.200,00 (dois mil e duzentos reais), efetuadas pela Funda\u00e7\u00e3o para o Desenvolvimento Cient\u00edfico e Tecnol\u00f3gico em Sa\u00fade (Fiotec) com dura\u00e7\u00e3o de 8 (oito) meses.<\/p>\n\n\n\n<p>Interessados podem acessar o edital no link abaixo para mais informa\u00e7\u00f5es:<br><a href=\"https:\/\/goias.gov.br\/saude\/edital-no-19-2024-chamada-publica-para-docentes-do-curso-saude-e-bem-viver-cuidado-integral-para-a-saude-mental\/\" target=\"_blank\" rel=\"noreferrer noopener\">https:\/\/goias.gov.br\/saude\/edital-no-19-2024-chamada-publica-para-docentes-do-curso-saude-e-bem-viver-cuidado-integral-para-a-saude-mental\/<\/a><\/p>\n\n\n\n<p>Texto: Yara Galv\u00e3o\/Comunica\u00e7\u00e3o Setorial<br>Arte: Escola de Sa\u00fade<\/p>\n","protected":false},"excerpt":{"rendered":"<p>Edital \u00e9 para os profissionais que trabalham no Sistema \u00danico de Sa\u00fade em Goi\u00e1s para o curso na modalidade EaD com tutoria<\/p>\n","protected":false},"author":164,"featured_media":102118,"comment_status":"closed","ping_status":"open","sticky":false,"template":"","format":"standard","meta":{"footnotes":""},"categories":[3],"tags":[163],"class_list":["post-102103","post","type-post","status-publish","format-standard","has-post-thumbnail","hentry","category-noticias","tag-escola-de-saude"],"rttpg_featured_image_url":{"full":["https:\/\/goias.gov.br\/saude\/wp-content\/uploads\/sites\/34\/2024\/08\/3008-edital-bem-viver-escola.jpeg",1397,753,false],"landscape":["https:\/\/goias.gov.br\/saude\/wp-content\/uploads\/sites\/34\/2024\/08\/3008-edital-bem-viver-escola.jpeg",1397,753,false],"portraits":["https:\/\/goias.gov.br\/saude\/wp-content\/uploads\/sites\/34\/2024\/08\/3008-edital-bem-viver-escola.jpeg",1397,753,false],"thumbnail":["https:\/\/goias.gov.br\/saude\/wp-content\/uploads\/sites\/34\/2024\/08\/3008-edital-bem-viver-escola-150x150.jpeg",150,150,true],"medium":["https:\/\/goias.gov.br\/saude\/wp-content\/uploads\/sites\/34\/2024\/08\/3008-edital-bem-viver-escola-300x162.jpeg",300,162,true],"large":["https:\/\/goias.gov.br\/saude\/wp-content\/uploads\/sites\/34\/2024\/08\/3008-edital-bem-viver-escola-1024x552.jpeg",1024,552,true],"1536x1536":["https:\/\/goias.gov.br\/saude\/wp-content\/uploads\/sites\/34\/2024\/08\/3008-edital-bem-viver-escola.jpeg",1397,753,false],"2048x2048":["https:\/\/goias.gov.br\/saude\/wp-content\/uploads\/sites\/34\/2024\/08\/3008-edital-bem-viver-escola.jpeg",1397,753,false]},"rttpg_author":{"display_name":"isabelamelo","author_link":"https:\/\/goias.gov.br\/saude\/author\/isabelamelo\/"},"rttpg_comment":0,"rttpg_category":"<a href=\"https:\/\/goias.gov.br\/saude\/categoria\/noticias\/\" rel=\"category tag\">Not\u00edcias<\/a>","rttpg_excerpt":"Edital \u00e9 para os profissionais que trabalham no Sistema \u00danico de Sa\u00fade em Goi\u00e1s para o curso na modalidade EaD com tutoria","_links":{"self":[{"href":"https:\/\/goias.gov.br\/saude\/wp-json\/wp\/v2\/posts\/102103","targetHints":{"allow":["GET"]}}],"collection":[{"href":"https:\/\/goias.gov.br\/saude\/wp-json\/wp\/v2\/posts"}],"about":[{"href":"https:\/\/goias.gov.br\/saude\/wp-json\/wp\/v2\/types\/post"}],"author":[{"embeddable":true,"href":"https:\/\/goias.gov.br\/saude\/wp-json\/wp\/v2\/users\/164"}],"replies":[{"embeddable":true,"href":"https:\/\/goias.gov.br\/saude\/wp-json\/wp\/v2\/comments?post=102103"}],"version-history":[{"count":1,"href":"https:\/\/goias.gov.br\/saude\/wp-json\/wp\/v2\/posts\/102103\/revisions"}],"predecessor-version":[{"id":102132,"href":"https:\/\/goias.gov.br\/saude\/wp-json\/wp\/v2\/posts\/102103\/revisions\/102132"}],"wp:featuredmedia":[{"embeddable":true,"href":"https:\/\/goias.gov.br\/saude\/wp-json\/wp\/v2\/media\/102118"}],"wp:attachment":[{"href":"https:\/\/goias.gov.br\/saude\/wp-json\/wp\/v2\/media?parent=102103"}],"wp:term":[{"taxonomy":"category","embeddable":true,"href":"https:\/\/goias.gov.br\/saude\/wp-json\/wp\/v2\/categories?post=102103"},{"taxonomy":"post_tag","embeddable":true,"href":"https:\/\/goias.gov.br\/saude\/wp-json\/wp\/v2\/tags?post=102103"}],"curies":[{"name":"wp","href":"https:\/\/api.w.org\/{rel}","templated":true}]}}