

{"id":3093,"date":"2023-11-14T15:39:55","date_gmt":"2023-11-14T18:39:55","guid":{"rendered":"https:\/\/goias.gov.br\/retomada\/?p=3093"},"modified":"2025-12-09T08:38:07","modified_gmt":"2025-12-09T11:38:07","slug":"conselhos","status":"publish","type":"post","link":"https:\/\/goias.gov.br\/retomada\/conselhos\/","title":{"rendered":"Conselhos"},"content":{"rendered":"\n<p>Integram a RETOMADA, como \u00f3rg\u00e3os colegiados:<\/p>\n\n\n\n<p><strong><a href=\"https:\/\/goias.gov.br\/retomada\/conselho-estadual-de-turismo-contur\/\">Conselho Estadual de Turismo | CONTUR<\/a><\/strong><\/p>\n\n\n\n<p>Pra\u00e7a Pedro Ludovico Teixeira \u2013 Rua 82, CERART, n\u00b003, Setor Central.<br>Goi\u00e2nia-GO \u2013 CEP: 74003-010<br>E-mail:&nbsp;<a href=\"mailto:gustavo.almeida@goias.gov.br\" target=\"_blank\" rel=\"noreferrer noopener\">gustavo.almeida@goias.gov.br<\/a><br>Tel.: 55 (62) 3030-1471<\/p>\n\n\n\n<p>LEI DE CRIA\u00c7\u00c3O: Decreto n\u00ba 5.794, de 07 de julho de 2003 -Disp\u00f5e sobre a composi\u00e7\u00e3o e as atribui\u00e7\u00f5es do Conselho Estadual de Turismo de Goi\u00e1s e d\u00e1 outras provid\u00eancias.<\/p>\n\n\n\n<p>QTDE MEMBROS TITULARES DO PODER EXECUTIVO:&nbsp; 8<\/p>\n\n\n\n<p>QTDE MEMBROS SOCIEDADE:&nbsp; 11<\/p>\n\n\n\n<p>Compet\u00eancias e membros: &#8211; <a href=\"https:\/\/goias.gov.br\/retomada\/wp-content\/uploads\/sites\/22\/2025\/08\/diario_oficial_2025-07-02_N\u00b0-24.566_suplemento_completo.pdf\" target=\"_blank\" rel=\"noreferrer noopener\">Di\u00e1rio Oficial 24.566 &#8211; Suplemento (76550964)<\/a> &#8211; disp\u00f5e sobre a composi\u00e7\u00e3o e as atribui\u00e7\u00f5es do Conselho Estadual de Turismo de Goi\u00e1s, e d\u00e1 outras provid\u00eancias.<br><strong>Legisla\u00e7\u00e3o:<\/strong><\/p>\n\n\n\n<p>&#8211;&nbsp;<a href=\"https:\/\/legisla.casacivil.go.gov.br\/pesquisa_legislacao\/98890\/lei-19574\" target=\"_blank\" rel=\"noreferrer noopener\">Lei n\u00ba 19.574, de 15 de dezembro de 2016<\/a>&nbsp;&#8211;&nbsp;Disp\u00f5e sobre extin\u00e7\u00e3o de cargos em comiss\u00e3o, altera\u00e7\u00e3o de leis e d\u00e1 outras provid\u00eancias com vistas \u00e0 implementa\u00e7\u00e3o do novo regime fiscal a vigorar a partir de 1\u00ba de janeiro de 2017.<\/p>\n\n\n\n<p>&#8211;&nbsp;<a href=\"https:\/\/legisla.casacivil.go.gov.br\/pesquisa_legislacao\/100701\/lei-20491\" target=\"_blank\" rel=\"noreferrer noopener\">LEI N\u00ba 20.491, DE 25 DE JUNHO DE 2019<\/a> &#8211; Disp\u00f5e sobre a organiza\u00e7\u00e3o da administrativa do Poder Executivo e d\u00e1 outras provid\u00eancias.<\/p>\n\n\n\n<p>&nbsp;&#8211;&nbsp;<a href=\"https:\/\/legisla.casacivil.go.gov.br\/pesquisa_legislacao\/100701\/lei-20491\" target=\"_blank\" rel=\"noreferrer noopener\">LEI N\u00ba 20.491, DE 25 DE JUNHO DE 2019<\/a>&nbsp;&#8211; Disp\u00f5e sobre a organiza\u00e7\u00e3o da administra\u00e7\u00e3o direta, aut\u00e1rquica e fundacional do Poder Executivo.<\/p>\n\n\n\n<p>&#8211;&nbsp;<a href=\"http:\/\/www.gabinetecivil.go.gov.br\/pagina_decretos.php?id=1197\" target=\"_blank\" rel=\"noreferrer noopener\">Decreto n\u00b0 5.794, de 07 de Julho de 2.003<\/a>&nbsp;&#8211; Disp\u00f5e sobre a composi\u00e7\u00e3o e as atribui\u00e7\u00f5es do Conselho Estadual de Turismo de Goi\u00e1s e d\u00e1 outras provid\u00eancias.<\/p>\n\n\n\n<p>\u2022 Define a composi\u00e7\u00e3o do Conselho Estadual de Turismo \u2013 CONTUR\/GO. (Art. 2\u00ba)<\/p>\n\n\n\n<p>\u2022 Define as compet\u00eancias do CONTUR. (Art. 7\u00ba)<\/p>\n\n\n\n<p>\u2022 O Conselho Estadual de Turismo, passa a integrar \u00e0 Secretaria de Ind\u00fastria e Com\u00e9rcio (al\u00ednea \u201ca\u201d inc. VII, art 1\u00b0).<\/p>\n\n\n\n<p>\u2022 Compete a Secretaria de Ind\u00fastria e Com\u00e9rcio definir a pol\u00edtica de turismo (al\u00ednea \u201cg\u201d inc. I art 2\u00b0).<\/p>\n\n\n\n<p>&#8211;&nbsp;<a href=\"https:\/\/legisla.casacivil.go.gov.br\/pesquisa_legislacao\/88121\/lei-7988\">LEI N\u00ba&nbsp;7.988, DE 11 DE NOVEMBRO DE 1975<\/a>&nbsp;&#8211; Define a pol\u00edtica estadual de turismo, cria o Conselho Estadual de Turismo \u2013 CONTUR e a empresa de Turismo do Estado de Goi\u00e1s &#8211; GOIASTUR, e d\u00e1 outras provid\u00eancias.<\/p>\n\n\n\n<p><strong><a href=\"https:\/\/goias.gov.br\/retomada\/wp-content\/uploads\/sites\/22\/2025\/09\/SEI_79336938_Despacho_355_atas-e-documentos-CONTUR.pdf\">Rela\u00e7\u00e3o de atas e documentos <\/a>&#8211; CONTUR<\/strong> -?BAIXAR<\/p>\n\n\n\n<p><strong><a href=\"https:\/\/goias.gov.br\/retomada\/fundo-constitucional-de-financiamento-do-centro-oeste-fco\/\">Conselho de Desenvolvimento do Estado de Goi\u00e1s&nbsp;<strong>|<\/strong>&nbsp;CDE\/FCO<\/a><\/strong><\/p>\n\n\n\n<p>Gabinete da Secret\u00e1ria de Estado da Retomada<br>Pal\u00e1cio Pedro Ludovico Teixeira \u2013 Rua 82, n\u00ba 400, 2\u00ba andar, Setor Central<br>Goi\u00e2nia-GO \u2013 CEP: 74015-908<br>E-mail:&nbsp;<a href=\"mailto:wiviane.alves@goias.gov.br\" target=\"_blank\" rel=\"noreferrer noopener\">wiviane.alves@goias.gov.br<\/a><br>Tel.: 55 (62) 3030-1478<\/p>\n\n\n\n<h4 class=\"wp-block-heading\"><a href=\"https:\/\/goias.gov.br\/retomada\/wp-content\/uploads\/sites\/22\/2023\/03\/cartilhaFCO2023-920.pdf\" target=\"_blank\" rel=\"noreferrer noopener\">Cartilha do FCO<\/a><\/h4>\n\n\n\n<p>O Fundo Constitucional de Financiamento do Centro-Oeste foi criado em 1988 com o objetivo de contribuir para o desenvolvimento econ\u00f4mico e social do Centro-Oeste brasileiro. Regulamentado pela lei n.\u00ba 7.827 de 27 de setembro de 1989, tem o prop\u00f3sito de mudar o perfil da economia regional, gerando impactos din\u00e2micos na diversifica\u00e7\u00e3o e moderniza\u00e7\u00e3o da estrutura produtiva.<\/p>\n\n\n\n<p>S\u00e3o disponibilizados 3% (tr\u00eas por cento) do produto da arrecada\u00e7\u00e3o do Imposto sobre a Renda e Proventos de Qualquer Natureza e do Imposto sobre Produtos Industrializados, entregues pela Uni\u00e3o, na forma do artigo 159, inciso I, al\u00ednea \u201cc\u201d da Constitui\u00e7\u00e3o Federal distribu\u00eddos entre as Regi\u00f5es:<\/p>\n\n\n\n<ul class=\"wp-block-list\">\n<li>Norte (0,6%)<\/li>\n\n\n\n<li>Nordeste (1,8%)<\/li>\n\n\n\n<li>Centro-Oeste (0,6%).<\/li>\n<\/ul>\n\n\n\n<p>O aporte permanente dos recursos do Fundo (29% para Goi\u00e1s, 29% para Mato Grosso, 23% para Mato Grosso do Sul e 19% para o Distrito Federal) possibilita financiamentos de longo prazo para os setores econ\u00f4micos, gerando novas perspectivas de investimentos para o empresariado comprometido com a dinamiza\u00e7\u00e3o da economia regional.<\/p>\n\n\n\n<h4 class=\"wp-block-heading\">Como Pleitear<\/h4>\n\n\n\n<ol class=\"wp-block-list\">\n<li>Procure um dos&nbsp;Agentes Financeiros (Banco do Brasil S\/A, Ag\u00eancia de Fomento de Goi\u00e1s S\/A, Sicoob, Sicredi) de sua cidade ou o Conselho de Desenvolvimento do Estado CDE\/FCO (Rua 82, n\u00ba 400, Pal\u00e1cio Pedro Ludovico Teixeira, 4\u00ba andar \u2013 Setor Sul \u2013 Centro \u2013 CEP 74083-010 \/ Goi\u00e2nia \u2013 GO, Tel.:<\/li>\n\n\n\n<li>Preencha a carta-consulta com a orienta\u00e7\u00e3o de um t\u00e9cnico. Modelo dispon\u00edvel nos sites&nbsp;dos Agentes Financeiros e no Conselho de Desenvolvimento do Estado \u2013 CDE\/FCO.<\/li>\n\n\n\n<li>Protocolar a carta-consulta no Agente Financeiro e providenciar a c\u00f3pia da documenta\u00e7\u00e3o exigida para levantamento cadastral (do titular e c\u00f4njuge):<\/li>\n<\/ol>\n\n\n\n<p><strong>Pessoa F\u00edsica:<\/strong><\/p>\n\n\n\n<ul class=\"wp-block-list\">\n<li>Carteira de Identidade;<\/li>\n\n\n\n<li>CPF;<\/li>\n\n\n\n<li>Comprovante de resid\u00eancia (\u00e1gua e energia), se urbano;<\/li>\n\n\n\n<li>Declara\u00e7\u00e3o de Imposto de Renda;<\/li>\n\n\n\n<li>Certid\u00e3o de Casamento;<\/li>\n\n\n\n<li>Comprovantes de rendimentos e rela\u00e7\u00e3o de bens com a documenta\u00e7\u00e3o pertinente, inclusive Imposto Territorial Rural \u2013 ITR.<\/li>\n<\/ul>\n\n\n\n<p><strong>Pessoas Jur\u00eddicas:<\/strong><\/p>\n\n\n\n<ul class=\"wp-block-list\">\n<li>Comprovante do CNPJ;<\/li>\n\n\n\n<li>Contrato Social e suas altera\u00e7\u00f5es;<\/li>\n\n\n\n<li>Documenta\u00e7\u00e3o pessoal dos dirigentes (aquela exigida para pessoa f\u00edsica);<\/li>\n\n\n\n<li>Rela\u00e7\u00e3o de bens com a documenta\u00e7\u00e3o pertinente, inclusive ITR dos \u00faltimos 5 (cinco) anos;<\/li>\n\n\n\n<li>Balan\u00e7o do \u00faltimo exerc\u00edcio;<\/li>\n\n\n\n<li>Declara\u00e7\u00e3o de faturamento dos \u00faltimos 12 meses. Ser\u00e3o aceitas garantias reais (im\u00f3veis, animais, m\u00e1quinas e implementos, etc.) e\/ou pessoais, representadas por aval e fian\u00e7a.<\/li>\n\n\n\n<li>Ser\u00e3o solicitadas certid\u00f5es quinzen\u00e1rias e de \u00f4nus ou de inteiro teor, relativamente ao im\u00f3vel oferecido para a hipoteca.<\/li>\n<\/ul>\n\n\n\n<ol start=\"4\" class=\"wp-block-list\">\n<li>Todas as propostas ser\u00e3o encaminhadas \u00e0 Presid\u00eancia do Conselho de Desenvolvimento do Estado-CDE, para an\u00e1lise acima de R$ 500 mil para projetos empresariais e\/ou rurais que ser\u00e3o apreciadas em reuni\u00e3o do CDE\/FCO antes da devolu\u00e7\u00e3o ao Agente Financeiro.<\/li>\n\n\n\n<li>O proponente ser\u00e1 chamado para apresentar o projeto e, caso seja aprovado, inclusive sob o aspecto cadastral e de garantias (130% do valor financiado), ser\u00e1 efetivada a contrata\u00e7\u00e3o do seu financiamento.<\/li>\n<\/ol>\n\n\n\n<h4 class=\"wp-block-heading\">Cartas e Documentos:<\/h4>\n\n\n\n<p><strong>Atas: 2023<\/strong><\/p>\n\n\n\n<ul class=\"wp-block-list\">\n<li><strong><a href=\"https:\/\/goias.gov.br\/retomada\/wp-content\/uploads\/sites\/22\/2024\/08\/Ata-385a-Reuniao-Ordinaria-CDE-FCO.pdf\">Ata 385\u00aa Reuni\u00e3o Ordin\u00e1ria CDE-FCO<\/a><\/strong><\/li>\n\n\n\n<li><strong><a href=\"https:\/\/goias.gov.br\/retomada\/wp-content\/uploads\/sites\/22\/2024\/08\/Ata-386a-Reuniao-Ordinaria-CDE-FCO.pdf\">Ata 386\u00aa Reuni\u00e3o Ordin\u00e1ria CDE-FCO<\/a><\/strong><\/li>\n\n\n\n<li><strong><a href=\"https:\/\/goias.gov.br\/retomada\/wp-content\/uploads\/sites\/22\/2024\/08\/Ata-387a-Reuniao-Ordinaria-CDE-FCO.pdf\">Ata 387\u00aa Reuni\u00e3o Ordin\u00e1ria CDE-FCO<\/a><\/strong><\/li>\n\n\n\n<li><strong><a href=\"https:\/\/goias.gov.br\/retomada\/wp-content\/uploads\/sites\/22\/2024\/08\/Ata-388a-Reuniao-Ordinaria-CDE-FCO.pdf\">Ata 388\u00aa Reuni\u00e3o Ordin\u00e1ria CDE-FCO<\/a><\/strong><\/li>\n\n\n\n<li><strong><a href=\"https:\/\/goias.gov.br\/retomada\/wp-content\/uploads\/sites\/22\/2024\/08\/Ata-389a-Reuniao-Ordinaria-CDE-FCO.pdf\">Ata 389\u00aa Reuni\u00e3o Ordin\u00e1ria CDE-FCO<\/a><\/strong><\/li>\n\n\n\n<li><strong><a href=\"https:\/\/goias.gov.br\/retomada\/wp-content\/uploads\/sites\/22\/2024\/08\/Ata-390a-Reuniao-Ordinaria-CDE-FCO.pdf\">Ata 390\u00aa Reuni\u00e3o Ordin\u00e1ria CDE-FCO<\/a><\/strong><\/li>\n\n\n\n<li><strong><a href=\"https:\/\/goias.gov.br\/retomada\/wp-content\/uploads\/sites\/22\/2024\/08\/Ata-391a-Reuniao-Ordinaria-CDE-FCO.pdf\">Ata 391\u00aa Reuni\u00e3o Ordin\u00e1ria CDE-FCO<\/a><\/strong><\/li>\n\n\n\n<li><strong><a href=\"https:\/\/goias.gov.br\/retomada\/wp-content\/uploads\/sites\/22\/2024\/08\/Ata-392a-Reuniao-Ordinaria-CDE-FCO.pdf\">Ata 392\u00aa Reuni\u00e3o Ordin\u00e1ria CDE-FCO<\/a><\/strong><\/li>\n\n\n\n<li><strong><a href=\"https:\/\/goias.gov.br\/retomada\/wp-content\/uploads\/sites\/22\/2024\/08\/Ata-393a-Reuniao-Ordinaria-CDE-FCO.pdf\">Ata 393\u00aa Reuni\u00e3o Ordin\u00e1ria CDE-FCO<\/a><\/strong><\/li>\n\n\n\n<li><strong><a href=\"https:\/\/goias.gov.br\/retomada\/wp-content\/uploads\/sites\/22\/2024\/08\/Ata-394a-Reuniao-Ordinaria-CDE-FCO.pdf\">Ata 394\u00aa Reuni\u00e3o Ordin\u00e1ria CDE-FCO<\/a><\/strong><\/li>\n\n\n\n<li><strong><a href=\"https:\/\/goias.gov.br\/retomada\/wp-content\/uploads\/sites\/22\/2024\/08\/Ata-395a-Reuniao-Ordinaria-CDE-FCO.pdf\">Ata 395\u00aa Reuni\u00e3o Ordin\u00e1ria CDE-FCO<\/a><\/strong><\/li>\n\n\n\n<li><strong><a href=\"https:\/\/goias.gov.br\/retomada\/wp-content\/uploads\/sites\/22\/2025\/07\/396a-Reuniao-Ordinaria-CDE-FCO.pdf\" target=\"_blank\" rel=\"noreferrer noopener\">Ata 396\u00aa Reuni\u00e3o Ordin\u00e1ria CDE-FCO<\/a><\/strong><\/li>\n\n\n\n<li><strong><a href=\"https:\/\/goias.gov.br\/retomada\/wp-content\/uploads\/sites\/22\/2025\/07\/397a-Reuniao-Ordinaria-do-CDE-FCO.pdf\" target=\"_blank\" rel=\"noreferrer noopener\">Ata 397\u00aa Reuni\u00e3o Ordin\u00e1ria CDE-FCO<\/a><\/strong><\/li>\n\n\n\n<li><strong><a href=\"https:\/\/goias.gov.br\/retomada\/wp-content\/uploads\/sites\/22\/2025\/07\/398a-Reuniao-Ordinaria-do-CDE-FCO.pdf\" target=\"_blank\" rel=\"noreferrer noopener\">Ata 398\u00aa Reuni\u00e3o Ordin\u00e1ria CDE-FCO<\/a><\/strong><\/li>\n\n\n\n<li><strong><a href=\"https:\/\/goias.gov.br\/retomada\/wp-content\/uploads\/sites\/22\/2025\/07\/399a-Reuniao-Ordinaria-do-CDE-FCO.pdf\" target=\"_blank\" rel=\"noreferrer noopener\">Ata 399\u00aa Reuni\u00e3o Ordin\u00e1ria CDE-FCO<\/a><\/strong><\/li>\n\n\n\n<li><strong><a href=\"https:\/\/goias.gov.br\/retomada\/wp-content\/uploads\/sites\/22\/2025\/07\/400a-Reuniao-Ordinaria-do-CDE-FCO.pdf\" target=\"_blank\" rel=\"noreferrer noopener\">Ata 400\u00aa Reuni\u00e3o Ordin\u00e1ria CDE-FCO<\/a><\/strong><\/li>\n\n\n\n<li><strong><a href=\"https:\/\/goias.gov.br\/retomada\/wp-content\/uploads\/sites\/22\/2025\/07\/401a-Reuniao-Ordinaria-do-CDE-FCO.pdf\" target=\"_blank\" rel=\"noreferrer noopener\">Ata 401\u00aa Reuni\u00e3o Ordin\u00e1ria CDE-FCO<\/a><\/strong><\/li>\n\n\n\n<li><strong><a href=\"https:\/\/goias.gov.br\/retomada\/wp-content\/uploads\/sites\/22\/2025\/07\/402a-Reuniao-Ordinaria-do-CDE-FCO.pdf\" target=\"_blank\" rel=\"noreferrer noopener\">Ata 402\u00aa Reuni\u00e3o Ordin\u00e1ria CDE-FCO<\/a><\/strong><\/li>\n\n\n\n<li><strong><a href=\"https:\/\/goias.gov.br\/retomada\/wp-content\/uploads\/sites\/22\/2025\/07\/403a-Reuniao-Ordinaria-do-CDE-FCO.pdf\" target=\"_blank\" rel=\"noreferrer noopener\">Ata 403\u00aa Reuni\u00e3o Ordin\u00e1ria CDE-FCO<\/a><\/strong><\/li>\n\n\n\n<li><strong><a href=\"https:\/\/goias.gov.br\/retomada\/wp-content\/uploads\/sites\/22\/2025\/07\/404a-Reuniao-Ordinaria-do-CDE-FCO.pdf\" target=\"_blank\" rel=\"noreferrer noopener\">Ata 404\u00aa Reuni\u00e3o Ordin\u00e1ria CDE-FCO<\/a><\/strong><\/li>\n\n\n\n<li><strong><a href=\"https:\/\/goias.gov.br\/retomada\/wp-content\/uploads\/sites\/22\/2025\/07\/405a-Reuniao-Ordinaria-do-CDE-FCO.pdf\" target=\"_blank\" rel=\"noreferrer noopener\">Ata 405\u00aa Reuni\u00e3o Ordin\u00e1ria CDE-FCO<\/a><\/strong><\/li>\n\n\n\n<li><strong><a href=\"https:\/\/goias.gov.br\/retomada\/wp-content\/uploads\/sites\/22\/2025\/07\/406a-Reuniao-Ordinaria-do-CDE-FCO.pdf\" target=\"_blank\" rel=\"noreferrer noopener\">Ata 406\u00aa Reuni\u00e3o Ordin\u00e1ria CDE-FCO<\/a><\/strong><\/li>\n\n\n\n<li><strong><a href=\"https:\/\/goias.gov.br\/retomada\/wp-content\/uploads\/sites\/22\/2025\/07\/407a-Reuniao-Ordinaria-do-CDE-FCO.pdf\" target=\"_blank\" rel=\"noreferrer noopener\">Ata 407\u00aa Reuni\u00e3o Ordin\u00e1ria CDE-FCO<\/a><\/strong><\/li>\n\n\n\n<li><strong><a href=\"https:\/\/goias.gov.br\/retomada\/wp-content\/uploads\/sites\/22\/2025\/07\/408a-Reuniao-Ordinaria-do-CDE-FCO.pdf\" target=\"_blank\" rel=\"noreferrer noopener\">Ata 408\u00aa Reuni\u00e3o Ordin\u00e1ria CDE-FCO<\/a><\/strong><\/li>\n\n\n\n<li><strong><a href=\"https:\/\/goias.gov.br\/retomada\/wp-content\/uploads\/sites\/22\/2025\/07\/409a-Reuniao-Ordinaria-do-CDE-FCO.pdf\" target=\"_blank\" rel=\"noreferrer noopener\">Ata 409\u00aa Reuni\u00e3o Ordin\u00e1ria CDE-FCO<\/a><\/strong><\/li>\n\n\n\n<li><strong>Ata 410\u00aa Reuni\u00e3o Ordin\u00e1ria CDE-FCO<\/strong><\/li>\n\n\n\n<li><strong>Ata 411\u00aa Reuni\u00e3o Ordin\u00e1ria CDE-FCO<\/strong><\/li>\n\n\n\n<li><strong>Ata 412\u00aa Reuni\u00e3o Ordin\u00e1ria CDE-FCO<\/strong><\/li>\n\n\n\n<li><strong>Ata 413\u00aa Reuni\u00e3o Ordin\u00e1ria CDE-FCO<\/strong><\/li>\n\n\n\n<li><strong>Ata 414\u00aa Reuni\u00e3o Ordin\u00e1ria CDE-FCO<\/strong><\/li>\n\n\n\n<li><strong>Ata 415\u00aa Reuni\u00e3o Ordin\u00e1ria CDE-FCO<\/strong><\/li>\n\n\n\n<li><strong>Ata 416\u00aa Reuni\u00e3o Ordin\u00e1ria CDE-FCO<\/strong><\/li>\n\n\n\n<li><strong>Ata 417\u00aa Reuni\u00e3o Ordin\u00e1ria CDE-FCO<\/strong><\/li>\n\n\n\n<li><strong>Ata 418\u00aa Reuni\u00e3o Ordin\u00e1ria CDE-FCO<\/strong><\/li>\n\n\n\n<li>Para mais informa\u00e7\u00f5es, est\u00e1&nbsp;dispon\u00edvel&nbsp;o&nbsp;telefone, o email cdefco.ser@goias.gov.br e o site da Superintend\u00eancia do Desenvolvimento do Centro-Oeste:&nbsp;<a href=\"http:\/\/www.sudeco.gov.br\/\" target=\"_blank\" rel=\"noreferrer noopener\">www.sudeco.gov.br<\/a><\/li>\n<\/ul>\n\n\n\n<p><strong><a href=\"https:\/\/goias.gov.br\/retomada\/resolucoes-fundeq-2\/\">Conselho Estadual do Trabalho, Emprego e Renda \u2013 CTER<\/a><\/strong><\/p>\n\n\n\n<p>Rua 15 c\/ Av. Araguaia, Setor Central<br>Goi\u00e2nia-GO \u2013 CEP: 74110-130<br>E-mail:&nbsp;<a href=\"mailto:havana.tavares@goias.gov.br\">havana.tavares@goias.gov.br<\/a><br>Tel.: 55 (62) 3030-1714<\/p>\n\n\n\n<p><strong>FET<\/strong>&nbsp;\u2013 O FET \u00e9 instrumento de gest\u00e3o dos recursos&nbsp;destinados ao financiamento compartilhado de a\u00e7\u00f5es e servi\u00e7os&nbsp;integrados de atendimento e apoio t\u00e9cnico \u00e0 pol\u00edtica estadual de&nbsp;trabalho, emprego e renda,&nbsp; mediante Orienta\u00e7\u00e3o e Intermedia\u00e7\u00e3o&nbsp;de M\u00e3o-de-Obra \u2013 IMO, Habilita\u00e7\u00e3o ao Seguro Desemprego \u2013 HSD,&nbsp;Pesquisa de Emprego e Desemprego \u2013 PED e de Qualifica\u00e7\u00e3o Social&nbsp;e Profissional \u2013 QSP, na rede de atendimento do Sistema P\u00fablico de&nbsp;Emprego, Trabalho e Renda, no \u00e2mbito do SINE.<br>.<\/p>\n\n\n\n<p><a href=\"https:\/\/goias.gov.br\/retomada\/wp-content\/uploads\/sites\/22\/2022\/05\/1-INSTITUIOFUNDOESTADUALDOTRABALHO-FET-05f.pdf\" target=\"_blank\" rel=\"noreferrer noopener\">Lei n\u00ba 20.490\/2019 \u2013 Institui o Fundo Estadula do Trabalhador -FET<\/a><\/p>\n\n\n\n<p><a href=\"https:\/\/goias.gov.br\/retomada\/wp-content\/uploads\/sites\/22\/2022\/05\/2-DECRETO9.696-2020-REGULAMENTACAODOFET-GO-1-200.pdf\" target=\"_blank\" rel=\"noreferrer noopener\">Decreto n\u00ba 9.696\/2020 \u2013 Regulamenta\u00e7\u00e3o do FET-GO<\/a><\/p>\n\n\n\n<p><a href=\"https:\/\/goias.gov.br\/retomada\/wp-content\/uploads\/sites\/22\/2022\/05\/3-LEI20.953-2020CRIACAODOCONSELHOESTADUALDOTRABALHOEMPREGOERENDA-CTER-815.pdf\" target=\"_blank\" rel=\"noreferrer noopener\">Lei n\u00ba 20.953\/2020 \u2013 Cria\u00e7\u00e3o do Conselho Estadual do Trabalho, Emprego e Renda \u2013&nbsp;CTER<\/a><\/p>\n\n\n\n<p><a href=\"https:\/\/goias.gov.br\/retomada\/wp-content\/uploads\/sites\/22\/2022\/05\/4-REGIMENTOINTERNO-CTER-db4.pdf\" target=\"_blank\" rel=\"noreferrer noopener\">Regimento Interno \u2013 CTER<\/a><\/p>\n\n\n\n<figure class=\"wp-block-table\"><table><tbody><tr><td class=\"has-text-align-left\" data-align=\"left\"><strong>Resolu\u00e7\u00f5es 2019<\/strong><br><a href=\"https:\/\/goias.gov.br\/retomada\/wp-content\/uploads\/sites\/22\/2022\/05\/2019-1CODEFAT-932.pdf\" target=\"_blank\" rel=\"noreferrer noopener\">Resolu\u00e7\u00e3o 001\/2019 \u2013 CODEFAT<\/a><br><a href=\"https:\/\/goias.gov.br\/retomada\/wp-content\/uploads\/sites\/22\/2022\/05\/2019-2CODEFAT-e4b.pdf\" target=\"_blank\" rel=\"noreferrer noopener\">Resolu\u00e7\u00e3o 002\/2019 \u2013 CODEFAT<\/a><br><a href=\"https:\/\/goias.gov.br\/retomada\/wp-content\/uploads\/sites\/22\/2022\/05\/2019-3CODEFAT-7f1.pdf\" target=\"_blank\" rel=\"noreferrer noopener\">Resolu\u00e7\u00e3o 003\/2019 \u2013 CODEFAT<\/a><br><a href=\"https:\/\/goias.gov.br\/retomada\/wp-content\/uploads\/sites\/22\/2022\/05\/2019-4CODEFAT-0b8.pdf\" target=\"_blank\" rel=\"noreferrer noopener\">Resolu\u00e7\u00e3o 004\/2019 \u2013 CODEFAT<\/a><\/td><\/tr><tr><td class=\"has-text-align-left\" data-align=\"left\"><strong>Resolu\u00e7\u00f5es 2020<\/strong><br><a href=\"https:\/\/goias.gov.br\/retomada\/wp-content\/uploads\/sites\/22\/2022\/05\/2020-1CODEFAT-2c0.pdf\" target=\"_blank\" rel=\"noreferrer noopener\">Resolu\u00e7\u00e3o 001\/2020 \u2013 CODEFAT<\/a><br><a href=\"https:\/\/goias.gov.br\/retomada\/wp-content\/uploads\/sites\/22\/2022\/05\/2020-2CODEFAT-5b9.pdf\" target=\"_blank\" rel=\"noreferrer noopener\">Resolu\u00e7\u00e3o 002\/2020 \u2013 CODEFAT<\/a><br><a href=\"https:\/\/goias.gov.br\/retomada\/wp-content\/uploads\/sites\/22\/2022\/05\/2020-3CODEFAT-c03.pdf\" target=\"_blank\" rel=\"noreferrer noopener\">Resolu\u00e7\u00e3o 003\/2020 \u2013 CODEFAT<\/a><br><a href=\"https:\/\/goias.gov.br\/retomada\/wp-content\/uploads\/sites\/22\/2022\/05\/2020-4CODEFAT-b4a.pdf\" target=\"_blank\" rel=\"noreferrer noopener\">Resolu\u00e7\u00e3o 004\/2020 \u2013 CODEFAT<\/a><br><a href=\"https:\/\/goias.gov.br\/retomada\/wp-content\/uploads\/sites\/22\/2022\/05\/2020-5CODEFAT-2f0.pdf\" target=\"_blank\" rel=\"noreferrer noopener\">Resolu\u00e7\u00e3o 005\/2020 \u2013 CODEFAT<\/a><br><a href=\"https:\/\/goias.gov.br\/retomada\/wp-content\/uploads\/sites\/22\/2022\/05\/2020-6CODEFAT-589.pdf\" target=\"_blank\" rel=\"noreferrer noopener\">Resolu\u00e7\u00e3o 006\/2020 \u2013 CODEFAT<\/a><br><a href=\"https:\/\/goias.gov.br\/retomada\/wp-content\/uploads\/sites\/22\/2022\/05\/2020-7CODEFAT-c33.pdf\" target=\"_blank\" rel=\"noreferrer noopener\">Resolu\u00e7\u00e3o 007\/2020 \u2013 CODEFAT<\/a><br><a href=\"https:\/\/goias.gov.br\/retomada\/wp-content\/uploads\/sites\/22\/2022\/05\/2020-8CODEFAT-b1a.pdf\" target=\"_blank\" rel=\"noreferrer noopener\">Resolu\u00e7\u00e3o 008\/2020 \u2013 CODEFAT<\/a><\/td><\/tr><tr><td class=\"has-text-align-left\" data-align=\"left\"><strong>Resolu\u00e7\u00f5es 2021<\/strong><br><a href=\"https:\/\/goias.gov.br\/retomada\/wp-content\/uploads\/sites\/22\/2022\/05\/2021-1CODEFAT-b10.pdf\" target=\"_blank\" rel=\"noreferrer noopener\">Resolu\u00e7\u00e3o 001\/2021 \u2013 CODEFAT<\/a><br><a href=\"https:\/\/goias.gov.br\/retomada\/wp-content\/uploads\/sites\/22\/2022\/05\/2021-1CTER-98d.pdf\" target=\"_blank\" rel=\"noreferrer noopener\">Resolu\u00e7\u00e3o 001\/2021 \u2013 CTER<\/a><br><a href=\"https:\/\/goias.gov.br\/retomada\/wp-content\/uploads\/sites\/22\/2022\/05\/2021-2CODEFAT-c69.pdf\" target=\"_blank\" rel=\"noreferrer noopener\">Resolu\u00e7\u00e3o 002\/2021 \u2013 CODEFAT<\/a><br><a href=\"https:\/\/goias.gov.br\/retomada\/wp-content\/uploads\/sites\/22\/2022\/05\/2021-3CODEFAT-5d3.pdf\" target=\"_blank\" rel=\"noreferrer noopener\">Resolu\u00e7\u00e3o 003\/2021 \u2013 CODEFAT<\/a><br><a href=\"https:\/\/goias.gov.br\/retomada\/wp-content\/uploads\/sites\/22\/2022\/05\/2021-4CODEFAT-29a.pdf\" target=\"_blank\" rel=\"noreferrer noopener\">Resolu\u00e7\u00e3o 004\/2021 \u2013 CODEFAT<\/a><br><a href=\"https:\/\/goias.gov.br\/retomada\/wp-content\/uploads\/sites\/22\/2022\/05\/2021-5CODEFAT-b20.pdf\" target=\"_blank\" rel=\"noreferrer noopener\">Resolu\u00e7\u00e3o 005\/2021 \u2013 CODEFAT<\/a><\/td><\/tr><tr><td class=\"has-text-align-left\" data-align=\"left\"><strong>Resolu\u00e7\u00f5es 2022<\/strong><br><a href=\"https:\/\/goias.gov.br\/retomada\/wp-content\/uploads\/sites\/22\/2022\/05\/2022-1CODEFAT-cd6.pdf\" target=\"_blank\" rel=\"noreferrer noopener\">Resolu\u00e7\u00e3o 001\/2022 \u2013 CODEFAT<\/a><br><a href=\"https:\/\/goias.gov.br\/retomada\/wp-content\/uploads\/sites\/22\/2022\/05\/2022-1CTER-013.pdf\" target=\"_blank\" rel=\"noreferrer noopener\">Resolu\u00e7\u00e3o 001\/2022 \u2013 CTER<\/a><br><a href=\"https:\/\/goias.gov.br\/retomada\/wp-content\/uploads\/sites\/22\/2022\/05\/2022-2CODEFAT-baf.pdf\" target=\"_blank\" rel=\"noreferrer noopener\">Resolu\u00e7\u00e3o 002\/2022 \u2013 CODEFAT<\/a><br><strong>Resolu\u00e7\u00f5es 2023<\/strong><br><a href=\"https:\/\/www.in.gov.br\/web\/dou\/-\/resolucao-codefat-n-969-de-21-de-junho-de-2023-491668119\" target=\"_blank\" rel=\"noreferrer noopener\">Resolu\u00e7\u00e3o 969\/2023 \u2013 CODEFAT<\/a><br><a href=\"https:\/\/goias.gov.br\/retomada\/wp-content\/uploads\/sites\/22\/2023\/11\/RESOLUCAO-CODEFAT-No-970-DE-21-DE-JUNHO-DE-2023-RESOLUCAO-CODEFAT-No-970-DE-21-DE-JUNHO-DE-2023-DOU-Imprensa-Nacional-1.pdf\">Resolu\u00e7\u00e3o 970\/2023 \u2013 CODEFAT<\/a><br><a href=\"https:\/\/goias.gov.br\/retomada\/wp-content\/uploads\/sites\/22\/2023\/11\/RESOLUCAO-CODEFAT-N.o-973.pdf\">Resolu\u00e7\u00e3o 973\/2023 \u2013 CODEFAT<\/a><br><a href=\"https:\/\/goias.gov.br\/retomada\/wp-content\/uploads\/sites\/22\/2023\/11\/2023-Resolucao-no-984-de-23-de-agosto-de-2023-Bloco-de-Assessoramento-Estatistico.pdf\">Resolu\u00e7\u00e3o 984\/2023 \u2013 CODEFAT<\/a><br><strong>Resolu\u00e7\u00f5es 2024<\/strong><br><a href=\"https:\/\/goias.gov.br\/retomada\/wp-content\/uploads\/sites\/22\/2024\/07\/ResoluA\u00a7Ao-CDE-FCO-NAo-001-RevalidaA\u00a7Aoes-e-AlteraA\u00a7A\u00b5es.pdf\">Resolu\u00e7\u00f5es 001\/2024 DCE\/FCO<\/a><br><a href=\"https:\/\/goias.gov.br\/retomada\/wp-content\/uploads\/sites\/22\/2024\/07\/ResoluA\u00a7Ao-CDE-FCO-NAo-002-Capital-de-Giro.pdf\">Resolu\u00e7\u00f5es 002\/2024 DCE\/FCO<\/a><br><a href=\"https:\/\/goias.gov.br\/retomada\/wp-content\/uploads\/sites\/22\/2024\/07\/ResoluA\u00a7Ao-CDE-FCO-NAo-003-APL-da-Moda.pdf\">Resolu\u00e7\u00f5es 003\/2024 DCE\/FCO<\/a><br><a href=\"https:\/\/goias.gov.br\/retomada\/wp-content\/uploads\/sites\/22\/2024\/07\/ResoluA\u00a7Ao-CDE-FCO-NAo-004-Limites-do-FCO-Rural.pdf\">Resolu\u00e7\u00f5es 004\/2024 DCE\/FCO<\/a><br><a href=\"https:\/\/goias.gov.br\/retomada\/wp-content\/uploads\/sites\/22\/2024\/07\/ResoluA\u00a7Ao-CDE-FCO-NAo-005-RestriA\u00a7A\u00b5es-FCO-Rural.pdf\">Resolu\u00e7\u00f5es 005\/2024 DCE\/FCO<\/a><br><a href=\"https:\/\/goias.gov.br\/retomada\/wp-content\/uploads\/sites\/22\/2024\/07\/ResoluA\u00a7Ao-CDE-FCO-NAo-006-APL-do-Turismo.pdf\">Resolu\u00e7\u00f5es 006\/2024 DCE\/FCO<\/a><br><a href=\"https:\/\/goias.gov.br\/retomada\/wp-content\/uploads\/sites\/22\/2024\/07\/ResoluA\u00a7Ao-CDE-FCO-NAo-007-DefiniA\u00a7Ao-Matrizes-SuA_nas.pdf\">Resolu\u00e7\u00f5es 007\/2024 DCE\/FCO<\/a><br><a href=\"https:\/\/goias.gov.br\/retomada\/wp-content\/uploads\/sites\/22\/2024\/07\/ResoluA\u00a7Ao-CDE-FCO-NAo-008-AdequaA\u00a7Ao-e-AmpliaA\u00a7Ao-Granjas-Suino.pdf\">Resolu\u00e7\u00f5es 008\/2024 DCE\/FCO<\/a><br><a href=\"https:\/\/goias.gov.br\/retomada\/wp-content\/uploads\/sites\/22\/2024\/07\/ResoluA\u00a7Ao-CDE-FCO-NAo-009-Cartas-Consultas-Empresarial.pdf\">Resolu\u00e7\u00f5es 009\/2024 DCE\/FCO<\/a><br><a href=\"https:\/\/goias.gov.br\/retomada\/wp-content\/uploads\/sites\/22\/2024\/07\/ResoluA\u00a7Ao-CDE-FCO-NAo-010-Cartas-Consultas-Rural.pdf\">Resolu\u00e7\u00f5es 010\/2024 DCE\/FCO<\/a><br><a href=\"https:\/\/goias.gov.br\/retomada\/wp-content\/uploads\/sites\/22\/2024\/07\/ResoluA\u00a7Ao-CDE-FCO-NAo-011-RevalidaA\u00a7Aoes-e-AlteraA\u00a7A\u00b5es.pdf\">Resolu\u00e7\u00f5es 011\/2024 DCE\/FCO<\/a><br><a href=\"https:\/\/goias.gov.br\/retomada\/wp-content\/uploads\/sites\/22\/2024\/07\/ResoluA\u00a7Ao-CDE-FCO-NAo-012-RevalidaA\u00a7Aoes-e-AlteraA\u00a7A\u00b5es.pdf\">Resolu\u00e7\u00f5es 012\/2024 DCE\/FCO<\/a><br><a href=\"https:\/\/goias.gov.br\/retomada\/wp-content\/uploads\/sites\/22\/2024\/07\/ResoluA\u00a7Ao-CDE-FCO-NAo-013-Cartas-Consultas-Rural.pdf\">Resolu\u00e7\u00f5es 013\/2024 DCE\/FCO<\/a><br><a href=\"https:\/\/goias.gov.br\/retomada\/wp-content\/uploads\/sites\/22\/2024\/07\/ResoluA\u00a7Ao-CDE-FCO-NAo-014-Cartas-Consultas-Empresarial.pdf\">Resolu\u00e7\u00f5es 014\/2024 DCE\/FCO<\/a><br><a href=\"https:\/\/goias.gov.br\/retomada\/wp-content\/uploads\/sites\/22\/2024\/07\/ResoluA\u00a7Ao-CDE-FCO-NAo-015-Energia-ElA\u00a9trica-Fotovoltaica.pdf\">Resolu\u00e7\u00f5es 015\/2024 DCE\/FCO<\/a><br><a href=\"https:\/\/goias.gov.br\/retomada\/wp-content\/uploads\/sites\/22\/2024\/07\/ResoluA\u00a7Ao-CDE-FCO-NAo-016-Cartas-Consultas-Rural.pdf\">Resolu\u00e7\u00f5es 016\/2024 DCE\/FCO<\/a><br><a href=\"https:\/\/goias.gov.br\/retomada\/wp-content\/uploads\/sites\/22\/2024\/07\/ResoluA\u00a7Ao-CDE-FCO-NAo-017-Cartas-Consultas-Empresarial.pdf\">Resolu\u00e7\u00f5es 017\/2024 DCE\/FCO<\/a><br><a href=\"https:\/\/goias.gov.br\/retomada\/wp-content\/uploads\/sites\/22\/2024\/07\/ResoluA\u00a7Ao-CDE-FCO-NAo-018-RevalidaA\u00a7Aoes-e-AlteraA\u00a7A\u00b5es.pdf\">Resolu\u00e7\u00f5es 018\/2024 DCE\/FCO<\/a><br><a href=\"https:\/\/goias.gov.br\/retomada\/wp-content\/uploads\/sites\/22\/2024\/07\/ResoluA\u00a7Ao-CDE-FCO-NAo-019-Cartas-Consultas-Rural.pdf\">Resolu\u00e7\u00f5es 019\/2024 DCE\/FCO<\/a><br><a href=\"https:\/\/goias.gov.br\/retomada\/wp-content\/uploads\/sites\/22\/2024\/07\/ResoluA\u00a7Ao-CDE-FCO-NAo-020-Cartas-Consultas-Empresarial.pdf\">Resolu\u00e7\u00f5es 020\/2024 DCE\/FCO<\/a><br><a href=\"https:\/\/goias.gov.br\/retomada\/wp-content\/uploads\/sites\/22\/2024\/07\/ResoluA\u00a7Ao-CDE-FCO-NAo-021-RevalidaA\u00a7A\u00b5es-e-AlteraA\u00a7A\u00b5es.pdf\">Resolu\u00e7\u00f5es 021\/2024 DCE\/FCO<\/a><br><a href=\"https:\/\/goias.gov.br\/retomada\/wp-content\/uploads\/sites\/22\/2024\/07\/ResoluA\u00a7Ao-CDE-FCO-NAo-023-Cartas-Consultas-Empresarial.pdf\">Resolu\u00e7\u00f5es 022\/2024 DCE\/FCO<\/a><br><a href=\"https:\/\/goias.gov.br\/retomada\/wp-content\/uploads\/sites\/22\/2024\/07\/ResoluA\u00a7Ao-CDE-FCO-NAo-023-Cartas-Consultas-Empresarial.pdf\">Resolu\u00e7\u00f5es 023\/2024 DCE\/FCO<\/a><br><a href=\"https:\/\/goias.gov.br\/retomada\/wp-content\/uploads\/sites\/22\/2024\/07\/ResoluA\u00a7Ao-CDE-FCO-NAo-024-RevalidaA\u00a7A\u00b5es-e-AlteraA\u00a7A\u00b5es.pdf\">Resolu\u00e7\u00f5es 024\/2024 DCE\/FCO<\/a><br><a href=\"https:\/\/goias.gov.br\/retomada\/wp-content\/uploads\/sites\/22\/2024\/07\/ResoluA\u00a7Ao-CDE-FCO-NAo-025-Cartas-Consultas-Empresarial.pdf\">Resolu\u00e7\u00f5es 025\/2024 DCE\/FCO<\/a><br><a href=\"https:\/\/goias.gov.br\/retomada\/wp-content\/uploads\/sites\/22\/2024\/07\/ResoluA\u00a7Ao-CDE-FCO-NAo-026-Cartas-Consultas-Rural.pdf\">Resolu\u00e7\u00f5es 026\/2024 DCE\/FCO<\/a><br><a href=\"https:\/\/goias.gov.br\/retomada\/wp-content\/uploads\/sites\/22\/2024\/07\/ResoluA\u00a7Ao-CDE-FCO-NAo-027-RevalidaA\u00a7A\u00b5es-e-AlteraA\u00a7A\u00b5es.pdf\">Resolu\u00e7\u00f5es 027\/2024 DCE\/FCO<\/a><br><a href=\"https:\/\/goias.gov.br\/retomada\/wp-content\/uploads\/sites\/22\/2024\/07\/ResoluA\u00a7Ao-CDE-FCO-NAo-028-Cartas-Consultas-Empresarial.pdf\">Resolu\u00e7\u00f5es 028\/2024 DCE\/FCO<\/a><br><a href=\"https:\/\/goias.gov.br\/retomada\/wp-content\/uploads\/sites\/22\/2024\/07\/ResoluA\u00a7Ao-CDE-FCO-NAo-029-Cartas-Consultas-Rural.pdf\">Resolu\u00e7\u00f5es 029\/2024 DCE\/FCO<\/a><br><a href=\"https:\/\/goias.gov.br\/retomada\/wp-content\/uploads\/sites\/22\/2024\/07\/ResoluA\u00a7Ao-CDE-FCO-NAo-030-RevalidaA\u00a7A\u00b5es-e-AlteraA\u00a7A\u00b5es.pdf\">Resolu\u00e7\u00f5es 030\/2024 DCE\/FCO<\/a><br><br>Atas CTER<br><br><a href=\"https:\/\/goias.gov.br\/retomada\/wp-content\/uploads\/sites\/22\/2024\/08\/SEI_GOVERNADORIA___000017886567___Ata_14.01.2021_CTER.pdf\">Ata_14.01.2021_CTER<\/a><br><a href=\"https:\/\/goias.gov.br\/retomada\/wp-content\/uploads\/sites\/22\/2024\/08\/SEI_GOVERNADORIA___000017852122___Ata_06.01.2021_CTER.pdf\">Ata_06.01.2021_CTER<\/a><br><a href=\"https:\/\/goias.gov.br\/retomada\/wp-content\/uploads\/sites\/22\/2024\/08\/SEI_63775364_Justificativa.pdf\">Justificativa <\/a><br><br><\/td><\/tr><\/tbody><\/table><\/figure>\n\n\n\n<p><strong>Conselho Deliberativo do Fundo de Equaliza\u00e7\u00e3o para o Empreendedor<\/strong>&nbsp;\u2013&nbsp;<strong>FUNDEQ<\/strong><\/p>\n\n\n\n<p>Pra\u00e7a Pedro Ludovico Teixeira \u2013 Rua 82, CERART, n\u00b003, Setor Central.<br>Goi\u00e2nia-GO \u2013 CEP: 74003-010<br>E-mail:&nbsp;<a href=\"mailto:gustavo.almeida@goias.gov.br\">gustavo.almeida@goias.gov.br<\/a><br>Tel.: 55 (62) 3030-1471<\/p>\n\n\n\n<ul class=\"wp-block-list\">\n<li><a href=\"https:\/\/goias.gov.br\/retomada\/wp-content\/uploads\/sites\/22\/2024\/05\/Lei-Complementar-n%C2%B0-160-_-2020.pdf\">Lei Complementar 160<\/a><\/li>\n\n\n\n<li><a href=\"https:\/\/goias.gov.br\/retomada\/wp-content\/uploads\/sites\/22\/2024\/05\/Lei-Complementar-n%C2%B0-163-_-2021.pdf\">Lei Complementar 163<\/a><\/li>\n\n\n\n<li><a href=\"https:\/\/goias.gov.br\/retomada\/wp-content\/uploads\/sites\/22\/2024\/05\/Resolucao-no-007-de-2022.pdf\">Resolu\u00e7\u00e3o 07 2022<\/a><\/li>\n\n\n\n<li><a href=\"https:\/\/goias.gov.br\/retomada\/wp-content\/uploads\/sites\/22\/2024\/05\/Resolucao-no-1-de-2023.pdf\">Resolu\u00e7\u00e3o 01 2023<\/a><\/li>\n\n\n\n<li><a href=\"https:\/\/goias.gov.br\/retomada\/wp-content\/uploads\/sites\/22\/2024\/05\/Resolucao-no-2-de-2023.pdf\">Resolu\u00e7\u00e3o 02 2023<\/a><\/li>\n\n\n\n<li><a href=\"https:\/\/goias.gov.br\/retomada\/wp-content\/uploads\/sites\/22\/2024\/05\/Resolucao-no-3-de-2023.pdf\">Resolu\u00e7\u00e3o 03 2023<\/a><\/li>\n\n\n\n<li><a href=\"https:\/\/goias.gov.br\/retomada\/wp-content\/uploads\/sites\/22\/2024\/05\/Resolucao-no-1-de-2024.pdf\">Resolu\u00e7\u00e3o 01 2024<\/a><\/li>\n\n\n\n<li><a href=\"https:\/\/goias.gov.br\/retomada\/wp-content\/uploads\/sites\/22\/2024\/05\/1a-Ata-de-reuniao-ORDINARIA-FUNDEQ.pdf\">1\u00b0 Ata de Reuni\u00e3o Ordin\u00e1ria<\/a><\/li>\n\n\n\n<li><a href=\"https:\/\/goias.gov.br\/retomada\/wp-content\/uploads\/sites\/22\/2024\/05\/1a-Ata-de-reuniao-EXTRAORDINARIA-FUNDEQ.pdf\">1\u00ba Ata de Reuni\u00e3o Extraordin\u00e1ria<\/a><\/li>\n\n\n\n<li><a href=\"https:\/\/goias.gov.br\/retomada\/wp-content\/uploads\/sites\/22\/2024\/05\/2a-Ata-de-reuniao-ORDINARIA-FUNDEQ.pdf\">2\u00ba Ata de Reuni\u00e3o Ordin\u00e1ria<\/a><\/li>\n\n\n\n<li><a href=\"https:\/\/goias.gov.br\/retomada\/wp-content\/uploads\/sites\/22\/2024\/05\/3a-Ata-de-reuniao-EXTRAORDINARIA-FUNDEQ.pdf\">3\u00ba Ata de Reuni\u00e3o Extraordin\u00e1ria<\/a><\/li>\n\n\n\n<li><a href=\"https:\/\/goias.gov.br\/retomada\/wp-content\/uploads\/sites\/22\/2024\/05\/4a-Ata-de-reuniao-FUNDEQ.pdf\">4\u00ba Ata de Reuni\u00e3o<\/a><\/li>\n\n\n\n<li><a href=\"https:\/\/goias.gov.br\/retomada\/wp-content\/uploads\/sites\/22\/2024\/05\/5a-Ata-de-reuniao-FUNDEQ.pdf\">5\u00b0 Ata de Reuni\u00e3o<\/a><\/li>\n\n\n\n<li><a href=\"https:\/\/goias.gov.br\/retomada\/wp-content\/uploads\/sites\/22\/2024\/05\/6a-Ata-de-reuniao-FUNDEQ.pdf\">6\u00ba Ata de Reuni\u00e3o<\/a><\/li>\n\n\n\n<li><a href=\"https:\/\/goias.gov.br\/retomada\/wp-content\/uploads\/sites\/22\/2024\/05\/7a-Ata-de-reuniao-FUNDEQ.pdf\">7\u00ba Ata de Reuni\u00e3o<\/a><\/li>\n\n\n\n<li><a href=\"https:\/\/goias.gov.br\/retomada\/wp-content\/uploads\/sites\/22\/2024\/05\/8a-Ata-de-reuniao-FUNDEQ.pdf\">8\u00ba Ata de Reuni\u00e3o<\/a><\/li>\n\n\n\n<li><a href=\"https:\/\/goias.gov.br\/retomada\/wp-content\/uploads\/sites\/22\/2024\/05\/9a-Ata-de-reuniao-FUNDEQ.pdf\">9\u00ba Ata de Reuni\u00e3o<\/a><\/li>\n\n\n\n<li><a href=\"https:\/\/goias.gov.br\/retomada\/wp-content\/uploads\/sites\/22\/2024\/05\/10a-Ata-de-reuniao-FUNDEQ.pdf\">10\u00ba Ata de Reuni\u00e3o<\/a><\/li>\n\n\n\n<li><a href=\"https:\/\/goias.gov.br\/retomada\/wp-content\/uploads\/sites\/22\/2024\/05\/11a-Ata-de-reuniao-FUNDEQ.pdf\">11\u00ba Ata de Reuni\u00e3o<\/a><\/li>\n<\/ul>\n\n\n\n<p> <\/p>\n","protected":false},"excerpt":{"rendered":"<p>Integram a RETOMADA, como \u00f3rg\u00e3os colegiados: Conselho Estadual de Turismo | CONTUR Pra\u00e7a Pedro Ludovico Teixeira \u2013 Rua 82, CERART, n\u00b003, Setor Central.Goi\u00e2nia-GO \u2013 CEP: 74003-010E-mail:&nbsp;gustavo.almeida@goias.gov.brTel.: 55 (62) 3030-1471 LEI DE CRIA\u00c7\u00c3O: Decreto n\u00ba 5.794, de 07 de julho de 2003 -Disp\u00f5e sobre a composi\u00e7\u00e3o e as atribui\u00e7\u00f5es do Conselho Estadual de Turismo de Goi\u00e1s [&hellip;]<\/p>\n","protected":false},"author":112,"featured_media":0,"comment_status":"closed","ping_status":"open","sticky":false,"template":"","format":"standard","meta":{"footnotes":""},"categories":[420],"tags":[],"class_list":["post-3093","post","type-post","status-publish","format-standard","hentry","category-acesso-a-informacao"],"rttpg_featured_image_url":null,"rttpg_author":{"display_name":"leonardomontanher","author_link":"https:\/\/goias.gov.br\/retomada\/author\/leonardomontanher\/"},"rttpg_comment":0,"rttpg_category":"<a href=\"https:\/\/goias.gov.br\/retomada\/categoria\/acesso-a-informacao\/\" rel=\"category tag\">Acesso \u00e0 Informa\u00e7\u00e3o<\/a>","rttpg_excerpt":"Integram a RETOMADA, como \u00f3rg\u00e3os colegiados: Conselho Estadual de Turismo | CONTUR Pra\u00e7a Pedro Ludovico Teixeira \u2013 Rua 82, CERART, n\u00b003, Setor Central.Goi\u00e2nia-GO \u2013 CEP: 74003-010E-mail:&nbsp;gustavo.almeida@goias.gov.brTel.: 55 (62) 3030-1471 LEI DE CRIA\u00c7\u00c3O: Decreto n\u00ba 5.794, de 07 de julho de 2003 -Disp\u00f5e sobre a composi\u00e7\u00e3o e as atribui\u00e7\u00f5es do Conselho Estadual de Turismo de Goi\u00e1s&hellip;","_links":{"self":[{"href":"https:\/\/goias.gov.br\/retomada\/wp-json\/wp\/v2\/posts\/3093","targetHints":{"allow":["GET"]}}],"collection":[{"href":"https:\/\/goias.gov.br\/retomada\/wp-json\/wp\/v2\/posts"}],"about":[{"href":"https:\/\/goias.gov.br\/retomada\/wp-json\/wp\/v2\/types\/post"}],"author":[{"embeddable":true,"href":"https:\/\/goias.gov.br\/retomada\/wp-json\/wp\/v2\/users\/112"}],"replies":[{"embeddable":true,"href":"https:\/\/goias.gov.br\/retomada\/wp-json\/wp\/v2\/comments?post=3093"}],"version-history":[{"count":2,"href":"https:\/\/goias.gov.br\/retomada\/wp-json\/wp\/v2\/posts\/3093\/revisions"}],"predecessor-version":[{"id":62554,"href":"https:\/\/goias.gov.br\/retomada\/wp-json\/wp\/v2\/posts\/3093\/revisions\/62554"}],"wp:attachment":[{"href":"https:\/\/goias.gov.br\/retomada\/wp-json\/wp\/v2\/media?parent=3093"}],"wp:term":[{"taxonomy":"category","embeddable":true,"href":"https:\/\/goias.gov.br\/retomada\/wp-json\/wp\/v2\/categories?post=3093"},{"taxonomy":"post_tag","embeddable":true,"href":"https:\/\/goias.gov.br\/retomada\/wp-json\/wp\/v2\/tags?post=3093"}],"curies":[{"name":"wp","href":"https:\/\/api.w.org\/{rel}","templated":true}]}}