

{"id":29,"date":"2018-07-23T10:45:49","date_gmt":"2018-07-23T13:45:49","guid":{"rendered":"https:\/\/siteshom.goias.gov.br\/retomada\/estrutura-organizacional\/"},"modified":"2025-12-09T08:35:33","modified_gmt":"2025-12-09T11:35:33","slug":"estrutura-organizacional","status":"publish","type":"post","link":"https:\/\/goias.gov.br\/retomada\/estrutura-organizacional\/","title":{"rendered":"Estrutura Organizacional"},"content":{"rendered":"\n<p><\/p>\n\n\n\n<figure class=\"wp-block-table is-style-stripes\"><table class=\"has-fixed-layout\"><tbody><tr><td class=\"has-text-align-center\" data-align=\"center\"><\/td><td><\/td><td><\/td><td><\/td><td><\/td><td><\/td><td><\/td><td><a href=\"https:\/\/goias.gov.br\/administracao\/tee-2\/\" id=\"\">Fale Conosco<\/a><\/td><\/tr><tr><td class=\"has-text-align-center\" data-align=\"center\"><strong><a href=\"https:\/\/goias.gov.br\/administracao\/siga-eng\/\">SIGA<\/a><\/strong><\/td><td><a href=\"https:\/\/goias.gov.br\/administracao\/siga-governadoria\/\">Governadoria<\/a><\/td><td><a href=\"https:\/\/goias.gov.br\/administracao\/vg-1\/\">Vice-Governadoria<\/a><\/td><td><a href=\"https:\/\/goias.gov.br\/administracao\/siga-secretarias\/\">Secretarias<\/a><\/td><td><a href=\"https:\/\/goias.gov.br\/administracao\/siga-agencias\/\">Ag\u00eancias\/<\/a><br><a href=\"https:\/\/goias.gov.br\/administracao\/siga-agencias\/\">Autarquias<\/a><\/td><td><a href=\"https:\/\/goias.gov.br\/administracao\/fundacao-de-amparo-a-pesquisa-do-estado-de-goias-fapeg-dados-gerais\/\">Funda\u00e7\u00e3o<\/a><\/td><td><a href=\"https:\/\/goias.gov.br\/administracao\/siga-sociedades\/\">Sociedades de Economia Mista<\/a><\/td><td><a href=\"https:\/\/goias.gov.br\/administracao\/siga-conselhos\/\">Conselhos Estaduais<\/a><\/td><\/tr><\/tbody><\/table><\/figure>\n\n\n\n<p><strong>Secretaria de Estado da Retomada \u2013 SER<\/strong><\/p>\n\n\n\n<p><a href=\"https:\/\/goias.gov.br\/retomada\/estrutura-organizacional\/\">Dados Gerais<\/a>&nbsp;|&nbsp;<a href=\"https:\/\/legisla.casacivil.go.gov.br\/pesquisa_legislacao\/108397\/decreto-10387\"><u>Regulamento<\/u><\/a>&nbsp;|&nbsp;<a href=\"https:\/\/goias.gov.br\/retomada\/legislacao\/\" target=\"_blank\" rel=\"noreferrer noopener\"><u>Legisla\u00e7\u00e3o&nbsp;Aplic\u00e1vel&nbsp;<\/u><\/a>|&nbsp;Fundos&nbsp;|&nbsp;<a href=\"https:\/\/goias.gov.br\/retomada\/wp-content\/uploads\/sites\/22\/2025\/07\/Organograma-Retomada-Decreto-no-10.515-de-31.07.24-2-atualizado.pdf\"><u>Organograma<\/u><\/a><\/p>\n\n\n\n<p><strong>Dados Gerais:<\/strong><\/p>\n\n\n\n<p><strong>T\u00edtular:&nbsp;<\/strong>&nbsp;C\u00e9sar Augusto de Sotkeviciene Moura<strong>&nbsp;<\/strong><\/p>\n\n\n\n<p><strong>CNPJ:<\/strong>&nbsp;37.992.607\/0001-05<\/p>\n\n\n\n<p><strong>Classifica\u00e7\u00e3o:<\/strong>&nbsp;\u00d3rg\u00e3o da Administra\u00e7\u00e3o Direta.<\/p>\n\n\n\n<p><strong>Endere\u00e7o \/ Sede:<\/strong>&nbsp;Rua 82, n\u00ba400, segundo andar, Ala Leste, Edificio Pal\u00e1cio Pedro Ludovico Teixera, St. Central<\/p>\n\n\n\n<p><strong>Recep\u00e7\u00e3o:<\/strong>&nbsp;(62) 3030-1582<\/p>\n\n\n\n<p><strong>Chef\u00eda de gabinete:<\/strong>&nbsp;(62) 3030-1587<\/p>\n\n\n\n<p><strong>Comunica\u00e7\u00e3o:&nbsp;<\/strong>(62) 3030-1584<\/p>\n\n\n\n<p><strong>&nbsp;&nbsp;&nbsp;Email:<\/strong>&nbsp;&nbsp;nubia.morais@goias.gov.br<\/p>\n\n\n\n<p><strong>&nbsp;&nbsp;&nbsp;&nbsp;Site:<\/strong>&nbsp;https:\/\/goias.gov.br\/retomada\/<\/p>\n\n\n\n<p><strong>Hor\u00e1rio de Atendimento:&nbsp;<\/strong>8h \u00e0s 12h e das 14h \u00e0s 18h<\/p>\n\n\n\n<p><strong>Compet\u00eancias:<\/strong><\/p>\n\n\n\n<p><strong>Fonte:&nbsp;<\/strong><a href=\"https:\/\/legisla.casacivil.go.gov.br\/pesquisa_legislacao\/106749\/lei-21792\" target=\"_blank\" rel=\"noreferrer noopener\">Lei n\u00ba 21.792 de 16 de Fevereiro de 2023.<\/a><\/p>\n\n\n\n<p>Art. 31. \u00c0 RETOMADA competem:<\/p>\n\n\n\n<p>I \u2013 a formula\u00e7\u00e3o e a execu\u00e7\u00e3o das pol\u00edticas p\u00fablicas estaduais de:<\/p>\n\n\n\n<p>a) mobiliza\u00e7\u00e3o social em prol da gera\u00e7\u00e3o de emprego, do empreendedorismo, da escolaridade e de investimentos;<\/p>\n\n\n\n<p>b) defesa e promo\u00e7\u00e3o do emprego e da renda;<\/p>\n\n\n\n<p>c) forma\u00e7\u00e3o, qualifica\u00e7\u00e3o e capacita\u00e7\u00e3o de pessoas para o emprego;<\/p>\n\n\n\n<p>d) atividades relacionadas com economia criativa, arranjos produtivos locais e cooperativismo; e<\/p>\n\n\n\n<p>e) fomento e fortalecimento ao micro e ao pequeno empreendedor e \u00e0s atividades artesanais;<\/p>\n\n\n\n<p>II \u2013 a supervis\u00e3o, a coordena\u00e7\u00e3o, o acompanhamento e o controle da implanta\u00e7\u00e3o de projetos de rela\u00e7\u00f5es do trabalho;<\/p>\n\n\n\n<p>III \u2013 a promo\u00e7\u00e3o da educa\u00e7\u00e3o profissionalizante, a gest\u00e3o e a organiza\u00e7\u00e3o metodol\u00f3gica dos col\u00e9gios tecnol\u00f3gicos;<\/p>\n\n\n\n<p>IV \u2013 o diagn\u00f3stico da demanda profissional dos setores produtivos do Estado e o mapeamento de \u00e1reas vulner\u00e1veis nas cidades goianas, com \u00eanfase no desenvolvimento econ\u00f4mico;<\/p>\n\n\n\n<p>V \u2013 o acompanhamento dos programas de financiamento com o setor produtivo da Regi\u00e3o Centro\u2013 Oeste;<\/p>\n\n\n\n<p>VI \u2013 a formula\u00e7\u00e3o e a execu\u00e7\u00e3o da pol\u00edtica estadual do microcr\u00e9dito; e<\/p>\n\n\n\n<p>VII \u2013 a formula\u00e7\u00e3o da pol\u00edtica de turismo do Estado.<\/p>\n\n\n\n<p>Art. 32. Integram a RETOMADA, como \u00f3rg\u00e3os colegiados:<\/p>\n\n\n\n<p>I \u2013 o Conselho Estadual do Trabalho, Emprego e Renda \u2013 CTER;<\/p>\n\n\n\n<p>II \u2013 o Conselho de Desenvolvimento do Estado \u2013 CDE\/FCO; e<\/p>\n\n\n\n<p>III \u2013 o Conselho Estadual de Turismo.<\/p>\n\n\n\n<p> <\/p>\n","protected":false},"excerpt":{"rendered":"<p>Fale Conosco SIGA Governadoria Vice-Governadoria Secretarias Ag\u00eancias\/Autarquias Funda\u00e7\u00e3o Sociedades de Economia Mista Conselhos Estaduais Secretaria de Estado da Retomada \u2013 SER Dados Gerais&nbsp;|&nbsp;Regulamento&nbsp;|&nbsp;Legisla\u00e7\u00e3o&nbsp;Aplic\u00e1vel&nbsp;|&nbsp;Fundos&nbsp;|&nbsp;Organograma Dados Gerais: T\u00edtular:&nbsp;&nbsp;C\u00e9sar Augusto de Sotkeviciene Moura&nbsp; CNPJ:&nbsp;37.992.607\/0001-05 Classifica\u00e7\u00e3o:&nbsp;\u00d3rg\u00e3o da Administra\u00e7\u00e3o Direta. Endere\u00e7o \/ Sede:&nbsp;Rua 82, n\u00ba400, segundo andar, Ala Leste, Edificio Pal\u00e1cio Pedro Ludovico Teixera, St. Central Recep\u00e7\u00e3o:&nbsp;(62) 3030-1582 Chef\u00eda de [&hellip;]<\/p>\n","protected":false},"author":7,"featured_media":28,"comment_status":"closed","ping_status":"open","sticky":false,"template":"","format":"standard","meta":{"footnotes":""},"categories":[2],"tags":[],"class_list":["post-29","post","type-post","status-publish","format-standard","has-post-thumbnail","hentry","category-institucional"],"rttpg_featured_image_url":{"full":["https:\/\/goias.gov.br\/retomada\/wp-content\/uploads\/sites\/22\/2018\/07\/Organo-42c.png",1844,991,false],"landscape":["https:\/\/goias.gov.br\/retomada\/wp-content\/uploads\/sites\/22\/2018\/07\/Organo-42c.png",1844,991,false],"portraits":["https:\/\/goias.gov.br\/retomada\/wp-content\/uploads\/sites\/22\/2018\/07\/Organo-42c.png",1844,991,false],"thumbnail":["https:\/\/goias.gov.br\/retomada\/wp-content\/uploads\/sites\/22\/2018\/07\/Organo-42c-150x150.png",150,150,true],"medium":["https:\/\/goias.gov.br\/retomada\/wp-content\/uploads\/sites\/22\/2018\/07\/Organo-42c-300x161.png",300,161,true],"large":["https:\/\/goias.gov.br\/retomada\/wp-content\/uploads\/sites\/22\/2018\/07\/Organo-42c-1024x550.png",1024,550,true],"1536x1536":["https:\/\/goias.gov.br\/retomada\/wp-content\/uploads\/sites\/22\/2018\/07\/Organo-42c-1536x825.png",1536,825,true],"2048x2048":["https:\/\/goias.gov.br\/retomada\/wp-content\/uploads\/sites\/22\/2018\/07\/Organo-42c.png",1844,991,false]},"rttpg_author":{"display_name":"gustavogoncalves","author_link":"https:\/\/goias.gov.br\/retomada\/author\/gustavogoncalves\/"},"rttpg_comment":0,"rttpg_category":"<a href=\"https:\/\/goias.gov.br\/retomada\/categoria\/institucional\/\" rel=\"category tag\">Institucional<\/a>","rttpg_excerpt":"Fale Conosco SIGA Governadoria Vice-Governadoria Secretarias Ag\u00eancias\/Autarquias Funda\u00e7\u00e3o Sociedades de Economia Mista Conselhos Estaduais Secretaria de Estado da Retomada \u2013 SER Dados Gerais&nbsp;|&nbsp;Regulamento&nbsp;|&nbsp;Legisla\u00e7\u00e3o&nbsp;Aplic\u00e1vel&nbsp;|&nbsp;Fundos&nbsp;|&nbsp;Organograma Dados Gerais: T\u00edtular:&nbsp;&nbsp;C\u00e9sar Augusto de Sotkeviciene Moura&nbsp; CNPJ:&nbsp;37.992.607\/0001-05 Classifica\u00e7\u00e3o:&nbsp;\u00d3rg\u00e3o da Administra\u00e7\u00e3o Direta. Endere\u00e7o \/ Sede:&nbsp;Rua 82, n\u00ba400, segundo andar, Ala Leste, Edificio Pal\u00e1cio Pedro Ludovico Teixera, St. Central Recep\u00e7\u00e3o:&nbsp;(62) 3030-1582 Chef\u00eda de&hellip;","_links":{"self":[{"href":"https:\/\/goias.gov.br\/retomada\/wp-json\/wp\/v2\/posts\/29","targetHints":{"allow":["GET"]}}],"collection":[{"href":"https:\/\/goias.gov.br\/retomada\/wp-json\/wp\/v2\/posts"}],"about":[{"href":"https:\/\/goias.gov.br\/retomada\/wp-json\/wp\/v2\/types\/post"}],"author":[{"embeddable":true,"href":"https:\/\/goias.gov.br\/retomada\/wp-json\/wp\/v2\/users\/7"}],"replies":[{"embeddable":true,"href":"https:\/\/goias.gov.br\/retomada\/wp-json\/wp\/v2\/comments?post=29"}],"version-history":[{"count":2,"href":"https:\/\/goias.gov.br\/retomada\/wp-json\/wp\/v2\/posts\/29\/revisions"}],"predecessor-version":[{"id":62531,"href":"https:\/\/goias.gov.br\/retomada\/wp-json\/wp\/v2\/posts\/29\/revisions\/62531"}],"wp:featuredmedia":[{"embeddable":true,"href":"https:\/\/goias.gov.br\/retomada\/wp-json\/wp\/v2\/media\/28"}],"wp:attachment":[{"href":"https:\/\/goias.gov.br\/retomada\/wp-json\/wp\/v2\/media?parent=29"}],"wp:term":[{"taxonomy":"category","embeddable":true,"href":"https:\/\/goias.gov.br\/retomada\/wp-json\/wp\/v2\/categories?post=29"},{"taxonomy":"post_tag","embeddable":true,"href":"https:\/\/goias.gov.br\/retomada\/wp-json\/wp\/v2\/tags?post=29"}],"curies":[{"name":"wp","href":"https:\/\/api.w.org\/{rel}","templated":true}]}}