

{"id":8041,"date":"2021-08-31T22:40:19","date_gmt":"2021-09-01T01:40:19","guid":{"rendered":"https:\/\/siteshom.goias.gov.br\/procuradoria\/termos-de-colaboracao\/"},"modified":"2026-04-01T16:41:39","modified_gmt":"2026-04-01T19:41:39","slug":"termos-de-colaboracao","status":"publish","type":"post","link":"https:\/\/goias.gov.br\/procuradoria\/termos-de-colaboracao\/","title":{"rendered":"Conv\u00eanios Concedidos"},"content":{"rendered":"\n<div class=\"wp-block-buttons is-content-justification-center is-layout-flex wp-container-core-buttons-is-layout-16018d1d wp-block-buttons-is-layout-flex\">\n<div class=\"wp-block-button\"><a class=\"wp-block-button__link wp-element-button\" href=\"https:\/\/goias.gov.br\/procuradoria\/wp-content\/uploads\/sites\/41\/2026\/01\/Convenios-concedios-06-01-2026.xlsx\">Exportar dados<\/a><\/div>\n<\/div>\n\n\n\n<table class=\"planilhaview display\" style=\"width:100%\"><thead><tr><th>Ano do Termo<\/th><th>N\u00ba do Termo<\/th><th>Tipo de Instrumento<\/th><th>N\u00ba DO PROCESSO<\/th><th>OBJETO<\/th><th>PART\u00cdCIPE<\/th><th>TERMO ADITIVO \/ APOSTILA<\/th><th>CNPJ<\/th><th>IN\u00cdCIO<\/th><th>FIM<\/th><th>VIG\u00caNCIA<\/th><th>VALOR TOTAL (R$)<\/th><th>DATA DOS REPASSES<\/th><th>VALORES REPASSADOS<\/th><\/tr><tr><th><input type=\"text\" placeholder=\"Filtrar Ano do Termo\"><\/th><th><input type=\"text\" placeholder=\"Filtrar N\u00ba do Termo\"><\/th><th><input type=\"text\" placeholder=\"Filtrar Tipo de Instrumento\"><\/th><th><input type=\"text\" placeholder=\"Filtrar N\u00ba DO PROCESSO\"><\/th><th><input type=\"text\" placeholder=\"Filtrar OBJETO\"><\/th><th><input type=\"text\" placeholder=\"Filtrar PART\u00cdCIPE\"><\/th><th><input type=\"text\" placeholder=\"Filtrar TERMO ADITIVO \/ APOSTILA\"><\/th><th><input type=\"text\" placeholder=\"Filtrar CNPJ\"><\/th><th><input type=\"text\" placeholder=\"Filtrar IN\u00cdCIO\"><\/th><th><input type=\"text\" placeholder=\"Filtrar FIM\"><\/th><th><input type=\"text\" placeholder=\"Filtrar VIG\u00caNCIA\"><\/th><th><input type=\"text\" placeholder=\"Filtrar VALOR TOTAL (R$)\"><\/th><th><input type=\"text\" placeholder=\"Filtrar DATA DOS REPASSES\"><\/th><th><input type=\"text\" placeholder=\"Filtrar VALORES REPASSADOS\"><\/th><\/tr><\/thead><tbody><tr><td style=\"color: #000000; background-color: #FFFFFF;\">2025<\/td><td style=\"color: #000000; background-color: #FFFFFF;\">297\/2025<\/td><td style=\"color: #467886; background-color: #FFFFFF;text-decoration: underline;\"><a href=\"https:\/\/goias.gov.br\/procuradoria\/wp-content\/uploads\/sites\/41\/2026\/01\/Convenio-297-2025.pdf\" target=\"_blank\">Conv\u00eanio<\/a><\/td><td style=\"color: #467886; background-color: #FFFFFF;text-decoration: underline;\"><a href=\"https:\/\/sei.go.gov.br\/sei\/controlador.php?acao=protocolo_visualizar&id_protocolo=83609619&id_procedimento_atual=83609619&infra_sistema=100000100&infra_unidade_atual=9373&infra_hash=2936bfe62c1ab12f02625e5cc0628f2b8110635691b110625d1cd446da15725b2540471546933c69690bfff5cfb4037c644072c2bf0144116eb8cb4ad00f2ce1c4dd9cc2117e9992c4c4264ac3d7d292521bbeb88072f1f679e78a87d9a94b56\" target=\"_blank\">202500003016560<\/a><\/td><td style=\"color: #000000; background-color: #FFFFFF;\">Associa\u00e7\u00e3o de esfor\u00e7os das partes para viabilizar a realiza\u00e7\u00e3o de pesquisas aplicadas e atividades formativas articuladas a tais pesquisas, no \u00e2mbito do curso de Mestrado e Doutorado Profissional em Direito e Pol\u00edticas P\u00fablicas, com fundamento na igualdade jur\u00eddica dos part\u00edcipes, n\u00e3o persecu\u00e7\u00e3o da lucratividade, reciprocidade e complementaridade de a\u00e7\u00f5es, destinadas ao objetivo comum de produ\u00e7\u00e3o de conhecimento e capacita\u00e7\u00e3o de profissionais da \u00e1rea em regula\u00e7\u00e3o, implementa\u00e7\u00e3o, processamento e controle jur\u00eddico das pol\u00edticas p\u00fablicas, com enfoque nos desafios da Procuradoria-Geral do Estado nessa seara, por meio da realiza\u00e7\u00e3o de pesquisas cient\u00edficas aplicadas em temas de interesse local e regional de ambas as entidades e da sociedade, e conseguinte forma\u00e7\u00e3o em pesquisa cient\u00edfica aplicada em sede de mestrado e doutorado profissional, por meio do desenvolvimento de um conjunto de sub-projetos de pesquisa articulados por projeto espec\u00edfico integrador (projeto registrado no Sistema Integrado de Gest\u00e3o de Atividades Acad\u00eamicas - SIGAA\/UFG sob c\u00f3digo PI09242-2025).<\/td><td style=\"color: #000000; background-color: #FFFFFF;\">UNIVERSIDADE FEDERAL DE GOI\u00c1S (UFG)<\/td><td style=\"color: #000000; background-color: #FFFFFF;\"><\/td><td style=\"color: #000000; background-color: #FFFFFF;\">01.567.601\/0001-43<\/td><td style=\"color: #000000; background-color: #FFFFFF;\">19\/12\/2025<\/td><td style=\"color: #000000; background-color: #FFFFFF;\">19\/12\/2029<\/td><td style=\"color: #000000; background-color: #FFFFFF;\">48 Meses<\/td><td style=\"color: #000000; background-color: #FFFFFF;\">598.108,82<\/td><td style=\"color: #000000; background-color: #FFFFFF;\">-<\/td><td style=\"color: #000000; background-color: #FFFFFF;\">0<\/td><\/tr><tr><td style=\"color: #000000; background-color: #FFFFFF;\">2023<\/td><td style=\"color: #000000; background-color: #FFFFFF;\">286\/2023-PGE<\/td><td style=\"color: #467886; background-color: #FFFFFF;text-decoration: underline;\"><a href=\"https:\/\/goias.gov.br\/procuradoria\/wp-content\/uploads\/sites\/41\/files\/Acessoinformacao\/ConvenioAcordos\/2023\/202303020118.pdf\" target=\"_blank\">CONV\u00caNIO<\/a><\/td><td style=\"color: #000000; background-color: #FFFFFF;\">202300003020118<\/td><td style=\"color: #000000; background-color: #FFFFFF;\">Oferta e o funcionamento do Programa de \"Mestrado Profissional em Direito e Pol\u00edticas P\u00fablicas\", destinadas ao objetivo comum de capacita\u00e7\u00e3o de profissionais da \u00e1rea para o adequado exerc\u00edcio profissional da regula\u00e7\u00e3o, implementa\u00e7\u00e3o, processamento e controle jur\u00eddico das pol\u00edticas p\u00fablicas, por meio de forma\u00e7\u00e3o em pesquisa cient\u00edfica aplicada em sede de mestrado profissional e conseguinte realiza\u00e7\u00e3o de pesquisas cient\u00edficas aplicadas em temas de interesse local e regional dos convenentes e da sociedade.<\/td><td style=\"color: #000000; background-color: #FFFFFF;\">UNIVERSIDADE FEDERAL DE GOI\u00c1S - UFG<\/td><td style=\"color: #000000; background-color: #FFFFFF;\"><\/td><td style=\"color: #000000; background-color: #FFFFFF;\">01.567.601\/0001-43<\/td><td style=\"color: #000000; background-color: #FFFFFF;\">28\/11\/2023<\/td><td style=\"color: #000000; background-color: #FFFFFF;\">28\/05\/2027<\/td><td style=\"color: #000000; background-color: #FFFFFF;\">42 Meses<\/td><td style=\"color: #000000; background-color: #FFFFFF;\">258.400,00<\/td><td style=\"color: #000000; background-color: #FFFFFF;\">1\u00ba 15\/02\/2024<\/td><td style=\"color: #000000; background-color: #FFFFFF;\">1\u00ba 118.800,00<\/td><\/tr><tr><td style=\"color: #000000; background-color: #FFFFFF;\">2019<\/td><td style=\"color: #000000; background-color: #FFFFFF;\">01\/2019<\/td><td style=\"color: #467886; background-color: #FFFFFF;text-decoration: underline;\"><a href=\"https:\/\/goias.gov.br\/procuradoria\/wp-content\/uploads\/sites\/41\/files\/Acessoinformacao\/2023\/AJUSTESANOS\/2019\/6.20185529.pdf\" target=\"_blank\">Termo de Fomento<\/a><\/td><td style=\"color: #000000; background-color: #FFFFFF;\">201800003015529<\/td><td style=\"color: #000000; background-color: #FFFFFF;\">XXVIII ENCONTRO NACIONAL DO CONPEDI<\/td><td style=\"color: #000000; background-color: #FFFFFF;\">Conselho Nacional de Pesquisa e P\u00f3s-Gradua\u00e7\u00e3o em Direito (CONPEDI)<\/td><td style=\"color: #000000; background-color: #FFFFFF;\"><\/td><td style=\"color: #000000; background-color: #FFFFFF;\">05.855.238\/0001-12<\/td><td style=\"color: #000000; background-color: #FFFFFF;\">04\/06\/2019<\/td><td style=\"color: #000000; background-color: #FFFFFF;\">04\/06\/2020<\/td><td style=\"color: #000000; background-color: #FFFFFF;\">12 MESES<\/td><td style=\"color: #000000; background-color: #FFFFFF;\">50.750,00<\/td><td style=\"color: #000000; background-color: #FFFFFF;\">11\/06\/2019<\/td><td style=\"color: #000000; background-color: #FFFFFF;\">50.750,00<\/td><\/tr><tr><td style=\"color: #000000; background-color: #FFFFFF;\">2018<\/td><td style=\"color: #000000; background-color: #FFFFFF;\">S\/ N\u00famero<\/td><td style=\"color: #467886; background-color: #FFFFFF;text-decoration: underline;\"><a href=\"https:\/\/goias.gov.br\/procuradoria\/wp-content\/uploads\/sites\/41\/2024\/07\/Convenio-UFG-PPGDP.pdf\" target=\"_blank\">Conv\u00eanio<\/a><\/td><td style=\"color: #000000; background-color: #FFFFFF;\">201800003014299<\/td><td style=\"color: #000000; background-color: #FFFFFF;\">PROGRAMA DE P\u00d3S-GRADUA\u00c7\u00c3O E DIREITO E POL\u00cdTICAS P\u00daBLICAS, N\u00cdVEL MESTRADO PROFISSIONAL DA FACULDADE DE DIREITO, REGIONAL DE GOI\u00c2NIA DA UFG - PPGDP-UFG<\/td><td style=\"color: #000000; background-color: #FFFFFF;\">Universidade Federal de Goi\u00e1s -UFG<\/td><td style=\"color: #0066CC; background-color: #FFFFFF;text-decoration: underline;\"><a href=\"https:\/\/goias.gov.br\/procuradoria\/wp-content\/uploads\/sites\/41\/2024\/06\/Termo-Aditivo-Assinado-UFG-.pdf\" target=\"_blank\">1\u00ba Termo Aditivo ao Conv\u00eanio - Assinado em: 19\/01\/2021 \u2013 Objeto: Altera\u00e7\u00e3o de Cl\u00e1usulas<\/a><\/td><td style=\"color: #000000; background-color: #FFFFFF;\">01.567.601\/0001-43<\/td><td style=\"color: #000000; background-color: #FFFFFF;\">01\/08\/2019<\/td><td style=\"color: #000000; background-color: #FFFFFF;\">01\/08\/2024<\/td><td style=\"color: #000000; background-color: #FFFFFF;\">60 MESES<\/td><td style=\"color: #000000; background-color: #FFFFFF;\">R$ 464.529,31<\/td><td style=\"color: #000000; background-color: #FFFFFF;\">1\u00ba - 12\/02\/2020;  2\u00ba  - 28\/01\/2021;  3\u00ba - 21\/07\/2021; 4\u00ba - 65.454,54<\/td><td style=\"color: #000000; background-color: #FFFFFF;\">1\u00ba - 50.127,31; 2\u00ba - 58.681,00; 3\u00ba - 58.001,80; 4\u00ba - 65.454,54<\/td><\/tr><\/tbody><\/table><div class=\"wp-block-file\"><a href=\"https:\/\/goias.gov.br\/procuradoria\/wp-content\/uploads\/sites\/41\/2026\/01\/Convenios-concedios-06-01-2026.xlsx\">Convenios-concedios-06-01-2026.xlsx&nbsp; <span class=\"wp-block-file__button wp-element-button\">Baixar<\/span><\/a><\/div>\n\n\n\n<p><\/p>\n","protected":false},"excerpt":{"rendered":"","protected":false},"author":794,"featured_media":0,"comment_status":"closed","ping_status":"open","sticky":false,"template":"","format":"standard","meta":{"footnotes":""},"categories":[7],"tags":[],"class_list":["post-8041","post","type-post","status-publish","format-standard","hentry","category-orientacoes-da-pge"],"rttpg_featured_image_url":null,"rttpg_author":{"display_name":"giovannagomes","author_link":"https:\/\/goias.gov.br\/procuradoria\/author\/giovannagomes\/"},"rttpg_comment":0,"rttpg_category":"<a href=\"https:\/\/goias.gov.br\/procuradoria\/categoria\/orientacoes-da-pge\/\" rel=\"category tag\">Orienta\u00e7\u00f5es da PGE<\/a>","rttpg_excerpt":null,"_links":{"self":[{"href":"https:\/\/goias.gov.br\/procuradoria\/wp-json\/wp\/v2\/posts\/8041","targetHints":{"allow":["GET"]}}],"collection":[{"href":"https:\/\/goias.gov.br\/procuradoria\/wp-json\/wp\/v2\/posts"}],"about":[{"href":"https:\/\/goias.gov.br\/procuradoria\/wp-json\/wp\/v2\/types\/post"}],"author":[{"embeddable":true,"href":"https:\/\/goias.gov.br\/procuradoria\/wp-json\/wp\/v2\/users\/794"}],"replies":[{"embeddable":true,"href":"https:\/\/goias.gov.br\/procuradoria\/wp-json\/wp\/v2\/comments?post=8041"}],"version-history":[{"count":2,"href":"https:\/\/goias.gov.br\/procuradoria\/wp-json\/wp\/v2\/posts\/8041\/revisions"}],"predecessor-version":[{"id":145054,"href":"https:\/\/goias.gov.br\/procuradoria\/wp-json\/wp\/v2\/posts\/8041\/revisions\/145054"}],"wp:attachment":[{"href":"https:\/\/goias.gov.br\/procuradoria\/wp-json\/wp\/v2\/media?parent=8041"}],"wp:term":[{"taxonomy":"category","embeddable":true,"href":"https:\/\/goias.gov.br\/procuradoria\/wp-json\/wp\/v2\/categories?post=8041"},{"taxonomy":"post_tag","embeddable":true,"href":"https:\/\/goias.gov.br\/procuradoria\/wp-json\/wp\/v2\/tags?post=8041"}],"curies":[{"name":"wp","href":"https:\/\/api.w.org\/{rel}","templated":true}]}}