

{"id":8038,"date":"2021-08-31T13:55:42","date_gmt":"2021-08-31T16:55:42","guid":{"rendered":"https:\/\/siteshom.goias.gov.br\/procuradoria\/convenios-com-outras-entidades\/"},"modified":"2026-04-22T13:07:10","modified_gmt":"2026-04-22T16:07:10","slug":"convenios-com-outras-entidades","status":"publish","type":"post","link":"https:\/\/goias.gov.br\/procuradoria\/convenios-com-outras-entidades\/","title":{"rendered":"Acordos sem Transfer\u00eancia de Recursos"},"content":{"rendered":"\n<div class=\"wp-block-buttons is-content-justification-center is-layout-flex wp-container-core-buttons-is-layout-16018d1d wp-block-buttons-is-layout-flex\">\n<div class=\"wp-block-button\"><a class=\"wp-block-button__link has-text-align-center wp-element-button\" href=\"https:\/\/goias.gov.br\/procuradoria\/wp-content\/uploads\/sites\/41\/2026\/04\/Acordos-sem-transferencia-de-recursos-22-04-2026-1.xlsx\">Exportar dados<\/a><\/div>\n<\/div>\n\n\n\n<table class=\"planilhaview display\" style=\"width:100%\"><thead><tr><th>Ano do Termo<\/th><th>N\u00ba do Termo<\/th><th>Tipo de Instrumento<\/th><th>N\u00ba DO PROCESSO<\/th><th>OBJETO<\/th><th>PART\u00cdCIPE<\/th><th>CNPJ<\/th><th>IN\u00cdCIO<\/th><th>FIM<\/th><th>VIG\u00caNCIA<\/th><\/tr><tr><th><input type=\"text\" placeholder=\"Filtrar Ano do Termo\"><\/th><th><input type=\"text\" placeholder=\"Filtrar N\u00ba do Termo\"><\/th><th><input type=\"text\" placeholder=\"Filtrar Tipo de Instrumento\"><\/th><th><input type=\"text\" placeholder=\"Filtrar N\u00ba DO PROCESSO\"><\/th><th><input type=\"text\" placeholder=\"Filtrar OBJETO\"><\/th><th><input type=\"text\" placeholder=\"Filtrar PART\u00cdCIPE\"><\/th><th><input type=\"text\" placeholder=\"Filtrar CNPJ\"><\/th><th><input type=\"text\" placeholder=\"Filtrar IN\u00cdCIO\"><\/th><th><input type=\"text\" placeholder=\"Filtrar FIM\"><\/th><th><input type=\"text\" placeholder=\"Filtrar VIG\u00caNCIA\"><\/th><\/tr><\/thead><tbody><tr><td style=\"color: #000000; background-color: #FFFFFF;\">2026<\/td><td style=\"color: #000000; background-color: #FFFFFF;\">06\/2026<\/td><td style=\"color: #000000; background-color: #FFFFFF;text-decoration: underline;\"><a href=\"https:\/\/goias.gov.br\/procuradoria\/wp-content\/uploads\/sites\/41\/2026\/04\/Acordo-de-Cooperacao-6-2026.pdf\" target=\"_blank\">Acordo de Coopera\u00e7\u00e3o<\/a><\/td><td style=\"color: #000000; background-color: #FFFFFF;text-decoration: underline;\"><a href=\"https:\/\/sei.go.gov.br\/sei\/controlador.php?acao=protocolo_visualizar&id_protocolo=22733784&id_procedimento_atual=22733784&infra_sistema=100000100&infra_unidade_atual=9373&infra_hash=c4b73599f5b0ab5046e964004f7504fca9b801e7019ab5cd5f3f89993a6d52725ef5e871e0e109cbf49e7911c765f81effc581984b67d8a0ca07629ac5e8e09577f758aa22c03e7267864f1c5aa93b49584d26f4bdc4fba11dc7a33803b5417d\" target=\"_blank\">202100003001766<\/a><\/td><td style=\"color: #000000; background-color: #FFFFFF;\">Integrar o sistema PJe e o Sistema CORA atrav\u00e9s do Modelo Nacional de Interoperabilidade (MNI).<\/td><td style=\"color: #000000; background-color: #FFFFFF;\">TRIBUNAL REGIONAL DO TRABALHO 18\u00aa REGI\u00c3O (TRT18)<\/td><td style=\"color: #000000; background-color: #FFFFFF;\">02.395.868\/0001-63<\/td><td style=\"color: #000000; background-color: #FFFFFF;\">13\/04\/2026<\/td><td style=\"color: #000000; background-color: #FFFFFF;\">13\/04\/2031<\/td><td style=\"color: #000000; background-color: #FFFFFF;\">05 Anos<\/td><\/tr><tr><td style=\"color: #000000; background-color: #FFFFFF;\">2026<\/td><td style=\"color: #000000; background-color: #FFFFFF;\">02\/2026-PGE<\/td><td style=\"color: #000000; background-color: #FFFFFF;text-decoration: underline;\"><a href=\"https:\/\/goias.gov.br\/procuradoria\/wp-content\/uploads\/sites\/41\/2026\/03\/Convenio-02-2026.pdf\" target=\"_blank\">Conv\u00eanio<\/a><\/td><td style=\"color: #000000; background-color: #FFFFFF;text-decoration: underline;\"><a href=\"https:\/\/sei.go.gov.br\/sei\/controlador.php?acao=protocolo_visualizar&id_protocolo=87742189&id_procedimento_atual=87742189&infra_sistema=100000100&infra_unidade_atual=9373&infra_hash=38eeefea404546696cc11a8ea0f9aa7310b7eacd15a4797e8eb261fb3c37107de8f6b1e63441c0b7551e40b7272d06fad205bf2ec0a1ee5c7557d71d7553db9c5febf6bb61037acff087f1b67e52f3007def5926f8a70a5f16c7fcc5e77c553c\" target=\"_blank\">202500003022244<\/a><\/td><td style=\"color: #000000; background-color: #FFFFFF;\">Propiciar a realiza\u00e7\u00e3o de est\u00e1gios a alunos de p\u00f3s-gradua\u00e7\u00e3o em Direito do Instituto Brasileiro de Ensino, Desenvolvimento e Pesquisa, regularmente matriculados e com frequ\u00eancia efetiva.<\/td><td style=\"color: #000000; background-color: #FFFFFF;\">INSTITUTO BRASILEIRO DE ENSINO, DESENVOLVIMENTO E PESQUISA (IDP)<\/td><td style=\"color: #000000; background-color: #FFFFFF;\">02.474.172\/0001-22<\/td><td style=\"color: #000000; background-color: #FFFFFF;\">25\/02\/2026<\/td><td style=\"color: #000000; background-color: #FFFFFF;\">25\/02\/2031<\/td><td style=\"color: #000000; background-color: #FFFFFF;\">05 Anos<\/td><\/tr><tr><td style=\"color: #000000; background-color: #FFFFFF;\">2026<\/td><td style=\"color: #000000; background-color: #FFFFFF;\">01\/2026-PGE<\/td><td style=\"color: #000000; background-color: #FFFFFF;text-decoration: underline;\"><a href=\"https:\/\/goias.gov.br\/procuradoria\/wp-content\/uploads\/sites\/41\/2026\/03\/Convenio-01-2026.pdf\" target=\"_blank\">Conv\u00eanio<\/a><\/td><td style=\"color: #000000; background-color: #FFFFFF;text-decoration: underline;\"><a href=\"https:\/\/sei.go.gov.br\/sei\/controlador.php?acao=protocolo_visualizar&id_protocolo=87742189&id_procedimento_atual=87742189&infra_sistema=100000100&infra_unidade_atual=9373&infra_hash=38eeefea404546696cc11a8ea0f9aa7310b7eacd15a4797e8eb261fb3c37107de8f6b1e63441c0b7551e40b7272d06fad205bf2ec0a1ee5c7557d71d7553db9c5febf6bb61037acff087f1b67e52f3007def5926f8a70a5f16c7fcc5e77c553c\" target=\"_blank\">202500003022244<\/a><\/td><td style=\"color: #000000; background-color: #FFFFFF;\">Propiciar a realiza\u00e7\u00e3o de est\u00e1gios a alunos de p\u00f3s-gradua\u00e7\u00e3o da I9 Educa\u00e7\u00e3o, regularmente matriculados e com frequ\u00eancia efetiva.<\/td><td style=\"color: #000000; background-color: #FFFFFF;\">INOVE.DIGITAL ENSINO, PESQUISA E TECNOLOGIA LTDA. (I9 EDUCA\u00c7\u00c3O)<\/td><td style=\"color: #000000; background-color: #FFFFFF;\">51.158.226\/0001-56<\/td><td style=\"color: #000000; background-color: #FFFFFF;\">25\/02\/2026<\/td><td style=\"color: #000000; background-color: #FFFFFF;\">25\/02\/2031<\/td><td style=\"color: #000000; background-color: #FFFFFF;\">05 Anos<\/td><\/tr><tr><td style=\"color: #000000; background-color: #FFFFFF;\">2025<\/td><td style=\"color: #000000; background-color: #FFFFFF;\">296\/2025-PGE<\/td><td style=\"color: #000000; background-color: #FFFFFF;text-decoration: underline;\"><a href=\"https:\/\/goias.gov.br\/procuradoria\/wp-content\/uploads\/sites\/41\/2026\/03\/Convenio-296-2025.pdf\" target=\"_blank\">Conv\u00eanio<\/a><\/td><td style=\"color: #000000; background-color: #FFFFFF;text-decoration: underline;\"><a href=\"https:\/\/sei.go.gov.br\/sei\/controlador.php?acao=protocolo_visualizar&id_protocolo=87742189&id_procedimento_atual=87742189&infra_sistema=100000100&infra_unidade_atual=9373&infra_hash=38eeefea404546696cc11a8ea0f9aa7310b7eacd15a4797e8eb261fb3c37107de8f6b1e63441c0b7551e40b7272d06fad205bf2ec0a1ee5c7557d71d7553db9c5febf6bb61037acff087f1b67e52f3007def5926f8a70a5f16c7fcc5e77c553c\" target=\"_blank\">202500003022244<\/a><\/td><td style=\"color: #000000; background-color: #FFFFFF;\">Propiciar a realiza\u00e7\u00e3o de est\u00e1gios a alunos de p\u00f3s-gradua\u00e7\u00e3o da UFG, regularmente matriculados e com frequ\u00eancia efetiva.<\/td><td style=\"color: #000000; background-color: #FFFFFF;\">UNIVERSIDADE FEDERAL DE GOI\u00c1S (UFG)<\/td><td style=\"color: #000000; background-color: #FFFFFF;\">01.567.601\/0001-43<\/td><td style=\"color: #000000; background-color: #FFFFFF;font-weight: bold;text-decoration: underline;\">03\/03\/2026<\/td><td style=\"color: #000000; background-color: #FFFFFF;font-weight: bold;text-decoration: underline;\">03\/03\/2031<\/td><td style=\"color: #000000; background-color: #FFFFFF;\">05 Anos<\/td><\/tr><tr><td style=\"color: #000000; background-color: #FFFFFF;\">2025<\/td><td style=\"color: #000000; background-color: #FFFFFF;\">03\/2025-PGE<\/td><td style=\"color: #000000; background-color: #FFFFFF;text-decoration: underline;\"><a href=\"https:\/\/goias.gov.br\/procuradoria\/wp-content\/uploads\/sites\/41\/2026\/03\/Convenio-03-2025.pdf\" target=\"_blank\">Conv\u00eanio<\/a><\/td><td style=\"color: #000000; background-color: #FFFFFF;text-decoration: underline;\"><a href=\"https:\/\/sei.go.gov.br\/sei\/controlador.php?acao=protocolo_visualizar&id_protocolo=87742189&id_procedimento_atual=87742189&infra_sistema=100000100&infra_unidade_atual=9373&infra_hash=38eeefea404546696cc11a8ea0f9aa7310b7eacd15a4797e8eb261fb3c37107de8f6b1e63441c0b7551e40b7272d06fad205bf2ec0a1ee5c7557d71d7553db9c5febf6bb61037acff087f1b67e52f3007def5926f8a70a5f16c7fcc5e77c553c\" target=\"_blank\">202500003022244<\/a><\/td><td style=\"color: #000000; background-color: #FFFFFF;\">Propiciar a realiza\u00e7\u00e3o de est\u00e1gios a alunos de p\u00f3s-gradua\u00e7\u00e3o em direito civil e processo civil, direito penal e processo penal, direito p\u00fablico, direito tribut\u00e1rio e processo tribut\u00e1rio, direito do trabalho e processo trabalho, direito previdenci\u00e1rio, direito de fam\u00edlia e sucess\u00f5es, direito m\u00e9dico e da sa\u00fade, direito agr\u00e1rio e agroneg\u00f3cio, direito e neg\u00f3cios imobili\u00e1rios, pr\u00e1tica empresarial, e em pr\u00e1tica trabalhista e previdenci\u00e1ria, regularmente matriculados e com frequ\u00eancia efetiva.<\/td><td style=\"color: #000000; background-color: #FFFFFF;\">RA CENTRO DE ESTUDOS JUR\u00cdDICOS LTDA. (PROORDEM)<\/td><td style=\"color: #000000; background-color: #FFFFFF;\">16.417.042\/0001-62<\/td><td style=\"color: #000000; background-color: #FFFFFF;\">25\/02\/2026<\/td><td style=\"color: #000000; background-color: #FFFFFF;\">25\/02\/2031<\/td><td style=\"color: #000000; background-color: #FFFFFF;\">05 Anos<\/td><\/tr><tr><td style=\"color: #000000; background-color: #FFFFFF;\">2025<\/td><td style=\"color: #000000; background-color: #FFFFFF;\">03\/2025\/SES\/PGE<\/td><td style=\"color: #000000; background-color: #FFFFFF;text-decoration: underline;\"><a href=\"https:\/\/goias.gov.br\/procuradoria\/wp-content\/uploads\/sites\/41\/2025\/09\/Termo-de-Cooperacao-Tecnica-2-2025.pdf\" target=\"_blank\">Termo de Coopera\u00e7\u00e3o T\u00e9cnica<\/a><\/td><td style=\"color: #000000; background-color: #FFFFFF;text-decoration: underline;\">201900010033501<\/td><td style=\"color: #000000; background-color: #FFFFFF;\">A\u00e7\u00f5es destinadas a promover a adequada defesa do Estado de Goi\u00e1s nas demandas relacionadas \u00e0 judicializa\u00e7\u00e3o da sa\u00fade, independentemente de sua natureza e local de tramita\u00e7\u00e3o, especialmente pela atua\u00e7\u00e3o do Centro de Apoio \u00e0 Coordena\u00e7\u00e3o da \u00c1rea da Sa\u00fade da Procuradoria-Geral do Estado no \u00e2mbito da Secretaria de Sa\u00fade, denominado CENTRO DE APOIO.<\/td><td style=\"color: #000000; background-color: #FFFFFF;\">SECRETARIA DE ESTADO DA SA\u00daDE (SES)<\/td><td style=\"color: #000000; background-color: #FFFFFF;\">02.529.964\/0001-57<\/td><td style=\"color: #000000; background-color: #FFFFFF;\">04\/09\/2025<\/td><td style=\"color: #000000; background-color: #FFFFFF;\">04\/09\/2030<\/td><td style=\"color: #000000; background-color: #FFFFFF;\">60 Meses<\/td><\/tr><tr><td style=\"color: #000000; background-color: #FFFFFF;\">2025<\/td><td style=\"color: #000000; background-color: #FFFFFF;\">02\/2025-PGE<\/td><td style=\"color: #000000; background-color: #FFFFFF;text-decoration: underline;\"><a href=\"https:\/\/goias.gov.br\/procuradoria\/wp-content\/uploads\/sites\/41\/2026\/01\/Convenio-2-2025.pdf\" target=\"_blank\">Conv\u00eanio<\/a><\/td><td style=\"color: #000000; background-color: #FFFFFF;text-decoration: underline;\"><a href=\"https:\/\/sei.go.gov.br\/sei\/controlador.php?acao=protocolo_visualizar&id_protocolo=87742189&id_procedimento_atual=87742189&infra_sistema=100000100&infra_unidade_atual=9373&infra_hash=5f5e05d9e572b04ad9656d74ff9c74f7a0e168d8494330349895dd18657554f82540471546933c69690bfff5cfb4037c644072c2bf0144116eb8cb4ad00f2ce1c4dd9cc2117e9992c4c4264ac3d7d292521bbeb88072f1f679e78a87d9a94b56\" target=\"_blank\">202500003022244<\/a><\/td><td style=\"color: #000000; background-color: #FFFFFF;\">Propiciar a realiza\u00e7\u00e3o de est\u00e1gios a alunos de p\u00f3s-gradua\u00e7\u00e3o em Direito Civil e Processo Civil, Direito Penal e Processo Penal e Direito das Fam\u00edlias e Sucess\u00f5es, regularmente matriculados e com frequ\u00eancia efetiva.<\/td><td style=\"color: #000000; background-color: #FFFFFF;\">GRAN CENTRO UNIVERSIT\u00c1RIO<\/td><td style=\"color: #000000; background-color: #FFFFFF;\">32.163.997\/0001-97<\/td><td style=\"color: #000000; background-color: #FFFFFF;\">17\/12\/2025<\/td><td style=\"color: #000000; background-color: #FFFFFF;\">17\/12\/2030<\/td><td style=\"color: #000000; background-color: #FFFFFF;\">05 Anos<\/td><\/tr><tr><td style=\"color: #000000; background-color: #FFFFFF;\">25<\/td><td style=\"color: #000000; background-color: #FFFFFF;\">01\/2025-PGE<\/td><td style=\"color: #000000; background-color: #FFFFFF;text-decoration: underline;\"><a href=\"https:\/\/goias.gov.br\/procuradoria\/wp-content\/uploads\/sites\/41\/2026\/03\/Convenio-01-2025-UNIAMERICA.pdf\" target=\"_blank\">Conv\u00eanio<\/a><\/td><td style=\"color: #000000; background-color: #FFFFFF;text-decoration: underline;\"><a href=\"https:\/\/sei.go.gov.br\/sei\/controlador.php?acao=protocolo_visualizar&id_protocolo=87742189&id_procedimento_atual=87742189&infra_sistema=100000100&infra_unidade_atual=9373&infra_hash=38eeefea404546696cc11a8ea0f9aa7310b7eacd15a4797e8eb261fb3c37107de8f6b1e63441c0b7551e40b7272d06fad205bf2ec0a1ee5c7557d71d7553db9c5febf6bb61037acff087f1b67e52f3007def5926f8a70a5f16c7fcc5e77c553c\" target=\"_blank\">202500003022244<\/a><\/td><td style=\"color: #000000; background-color: #FFFFFF;\">Propiciar a realiza\u00e7\u00e3o de est\u00e1gios a alunos de p\u00f3s-gradua\u00e7\u00e3o em direito, regularmente matriculados e com frequ\u00eancia efetiva.<\/td><td style=\"color: #000000; background-color: #FFFFFF;\">AIUA EDUCACIONAL LTDA.<\/td><td style=\"color: #000000; background-color: #FFFFFF;\">42.355.428\/0001-05<\/td><td style=\"color: #000000; background-color: #FFFFFF;\">25\/11\/2025<\/td><td style=\"color: #000000; background-color: #FFFFFF;\">25\/11\/2030<\/td><td style=\"color: #000000; background-color: #FFFFFF;\">05 Anos<\/td><\/tr><tr><td style=\"color: #000000; background-color: #FFFFFF;\">2025<\/td><td style=\"color: #000000; background-color: #FFFFFF;\">01\/2025\/PGE\/TCEGO<\/td><td style=\"color: #000000; background-color: #FFFFFF;text-decoration: underline;\"><a href=\"https:\/\/goias.gov.br\/procuradoria\/wp-content\/uploads\/sites\/41\/2025\/07\/Termo_de_Cooperacao_assinado-1-2025.pdf\" target=\"_blank\">Termo de Coopera\u00e7\u00e3o T\u00e9cnica<\/a><\/td><td style=\"color: #000000; background-color: #FFFFFF;\">202300047003016<\/td><td style=\"color: #000000; background-color: #FFFFFF;\">Disponibilizar acesso ao sistema eletr\u00f4nico de gerenciamento da D\u00edvida Ativa n\u00e3o Tribut\u00e1ria do Estado de Goi\u00e1s (Sistema ePGE-GDA).<\/td><td style=\"color: #000000; background-color: #FFFFFF;\">Tribunal de Contas do Estado de Goi\u00e1s (TCEGO)<\/td><td style=\"color: #000000; background-color: #FFFFFF;\">02.291.730\/0001-14<\/td><td style=\"color: #000000; background-color: #FFFFFF;\">15\/07\/2025<\/td><td style=\"color: #000000; background-color: #FFFFFF;\">15\/07\/2030<\/td><td style=\"color: #000000; background-color: #FFFFFF;\">60 Meses<\/td><\/tr><tr><td style=\"color: #000000; background-color: #FFFFFF;\">2025<\/td><td style=\"color: #000000; background-color: #FFFFFF;\">01\/2025\/PGE<\/td><td style=\"color: #000000; background-color: #FFFFFF;text-decoration: underline;\"><a href=\"https:\/\/goias.gov.br\/procuradoria\/wp-content\/uploads\/sites\/41\/2025\/07\/Termo-de-Adesao-1-2025.pdf\" target=\"_blank\">Termo de Ades\u00e3o a Termo de Coopera\u00e7\u00e3o<\/a><\/td><td style=\"color: #000000; background-color: #FFFFFF;\">202500003011668<\/td><td style=\"color: #000000; background-color: #FFFFFF;\">Ades\u00e3o ao Termo de Coopera\u00e7\u00e3o n\u00ba 10\/2025\/SEAD para oferecer campos de est\u00e1gios obrigat\u00f3rios n\u00e3o remunerados aos estudantes regularmente matriculados em cursos superiores.<\/td><td style=\"color: #000000; background-color: #FFFFFF;\">SECRETARIA DE ESTADO DA ADMINISTRA\u00c7\u00c3O (SEAD)\/SOCIEDADE GOIANA DE CULTURA (PUC GOI\u00c1S)\n<\/td><td style=\"color: #000000; background-color: #FFFFFF;\">02.476.034\/0001-82 01.587.609\/0001-71<\/td><td style=\"color: #000000; background-color: #FFFFFF;\">30\/06\/2025<\/td><td style=\"color: #000000; background-color: #FFFFFF;\">25\/03\/2030<\/td><td style=\"color: #000000; background-color: #FFFFFF;\">25\/03\/2030<\/td><\/tr><tr><td style=\"color: #000000; background-color: #FFFFFF;\">2025<\/td><td style=\"color: #000000; background-color: #FFFFFF;\">01\/2025\/PGE\/ECONOMIA<\/td><td style=\"color: #000000; background-color: #FFFFFF;text-decoration: underline;\"><a href=\"https:\/\/goias.gov.br\/procuradoria\/wp-content\/uploads\/sites\/41\/2025\/10\/Termo-de-Cooperacao-economia-1-2025-e-primeiro-aditivo-1-2025.pdf\" target=\"_blank\">Termo de Coopera\u00e7\u00e3o<\/a><\/td><td style=\"color: #000000; background-color: #FFFFFF;\">202400003000159<\/td><td style=\"color: #000000; background-color: #FFFFFF;\">Disponibilizar 08 (oito) colaboradores terceirizados, auxiliares administrativos, contratados pela Secretaria de Estado da Economia (ECONOMIA) por meio do Contrato n\u00ba 16\/2021-ECONOMIA (SEI n\u00ba 000023179690), objetivando aloc\u00e1-los nas unidades da PGE para o desempenho de atividades correlatas a respectiva fun\u00e7\u00e3o.<\/td><td style=\"color: #000000; background-color: #FFFFFF;\">SECRETARIA DE ESTADO DA ECONOMIA - ECONOMIA<\/td><td style=\"color: #000000; background-color: #FFFFFF;\">01.409.655\/0001-80<\/td><td style=\"color: #000000; background-color: #FFFFFF;\">25\/02\/2025<\/td><td style=\"color: #000000; background-color: #FFFFFF;\">31\/08\/2026<\/td><td style=\"color: #000000; background-color: #FFFFFF;\">18 Meses e 6 Dias<\/td><\/tr><tr><td style=\"color: #000000; background-color: #FFFFFF;\">2025<\/td><td style=\"color: #000000; background-color: #FFFFFF;\">01\/2025\/PGE\/TJGO<\/td><td style=\"color: #000000; background-color: #FFFFFF;text-decoration: underline;\"><a href=\"https:\/\/goias.gov.br\/procuradoria\/wp-content\/uploads\/sites\/41\/2025\/02\/Termo-de-Cooperacao-PGE-TJ-202400041000103.pdf\" target=\"_blank\">Termo de Coopera\u00e7\u00e3o T\u00e9cnica<\/a><\/td><td style=\"color: #000000; background-color: #FFFFFF;\">202400041000103<\/td><td style=\"color: #000000; background-color: #FFFFFF;\">Viabilizar o uso pelo Tribunal de Justi\u00e7a do Estado de Goi\u00e1s (TJGO), de forma compartilhada e remota, do servidor de alto desempenho GPU DGX A100<\/td><td style=\"color: #000000; background-color: #FFFFFF;\">TRIBUNAL DE JUSTI\u00c7A DO ESTADO DE GOI\u00c1S<\/td><td style=\"color: #000000; background-color: #FFFFFF;\">04.567.897\/0001-90<\/td><td style=\"color: #000000; background-color: #FFFFFF;\">29\/01\/2025<\/td><td style=\"color: #000000; background-color: #FFFFFF;\">29\/01\/2030<\/td><td style=\"color: #000000; background-color: #FFFFFF;\">5 Anos<\/td><\/tr><tr><td style=\"color: #000000; background-color: #FFFFFF;\">2024<\/td><td style=\"color: #000000; background-color: #FFFFFF;\">005\/2024-SGG<\/td><td style=\"color: #000000; background-color: #FFFFFF;text-decoration: underline;\"><a href=\"https:\/\/goias.gov.br\/procuradoria\/wp-content\/uploads\/sites\/41\/2025\/02\/Termo-de-Cooperacao-Tecnica-no-005-2024-SGG-202418037004503.pdf\" target=\"_blank\">Termo de Coopera\u00e7\u00e3o T\u00e9cnica<\/a><\/td><td style=\"color: #000000; background-color: #FFFFFF;\">202418037004503<\/td><td style=\"color: #000000; background-color: #FFFFFF;\">Implementa\u00e7\u00e3o do \"Programa de Efici\u00eancia Energ\u00e9tica da administra\u00e7\u00e3o direta e indireta do Estado de Goi\u00e1s\", por meio de a\u00e7\u00f5es destinadas \u00e0 redu\u00e7\u00e3o de custos com energia el\u00e9trica nas unidades consumidoras \u2013 UCs pertencentes ao Poder P\u00fablico Estadual.<\/td><td style=\"color: #000000; background-color: #FFFFFF;\">\n    1. SECRETARIA-GERAL DE GOVERNO - SGG;\n    2. SECRETARIA DE ESTADO DA CASA CIVIL - CASA CIVIL;\n    3. SECRETARIA DE ESTADO DA CASA MILITAR - SECAMI;\n    4. SECRETARIA DE ESTADO DE RELA\u00c7\u00d5ES INSTITUCIONAIS - SERINT;\n    5. VICE-GOVERNADORIA - VICEGOV;\n    6. CONTROLADORIA-GERAL DO ESTADO - CGE;\n    7. SECRETARIA DE ESTADO DA ADMINISTRA\u00c7\u00c3O - SEAD;\n    8. SECRETARIA DE ESTADO DA COMUNICA\u00c7\u00c3O - SECOM;\n    9. SECRETARIA DE ESTADO DA CULTURA - SECULT;\n    10. SECRETARIA DE ESTADO DA ECONOMIA - ECONOMIA;\n    11. SECRETARIA DE ESTADO DA EDUCA\u00c7\u00c3O - SEDUC; \n    12. SECRETARIA DE ESTADO DA INFRAESTRUTURA - SEINFRA\n    13. SECRETARIA DE ESTADO DA RETOMADA - RETOMADA; \n    14. SECRETARIA DE ESTADO DA SA\u00daDE - SES; \n    15. SECRETARIA DE ESTADO DA SEGURAN\u00c7A P\u00daBLICA - SSP, com a interveni\u00eancia da DIRETORIA-GERAL DE POL\u00cdCIA PENAL - DGPP, da POL\u00cdCIA MILITAR - PM, da POL\u00cdCIA CIVIL - PC, e do CORPO DE BOMBEIROS MILITAR - CBM; \n    16. SECRETARIA DE ESTADO DE AGRICULTURA, PECU\u00c1RIA E ABASTECIMENTO - SEAPA; \n    17. SECRETARIA DE ESTADO DE CI\u00caNCIA, TECNOLOGIA E INOVA\u00c7\u00c3O - SECTI;\n    18. SECRETARIA DE ESTADO DE DESENVOLVIMENTO SOCIAL - SEDS; \n    19. SECRETARIA DE ESTADO DE ESPORTE E LAZER - SEEL; \n    20. SECRETARIA DE ESTADO DE IND\u00daSTRIA, COM\u00c9RCIO E SERVI\u00c7OS - SIC; \n    21. SECRETARIA DE ESTADO DE MEIO AMBIENTE E DESENVOLVIMENTO SUSTENT\u00c1VEL - SEMAD; \n    22. SECRETARIA DE ESTADO DO ENTORNO DO DISTRITO FEDERAL - SEDF; \n    23. AG\u00caNCIA GOIANA DE REGULA\u00c7\u00c3O, CONTROLE E FISCALIZA\u00c7\u00c3O DE SERVI\u00c7OS P\u00daBLICOS - AGR; \n    24. GOI\u00c1S PREVID\u00caNCIA - GOIASPREV; \n    25. AG\u00caNCIA BRASIL CENTRAL - ABC; \n    26. AG\u00caNCIA GOIANA DE HABITA\u00c7\u00c3O S\/A - AGEHAB; \n    27. AG\u00caNCIA GOIANA DE INFRAESTRUTURA E TRANSPORTES - GOINFRA; \n    28. COMPANHIA DE DESENVOLVIMENTO ECON\u00d4MICO DE GOI\u00c1S - CODEGO; \n    29. AG\u00caNCIA DE FOMENTO DE GOI\u00c1S S\/A - GOI\u00c1SFOMENTO; \n    30. AG\u00caNCIA ESTADUAL DE TURISMO - GOI\u00c1S TURISMO; \n    31. DEPARTAMENTO ESTADUAL DE TR\u00c2NSITO - DETRAN; \n    32. AG\u00caNCIA GOIANA DE ASSIST\u00caNCIA T\u00c9CNICA, EXTENS\u00c3O RURAL E PESQUISA AGROPECU\u00c1RIA - EMATER; \n    33. AG\u00caNCIA GOIANA DE DEFESA AGROPECU\u00c1RIA - AGRODEFESA; \n    34. CENTRAIS DE ABASTECIMENTO DE GOI\u00c1S S\/A - CEASA; \n    35. FUNDA\u00c7\u00c3O DE AMPARO \u00c0 PESQUISA DO ESTADO DE GOI\u00c1S - FAPEG; \n    36. IND\u00daSTRIA QU\u00cdMICA DO ESTADO DE GOI\u00c1S - IQUEGO; \n    37. COMPANHIA DE INVESTIMENTO E PARCERIAS DO ESTADO DE GOI\u00c1S - GOI\u00c1S PARCERIAS; \n    38. JUNTA COMERCIAL DO ESTADO DE GOI\u00c1S - JUCEG; \n    39. COMPANHIA CELG DE PARTICIPA\u00c7\u00d5ES - CELGPAR; \n    40. METROBUS TRANSPORTE COLETIVO S\/A - METROBUS; \n    41. UNIVERSIDADE ESTADUAL DE GOI\u00c1S - UEG.<\/td><td style=\"color: #000000; background-color: #FFFFFF;\">\n    1. 34.049.214\/0001-74;\n    2. 25.108.457\/0001-45;\n    3. 37.261.757.\/0001-49 ;\n    4. 05.469.845\/0001-44;\n    5. 01.409.580\/0002-19;\n    6. 13.203.742\/0001\u201366;\n    7. 02.476.034\/0001-82;\n    8. 32.785.209\/0001-02;\n    9. 32.746.693\/0001-52;\n    10.  01.409.655\/0001-80;\n    11. 01.409.705\/0001-20; \n    12. 49.766.106\/0001-90; \n    13. 37.992.607\/0001-05; \n    14. 02.529.964\/0001\u201357; \n    15. 01.409.606\/0001-48 ; 29.394.729\/0001-71; 01.409.671\/0001-73; 37.014.123\/0001-91 e 33.638.099\/0001-00 \n    16. 32.746.632\/0001-95; \n    17. 21.652.711\/0001-10;\n    18.  08.876.217\/0001-71; \n    19.  32.712.376\/0001-15; \n    20.  32.731.791\/0001-16; \n    21.  00.638.357\/0001-08; \n    22.  49.925.685\/0001-76; \n    23.  03.537.650\/0001\u201369; \n    24.  11.991.625\/0001\u201389; \n    25.  03.520.902\/0001-47; \n    26.  01.274. 240\/0001 \u2013 47; \n    27.  03.520.933\/0001-06; \n    28.  01.285.170\/0001-22; \n    29.  03.918.382\/0001\u201325; \n    30.  03.549.463\/0001-03; \n    31.  02.872.448\/0001\u201320; \n    32.  13.232.306\/0001-15; \n    33.  06.064.227\/0001-87; \n    34.  01.098.797\/0001\u201374; \n    35. 08.156.102\/0001\u201302; \n    36.  01.541.283\/0001\u201341; \n    37. 08.235.587\/0001-20; \n    38.  02.088.698\/0001\u201374; \n    39.  08.560.444\/0001\u201393; \n    40. 02.392.459\/0001-03; \n    41. 01.112.580\/0001\u201371.<\/td><td style=\"color: #000000; background-color: #FFFFFF;\">30\/10\/2024<\/td><td style=\"color: #000000; background-color: #FFFFFF;\">INDETERMINADO<\/td><td style=\"color: #000000; background-color: #FFFFFF;\">INDETERMINADO<\/td><\/tr><tr><td style=\"color: #000000; background-color: #FFFFFF;\">2024<\/td><td style=\"color: #000000; background-color: #FFFFFF;\">01\/2024\/PGE<\/td><td style=\"color: #000000; background-color: #FFFFFF;text-decoration: underline;\"><a href=\"https:\/\/goias.gov.br\/procuradoria\/wp-content\/uploads\/sites\/41\/2025\/02\/Termo-de-Cooperacao-Tecnica-202400003015994.pdf\" target=\"_blank\">Termo de Coopera\u00e7\u00e3o T\u00e9cnica<\/a><\/td><td style=\"color: #000000; background-color: #FFFFFF;\">202400003015994<\/td><td style=\"color: #000000; background-color: #FFFFFF;\">Proporcionar conhecimento te\u00f3rico, t\u00e9cnico e cient\u00edfico na \u00e1rea de forma\u00e7\u00e3o dos alunos matriculados na disciplina de pr\u00e1tica jur\u00eddica e selecionados pelo IDP para participar do programa junto \u00e0 PGE-GO.<\/td><td style=\"color: #000000; background-color: #FFFFFF;\">Instituto Brasileiro de Ensino, Desenvolvimento e Pesquisa (IDP)<\/td><td style=\"color: #000000; background-color: #FFFFFF;\">02.474.172\/0001-22<\/td><td style=\"color: #000000; background-color: #FFFFFF;\">17\/12\/2024<\/td><td style=\"color: #000000; background-color: #FFFFFF;\">17\/12\/2026<\/td><td style=\"color: #000000; background-color: #FFFFFF;\">24 Meses<\/td><\/tr><tr><td style=\"color: #000000; background-color: #FFFFFF;\">2024<\/td><td style=\"color: #000000; background-color: #FFFFFF;\">30\/TJGO\/PGE\/SES\/2024\/PGE<\/td><td style=\"color: #000000; background-color: #FFFFFF;text-decoration: underline;\"><a href=\"https:\/\/goias.gov.br\/procuradoria\/wp-content\/uploads\/sites\/41\/2025\/02\/Termo_de_Cooperacao-202418037005543.pdf\" target=\"_blank\">Termo de Coopera\u00e7\u00e3o<\/a><\/td><td style=\"color: #000000; background-color: #FFFFFF;\">202418037005543<\/td><td style=\"color: #000000; background-color: #FFFFFF;\">Viabilizar a continuidade do funcionamento do Centro Judici\u00e1rio de Solu\u00e7\u00f5es de Conflitos e Cidadania (CEJUS)<\/td><td style=\"color: #000000; background-color: #FFFFFF;\">SECRETARIA DE ESTADO DA SA\u00daDE (SES)\/TRIBUNAL DE JUSTI\u00c7A DO ESTADO DE GOI\u00c1S(TJGO)<\/td><td style=\"color: #000000; background-color: #FFFFFF;\">02.529.964\/0001-57 - 02.292.266\/0001-80<\/td><td style=\"color: #000000; background-color: #FFFFFF;\">03\/09\/2024<\/td><td style=\"color: #000000; background-color: #FFFFFF;\">03\/09\/2029<\/td><td style=\"color: #000000; background-color: #FFFFFF;\">60 Meses<\/td><\/tr><tr><td style=\"color: #000000; background-color: #FFFFFF;\">2024<\/td><td style=\"color: #000000; background-color: #FFFFFF;\">02\/2024-PGE<\/td><td style=\"color: #000000; background-color: #FFFFFF;text-decoration: underline;\"><a href=\"https:\/\/goias.gov.br\/procuradoria\/wp-content\/uploads\/sites\/41\/2024\/07\/1.-Termo_de_Cooperacao_MP_PGE.pdf\" target=\"_blank\">Termo de Coopera\u00e7\u00e3o T\u00e9cnica<\/a><\/td><td style=\"color: #000000; background-color: #FFFFFF;\">202400003002976<\/td><td style=\"color: #000000; background-color: #FFFFFF;\">Prestar consultoria t\u00e9cnica e jur\u00eddica especializada, visando \u00e0 realiza\u00e7\u00e3o de todos os procedimentos administrativos necess\u00e1rios \u00e0 licita\u00e7\u00e3o e \u00e0 contrata\u00e7\u00e3o das empresas, dos bens e dos servi\u00e7os necess\u00e1rios para a constru\u00e7\u00e3o e o guarnecimento da nova sede do Minist\u00e9rio P\u00fablico do Estado de Goi\u00e1s.<\/td><td style=\"color: #000000; background-color: #FFFFFF;\">Minist\u00e9rio P\u00fablico do Estado de Goi\u00e1s - MPGO<\/td><td style=\"color: #000000; background-color: #FFFFFF;\">01.409.598\/0001-30<\/td><td style=\"color: #000000; background-color: #FFFFFF;\">22\/02\/2024<\/td><td style=\"color: #000000; background-color: #FFFFFF;\">22\/02\/2028<\/td><td style=\"color: #000000; background-color: #FFFFFF;\">48 Meses<\/td><\/tr><tr><td style=\"color: #000000; background-color: #FFFFFF;\">2024<\/td><td style=\"color: #000000; background-color: #FFFFFF;\">S\/n\u00ba<\/td><td style=\"color: #000000; background-color: #FFFFFF;text-decoration: underline;\"><a href=\"https:\/\/goias.gov.br\/procuradoria\/wp-content\/uploads\/sites\/41\/2024\/07\/Termo-de-Permissao-de-Uso-UFG.pdf\" target=\"_blank\">Termo de Permiss\u00e3o de Uso<\/a><\/td><td style=\"color: #000000; background-color: #FFFFFF;\">202400003001343<\/td><td style=\"color: #000000; background-color: #FFFFFF;\">Permiss\u00e3o de uso dos espa\u00e7os de propriedade da PERMITENTE, Centro de Aulas Aroeira, C\u00e2mpus Samambaia, Alameda Palmeiras, Quadra D -\nCh\u00e1caras Calif\u00f3rnia, Goi\u00e2nia - GO.<\/td><td style=\"color: #000000; background-color: #FFFFFF;\">Universidade Federal de Goi\u00e1s - UFG<\/td><td style=\"color: #000000; background-color: #FFFFFF;\">01.567.601\/0001-43<\/td><td style=\"color: #000000; background-color: #FFFFFF;\">03\/02\/2024<\/td><td style=\"color: #000000; background-color: #FFFFFF;\">04\/02\/2004<\/td><td style=\"color: #000000; background-color: #FFFFFF;\">2 Dias<\/td><\/tr><tr><td style=\"color: #000000; background-color: #FFFFFF;\">2024<\/td><td style=\"color: #000000; background-color: #FFFFFF;\"> 1\/2024<\/td><td style=\"color: #000000; background-color: #FFFFFF;text-decoration: underline;\"><a href=\"https:\/\/goias.gov.br\/procuradoria\/wp-content\/uploads\/sites\/41\/2025\/11\/Termo-Aditivo-ao-Acordo-de-Cooperacao-Tecnica-1-2024-PGE-e-primeiro-aditivo.pdf\" target=\"_blank\">Acordo de Coopera\u00e7\u00e3o T\u00e9cnica<\/a><\/td><td style=\"color: #000000; background-color: #FFFFFF;\">202300003014208<\/td><td style=\"color: #000000; background-color: #FFFFFF;\">Conjun\u00e7\u00e3o de esfor\u00e7os para promover a coopera\u00e7\u00e3o entre os \u00f3rg\u00e3os part\u00edcipes para a redu\u00e7\u00e3o de litigiosidade e a racionaliza\u00e7\u00e3o dos processos, bem como a execu\u00e7\u00e3o de projetos ou eventos de interesse comum ligados \u00e0 preven\u00e7\u00e3o de lit\u00edgios, o gerenciamento de precedentes qualificados em rela\u00e7\u00e3o a temas jur\u00eddicos diversos, e fomento da resolu\u00e7\u00e3o consensual de controv\u00e9rsias.<\/td><td style=\"color: #000000; background-color: #FFFFFF;\">TRIBUNAL REGIONAL DO TRABALHO DA 18\u00aa REGI\u00c3O<\/td><td style=\"color: #000000; background-color: #FFFFFF;\">02.395.868\/0001-63<\/td><td style=\"color: #000000; background-color: #FFFFFF;\">28\/01\/2024<\/td><td style=\"color: #000000; background-color: #FFFFFF;\">28\/01\/2028<\/td><td style=\"color: #000000; background-color: #FFFFFF;\">4 Anos<\/td><\/tr><tr><td style=\"color: #000000; background-color: #FFFFFF;\">2024<\/td><td style=\"color: #000000; background-color: #FFFFFF;\"> 07\/2023<\/td><td style=\"color: #000000; background-color: #FFFFFF;text-decoration: underline;\"><a href=\"https:\/\/goias.gov.br\/procuradoria\/wp-content\/uploads\/sites\/41\/2024\/05\/202200003014674.pdf\" target=\"_blank\">TERMO DE COOPERA\u00c7\u00c3O T\u00c9CNICA<\/a><\/td><td style=\"color: #000000; background-color: #FFFFFF;\">202200003014674<\/td><td style=\"color: #000000; background-color: #FFFFFF;\">A disponibiliza\u00e7\u00e3o de acesso ao sistema eletr\u00f4nico de gerenciamento da d\u00edvida ativa n\u00e3o tribut\u00e1ria do Estado de Goi\u00e1s, com vistas ao cadastro digital de dados e documentos e encaminhamento digital de cr\u00e9ditos n\u00e3o tribut\u00e1rios da fazenda p\u00fablica estadual regularmente constitu\u00eddos.<\/td><td style=\"color: #000000; background-color: #FFFFFF;\">SECRETARIA DE ESTADO DA EDUCA\u00c7\u00c3O (SEDUC)<\/td><td style=\"color: #000000; background-color: #FFFFFF;\">01.409.705\/0001-20<\/td><td style=\"color: #000000; background-color: #FFFFFF;\">06\/02\/2024<\/td><td style=\"color: #000000; background-color: #FFFFFF;\">06\/02\/2029<\/td><td style=\"color: #000000; background-color: #FFFFFF;\">60 meses<\/td><\/tr><tr><td style=\"color: #000000; background-color: #FFFFFF;\">2023<\/td><td style=\"color: #000000; background-color: #FFFFFF;\"> 03\/2023<\/td><td style=\"color: #000000; background-color: #FFFFFF;text-decoration: underline;\"><a href=\"https:\/\/goias.gov.br\/procuradoria\/wp-content\/uploads\/sites\/41\/files\/Acessoinformacao\/ConvenioAcordos\/2023\/2018003000627.pdf\" target=\"_blank\">CONV\u00caNIO<\/a><\/td><td style=\"color: #000000; background-color: #FFFFFF;\">201800003000627<\/td><td style=\"color: #000000; background-color: #FFFFFF;\">Proporcionar a realiza\u00e7\u00e3o de est\u00e1gio na Procuradoria Geral do Estado de Goi\u00e1s a alunos de gradua\u00e7\u00e3o em Direito, devidamente matriculados e com frequ\u00eancia efetiva a partir do 5\u00ba (quinto) per\u00edodo, ou 3\u00ba (terceiro) ano, no curso de Direito na Pontif\u00edcia Universidade Cat\u00f3lica de Goi\u00e1s<\/td><td style=\"color: #000000; background-color: #FFFFFF;\">SOCIEDADE GOIANA DE CULTURA\/ PONTIF\u00cdCIA UNIVERSIDADE CAT\u00d3LICA DE GOI\u00c1S<\/td><td style=\"color: #000000; background-color: #FFFFFF;\">01.587.609\/0001-71<\/td><td style=\"color: #000000; background-color: #FFFFFF;\">03\/01\/2024<\/td><td style=\"color: #000000; background-color: #FFFFFF;\">03\/01\/2029<\/td><td style=\"color: #000000; background-color: #FFFFFF;\">60 meses<\/td><\/tr><tr><td style=\"color: #000000; background-color: #FFFFFF;\">2023<\/td><td style=\"color: #000000; background-color: #FFFFFF;\">15\/2023<\/td><td style=\"color: #000000; background-color: #FFFFFF;text-decoration: underline;\"><a href=\"https:\/\/goias.gov.br\/procuradoria\/wp-content\/uploads\/sites\/41\/files\/Acessoinformacao\/ConvenioAcordos\/2023\/20233023787.pdf\" target=\"_blank\">ACORDO DE COOPERA\u00c7\u00c3O T\u00c9CNICA<\/a><\/td><td style=\"color: #000000; background-color: #FFFFFF;\">202300003023787<\/td><td style=\"color: #000000; background-color: #FFFFFF;\"> Manuten\u00e7\u00e3o e o desenvolvimento do Programa de P\u00f3s-Gradua\u00e7\u00e3o em Direito e Pol\u00edticas P\u00fablicas (PPGDP-UFG), objetivando proporcionar uma integra\u00e7\u00e3o e\ue061caz entre a \ue035orma\u00e7\u00e3o acad\u00eamica, a atua\u00e7\u00e3o ro\ue061ssional e o modo de planejamento, funcionamento e controle das pol\u00edticas p\u00fablicas. Estabelece-se uma colabora\u00e7\u00e3o para o interc\u00e2mbio de pro\ue061ssionais da Procuradoria-Geral do Estado de Goi\u00e1s, com doutorado, junto ao PPGDP-UFG. E, a parceria visar\u00e1 a realiza\u00e7\u00e3o de pesquisas cient\u00ed\ue061cas nas \u00e1reas de pol\u00edticas p\u00fablicas, alinhadas as linhas de pesquisa da PPGDP-UFG. <\/td><td style=\"color: #000000; background-color: #FFFFFF;\">UNIVERSIDADE\nFEDERAL DE GOI\u00c1S (UFG)<\/td><td style=\"color: #000000; background-color: #FFFFFF;\">01.567.601\/0001-43<\/td><td style=\"color: #000000; background-color: #FFFFFF;\">15\/12\/2023<\/td><td style=\"color: #000000; background-color: #FFFFFF;\">15\/12\/2028<\/td><td style=\"color: #000000; background-color: #FFFFFF;\">60 meses<\/td><\/tr><tr><td style=\"color: #000000; background-color: #FFFFFF;\">2023<\/td><td style=\"color: #000000; background-color: #FFFFFF;\"> 6 \/2023<\/td><td style=\"color: #000000; background-color: #FFFFFF;text-decoration: underline;\"><a href=\"https:\/\/goias.gov.br\/procuradoria\/wp-content\/uploads\/sites\/41\/2025\/11\/Termo-de-acarodo-6-2023-e-o-primeiro-termo-aditivo-de-2025-Publicar.pdf\" target=\"_blank\">TERMO DE COOPERA\u00c7\u00c3O T\u00c9CNICA<\/a><\/td><td style=\"color: #000000; background-color: #FFFFFF;\">202300003018314<\/td><td style=\"color: #000000; background-color: #FFFFFF;\">Concess\u00e3o tempor\u00e1ria de perfil de acesso \u00e0 plataforma LEGISLAGOI\u00c1S, mediante a disponibiliza\u00e7\u00e3o de usu\u00e1rio e senha, restrita ao \u2018M\u00f3dulo de Atos Infralegais de Admin.\u2019, sem a transfer\u00eancia de recursos financeiros.<\/td><td style=\"color: #000000; background-color: #FFFFFF;\">SECRETARIA DE ESTADO DA CASA CIVIL \u2013 CASA CIVIL<\/td><td style=\"color: #000000; background-color: #FFFFFF;\">25.108.457\/0001-45<\/td><td style=\"color: #000000; background-color: #FFFFFF;\">10\/11\/2023<\/td><td style=\"color: #000000; background-color: #FFFFFF;\">INDTERMINADO<\/td><td style=\"color: #000000; background-color: #FFFFFF;\">INDETERMINADO<\/td><\/tr><tr><td style=\"color: #000000; background-color: #FFFFFF;\">2023<\/td><td style=\"color: #000000; background-color: #FFFFFF;\"> 5 \/2023<\/td><td style=\"color: #000000; background-color: #FFFFFF;text-decoration: underline;\"><a href=\"https:\/\/goias.gov.br\/procuradoria\/wp-content\/uploads\/sites\/41\/files\/Acessoinformacao\/2023\/AJUSTESANOS\/2023\/5.20215759.pdf\" target=\"_blank\">TERMO DE COOPERA\u00c7\u00c3O T\u00c9CNICA<\/a><\/td><td style=\"color: #000000; background-color: #FFFFFF;\">202100003005759<\/td><td style=\"color: #000000; background-color: #FFFFFF;\">\u00a0Disponibiliza\u00e7\u00e3o, pela PROCURADORIA-GERAL DO ESTADO DE GOI\u00c1S (PGE-GO) a AG\u00caNCIA BRASIL CENTRAL (ABC), de acesso ao sistema eletr\u00f4nico de gerenciamento da D\u00edvida Ativa N\u00e3o Tribut\u00e1ria do Estado de Goi\u00e1s administrado pela PGE-GO (Sistema ePGE-GDA), com vistas ao cadastro digital de dados e documentos e encaminhamento digital de cr\u00e9ditos n\u00e3o tribut\u00e1rios da Fazenda P\u00fablica Estadual regularmente constitu\u00eddos, com a finalidade de inscri\u00e7\u00e3o em D\u00edvida Ativa e cobran\u00e7a no \u00e2mbito administrativo e\/ou judicial. <\/td><td style=\"color: #000000; background-color: #FFFFFF;\">AG\u00caNCIA BRASIL CENTRAL (ABC)<\/td><td style=\"color: #000000; background-color: #FFFFFF;\">03.520.902\/0001-47<\/td><td style=\"color: #000000; background-color: #FFFFFF;\">02\/08\/2023<\/td><td style=\"color: #000000; background-color: #FFFFFF;\">02\/08\/2028<\/td><td style=\"color: #000000; background-color: #FFFFFF;\">60 MESES<\/td><\/tr><tr><td style=\"color: #000000; background-color: #FFFFFF;\">2023<\/td><td style=\"color: #000000; background-color: #FFFFFF;\"> 1 \/2023<\/td><td style=\"color: #000000; background-color: #FFFFFF;text-decoration: underline;\"><a href=\"https:\/\/goias.gov.br\/procuradoria\/wp-content\/uploads\/sites\/41\/files\/Acessoinformacao\/2023\/AJUSTESANOS\/2023\/4.20236536.pdf\" target=\"_blank\">ACORDO DE COOPERA\u00c7\u00c3O T\u00c9CNICA<\/a><\/td><td style=\"color: #000000; background-color: #FFFFFF;\">202300003006536<\/td><td style=\"color: #000000; background-color: #FFFFFF;\">Integra\u00e7\u00e3o e troca de informa\u00e7\u00f5es entre os sistemas de Busca Eletr\u00f4nica em Registros usando Linguagem Natural (Berna), Intelig\u00eancia Artificial desenvolvida pelo TJGO, ao sistema CORA, da Procuradoria-Geral do Estado de Goi\u00e1s.<\/td><td style=\"color: #000000; background-color: #FFFFFF;\">TRIBUNAL DE JUSTI\u00c7A DO ESTADO DE GOI\u00c1S<\/td><td style=\"color: #000000; background-color: #FFFFFF;\">02.292.266\/0001-80<\/td><td style=\"color: #000000; background-color: #FFFFFF;\">06\/07\/2023<\/td><td style=\"color: #000000; background-color: #FFFFFF;\">06\/07\/2029<\/td><td style=\"color: #000000; background-color: #FFFFFF;\">6 ANO<\/td><\/tr><tr><td style=\"color: #000000; background-color: #FFFFFF;\">2023<\/td><td style=\"color: #000000; background-color: #FFFFFF;\"> 2 \/2023<\/td><td style=\"color: #000000; background-color: #FFFFFF;text-decoration: underline;\"><a href=\"https:\/\/goias.gov.br\/procuradoria\/wp-content\/uploads\/sites\/41\/2026\/01\/Convenio-02-2023-sexto-termo-aditivo.pdf\" target=\"_blank\">CONV\u00caNIO<\/a><\/td><td style=\"color: #000000; background-color: #FFFFFF;\">202300003000578<\/td><td style=\"color: #000000; background-color: #FFFFFF;\">Repasse financeiro para o pagamento e a quita\u00e7\u00e3o de requisi\u00e7\u00f5es de pequeno valor expedidas pelo TJGO em face do Estado de Goi\u00e1s.  <\/td><td style=\"color: #000000; background-color: #FFFFFF;\">TRIBUNAL DE JUSTI\u00c7A DO ESTADO DE GOI\u00c1S (TJGO)\/SECRETARIA DE ESTADO DA ECONOMIA (ECONOMIA)<\/td><td style=\"color: #000000; background-color: #FFFFFF;\">02.292.2666\/0001-80 \/ 01.409.655\/0001-80<\/td><td style=\"color: #000000; background-color: #FFFFFF;\">01\/07\/2023<\/td><td style=\"color: #000000; background-color: #FFFFFF;\">01\/07\/2027<\/td><td style=\"color: #000000; background-color: #FFFFFF;\">4 ANOS<\/td><\/tr><tr><td style=\"color: #000000; background-color: #FFFFFF;\">2023<\/td><td style=\"color: #000000; background-color: #FFFFFF;\"> 1 \/2023<\/td><td style=\"color: #000000; background-color: #FFFFFF;text-decoration: underline;\"><a href=\"https:\/\/goias.gov.br\/procuradoria\/wp-content\/uploads\/sites\/41\/files\/Acessoinformacao\/2023\/AJUSTESANOS\/2023\/2.20229414.pdf\" target=\"_blank\">CONV\u00caNIO<\/a><\/td><td style=\"color: #000000; background-color: #FFFFFF;\">202200003019414<\/td><td style=\"color: #000000; background-color: #FFFFFF;\">Repasse financeiro para opagamento e a quita\u00e7\u00e3o de requisi\u00e7\u00f5es de pequeno valor \u2013 RPVs expedidas pelo Ju\u00edzo Auxiliar deExecu\u00e7\u00e3o de Goi\u00e2nia\/GO do TRT18 em face do ESTADO DE GOI\u00c1S. <\/td><td style=\"color: #000000; background-color: #FFFFFF;\">TRIBUNAL REGIONAL DO TRABALHO DA 18\u00aa REGI\u00c3O<\/td><td style=\"color: #000000; background-color: #FFFFFF;\">02.395.868\/0001-63<\/td><td style=\"color: #000000; background-color: #FFFFFF;\">18\/04\/2023<\/td><td style=\"color: #000000; background-color: #FFFFFF;\">18\/04\/2027<\/td><td style=\"color: #000000; background-color: #FFFFFF;\">4 ANOS<\/td><\/tr><tr><td style=\"color: #000000; background-color: #FFFFFF;\">2023<\/td><td style=\"color: #000000; background-color: #FFFFFF;\"> 2 \/2023<\/td><td style=\"color: #000000; background-color: #FFFFFF;text-decoration: underline;\"><a href=\"https:\/\/goias.gov.br\/procuradoria\/wp-content\/uploads\/sites\/41\/files\/Acessoinformacao\/2023\/AJUSTESANOS\/2023\/1.20215787.pdf\" target=\"_blank\">TERMO DE COOPERA\u00c7\u00c3O T\u00c9CNICA<\/a><\/td><td style=\"color: #000000; background-color: #FFFFFF;\">202100003005787<\/td><td style=\"color: #000000; background-color: #FFFFFF;\">Disponibiliza\u00e7\u00e3o, pela PROCURADORIA-GERAL DO ESTADO DE GOI\u00c1S (PGE-GO) a FUNDA\u00c7\u00c3O DE AMPARO \u00c0 PESQUISA DO ESTADO DE GOI\u00c1S (FAPEG), de acesso ao sistema eletr\u00f4nico de gerenciamento da D\u00edvida Ativa N\u00e3o Tribut\u00e1ria do Estado de Goi\u00e1s administrado pela PGE-GO (Sistema ePGE-GDA), com vistas ao cadastro digital de dados e documentos e encaminhamento digital de cr\u00e9ditos n\u00e3o tribut\u00e1rios da Fazenda P\u00fablica Estadual regularmente constitu\u00eddos, com a finalidade de inscri\u00e7\u00e3o em D\u00edvida Ativa e cobran\u00e7a no \u00e2mbito administrativo e\/ou judicial. <\/td><td style=\"color: #000000; background-color: #FFFFFF;\">FUNDA\u00c7\u00c3O DE AMPARO \u00c0 PESQUISA DO ESTADO DE GOI\u00c1S (FAPEG) <\/td><td style=\"color: #000000; background-color: #FFFFFF;\">08.156.102\/0001-02<\/td><td style=\"color: #000000; background-color: #FFFFFF;\">07\/03\/2023<\/td><td style=\"color: #000000; background-color: #FFFFFF;\">07\/03\/2028<\/td><td style=\"color: #000000; background-color: #FFFFFF;\">60 MESES<\/td><\/tr><tr><td style=\"color: #000000; background-color: #FFFFFF;\">2022<\/td><td style=\"color: #000000; background-color: #FFFFFF;\">01\/07\/2022<\/td><td style=\"color: #000000; background-color: #FFFFFF;text-decoration: underline;\"><a href=\"https:\/\/goias.gov.br\/procuradoria\/wp-content\/uploads\/sites\/41\/2025\/07\/Termo-de-Cooperacao-Tecnica-7-2022.pdf\" target=\"_blank\">Termo de Coopera\u00e7\u00e3o T\u00e9cnica<\/a><\/td><td style=\"color: #000000; background-color: #FFFFFF;\">202200003010952<\/td><td style=\"color: #000000; background-color: #FFFFFF;\">Conjuga\u00e7\u00e3o de esfor\u00e7os e o interc\u00e2mbio de conhecimentos, informa\u00e7\u00f5es e experi\u00eancias, visando \u00e0 implementa\u00e7\u00e3o da linguagem simples na elabora\u00e7\u00e3o de documentos no \u00e2mbito de atua\u00e7\u00e3o de seus compromitentes.<\/td><td style=\"color: #000000; background-color: #FFFFFF;\">Tribunal de Justi\u00e7a do Estado de Goi\u00e1s (TJGO)\/Minist\u00e9rio P\u00fablico do Estado de Goi\u00e1s - MPGO\/ Defensoria P\u00fablica do Estado de Goias\/ Ordem dos Advogados do Brasil - Seccional de Goi\u00e1s\/Advocacia-Geral da Uni\u00e3o (AGU).<\/td><td style=\"color: #000000; background-color: #FFFFFF;\">02.292.266\/0001-80; 01.409.508\/0001-30; 13.635.973\/0001-49; 26.994.558\/0014-48.<\/td><td style=\"color: #000000; background-color: #FFFFFF;\">29\/09\/2022<\/td><td style=\"color: #000000; background-color: #FFFFFF;\">29\/09\/2027<\/td><td style=\"color: #000000; background-color: #FFFFFF;\">60 MESES<\/td><\/tr><tr><td style=\"color: #000000; background-color: #FFFFFF;\">2022<\/td><td style=\"color: #000000; background-color: #FFFFFF;\"> 2 \/2022<\/td><td style=\"color: #000000; background-color: #FFFFFF;text-decoration: underline;\"><a href=\"https:\/\/goias.gov.br\/procuradoria\/wp-content\/uploads\/sites\/41\/files\/Acessoinformacao\/2023\/AJUSTESANOS\/2022\/2.20214061.pdf\" target=\"_blank\">TERMO DE COOPERA\u00c7\u00c3O T\u00c9CNICA<\/a><\/td><td style=\"color: #000000; background-color: #FFFFFF;\">202100003004061<\/td><td style=\"color: #000000; background-color: #FFFFFF;\">Disponibiliza\u00e7\u00e3o, pela PROCURADORIAGERAL DO ESTADO DE GOI\u00c1S (PGE-GO) a AG\u00caNCIA GOIANA DE DEFESA AGROPECU\u00c1RIA (AGRODEFESA), de acesso ao sistema eletr\u00f4nico de gerenciamento da D\u00edvida Ativa N\u00e3o Tribut\u00e1ria do Estado de Goi\u00e1s administrado pela PGE-GO (Sistema ePGE-GDA), com vistas ao cadastro digital de dados e documentos e encaminhamento digital de cr\u00e9ditos n\u00e3o tribut\u00e1rios da Fazenda P\u00fablica Estadual regularmente constitu\u00eddos, com a finalidade de inscri\u00e7\u00e3o em D\u00edvida Ativa e cobran\u00e7a no \u00e2mbito administrativo e\/ou judicial.\u00a0 <\/td><td style=\"color: #000000; background-color: #FFFFFF;\">AG\u00caNCIA GOIANA DE DEFESA AGROPECU\u00c1RIA (AGRODEFESA) <\/td><td style=\"color: #000000; background-color: #FFFFFF;\">06.064.227\/0001-87 <\/td><td style=\"color: #000000; background-color: #FFFFFF;\">07\/10\/2022<\/td><td style=\"color: #000000; background-color: #FFFFFF;\">07\/10\/2027<\/td><td style=\"color: #000000; background-color: #FFFFFF;\">60 MESES<\/td><\/tr><tr><td style=\"color: #000000; background-color: #FFFFFF;\">2022<\/td><td style=\"color: #000000; background-color: #FFFFFF;\"> 1 \/2022<\/td><td style=\"color: #000000; background-color: #FFFFFF;text-decoration: underline;\"><a href=\"https:\/\/goias.gov.br\/procuradoria\/wp-content\/uploads\/sites\/41\/files\/Acessoinformacao\/2023\/AJUSTESANOS\/2022\/1-20226317.pdf\" target=\"_blank\">TERMO DE COOPERA\u00c7\u00c3O T\u00c9CNICA<\/a><\/td><td style=\"color: #000000; background-color: #FFFFFF;\">202200003006317<\/td><td style=\"color: #000000; background-color: #FFFFFF;\">Esfor\u00e7o m\u00fatuo entre os part\u00edcipes para a consecu\u00e7\u00e3o dos objetivos previstos no Programa Nacional de Educa\u00e7\u00e3o Fiscal - PNEF, que vem sendo desenvolvido e gerido no \u00e2mbito do Estado de Goi\u00e1s pelo Grupo de Educa\u00e7\u00e3o Fiscal Estadual-GEFE\/GO, observando-se o disposto no Decreto Estadual n\u00ba 6.807\/08. <\/td><td style=\"color: #000000; background-color: #FFFFFF;\">SECRETARIA DE ESTADO DA ECONOMIA \u2013  SECRETARIA DE ESTADO DA EDUCA\u00c7\u00c3O -  SECRETARIA DE ESTADO DE DESENVOLVIMENTO E INOVA\u00c7\u00c3O -                                                                                                                                                                                                                                                                                              \n CONTROLADORIA-GERAL DO ESTADO DE GOI\u00c1S -  MINIST\u00c9RIO\nP\u00daBLICO DO ESTADO DE GOI\u00c1S \u2013  <\/td><td style=\"color: #000000; background-color: #FFFFFF;\">01.409.655\/0001-80 \/ 01.409.705\/0001-20 \/ 21.652.711\/0001-10 \/ 13.203.742\/0001-66 \/ 01.409.598\/0001-30<\/td><td style=\"color: #000000; background-color: #FFFFFF;\">08\/04\/2022<\/td><td style=\"color: #000000; background-color: #FFFFFF;\">08\/04\/2027<\/td><td style=\"color: #000000; background-color: #FFFFFF;\">60 MESES<\/td><\/tr><tr><td style=\"color: #000000; background-color: #FFFFFF;\">2022<\/td><td style=\"color: #000000; background-color: #FFFFFF;\">01\/01\/2022<\/td><td style=\"color: #000000; background-color: #FFFFFF;text-decoration: underline;\"><a href=\"https:\/\/goias.gov.br\/procuradoria\/wp-content\/uploads\/sites\/41\/2025\/01\/Acordo-de-Cooperacao-Tecnica-APEG.pdf\" target=\"_blank\">ACORDO DE COOPERA\u00c7\u00c3O T\u00c9CNICA<\/a><\/td><td style=\"color: #000000; background-color: #FFFFFF;\">202200003017825<\/td><td style=\"color: #000000; background-color: #FFFFFF;\">Verificar a observ\u00e2ncia da decis\u00e3o do Supremo Tribunal Federal na A\u00e7\u00e3o Direta de Inconstitucionalidade - ADI n\u00ba 6.135.<\/td><td style=\"color: #000000; background-color: #FFFFFF;\">ASSOCIA\u00c7\u00c3O DOS PROCURADORES DO ESTADO DE GOI\u00c1S (APEG)<\/td><td style=\"color: #000000; background-color: #FFFFFF;\">02.872.471\/0001-15<\/td><td style=\"color: #000000; background-color: #FFFFFF;\">10\/11\/2022<\/td><td style=\"color: #000000; background-color: #FFFFFF;\">10\/11\/2026<\/td><td style=\"color: #000000; background-color: #FFFFFF;\">48 MESES<\/td><\/tr><tr><td style=\"color: #000000; background-color: #FFFFFF;\">2022<\/td><td style=\"color: #000000; background-color: #FFFFFF;\">S\/n\u00ba<\/td><td style=\"color: #000000; background-color: #FFFFFF;text-decoration: underline;\"><a href=\"https:\/\/goias.gov.br\/procuradoria\/wp-content\/uploads\/sites\/41\/2024\/06\/Convenio-Faculdade-Serra-Geral.pdf\" target=\"_blank\">CONV\u00caNIO<\/a><\/td><td style=\"color: #000000; background-color: #FFFFFF;\">202100003014846<\/td><td style=\"color: #000000; background-color: #FFFFFF;\">Propiciar realiza\u00e7\u00e3o de est\u00e1gios na PGE, a alunos de p\u00f3s-gradua\u00e7\u00e3o em Direito da Faculdade Serra Geral - FASG regularmente matriculados e com frenqu\u00eancia efetiva.<\/td><td style=\"color: #000000; background-color: #FFFFFF;\">Faculdade Serra Geral - FASG<\/td><td style=\"color: #000000; background-color: #FFFFFF;\">01.409.580\/0001-38<\/td><td style=\"color: #000000; background-color: #FFFFFF;\">10\/02\/2022<\/td><td style=\"color: #000000; background-color: #FFFFFF;\">10\/02\/2027<\/td><td style=\"color: #000000; background-color: #FFFFFF;\">5 Anos <\/td><\/tr><tr><td style=\"color: #000000; background-color: #FFFFFF;\">2021<\/td><td style=\"color: #000000; background-color: #FFFFFF;\">S\/n\u00ba<\/td><td style=\"color: #000000; background-color: #FFFFFF;text-decoration: underline;\"><a href=\"https:\/\/goias.gov.br\/procuradoria\/wp-content\/uploads\/sites\/41\/2024\/07\/1-Convenio_PGE___FOCUS-IES-RWR.pdf\" target=\"_blank\">Conv\u00eanio<\/a><\/td><td style=\"color: #000000; background-color: #FFFFFF;\">202100003014846<\/td><td style=\"color: #000000; background-color: #FFFFFF;\">Propiciar realiza\u00e7\u00e3o de est\u00e1gios na PGE a alunos de p\u00f3s-gradua\u00e7\u00e3o regularmente matriculados e com frenqu\u00eancia efetiva.<\/td><td style=\"color: #000000; background-color: #FFFFFF;\">Faculdade Focus, IES - Faculdade mantida pela RWR Cursos Preparat\u00f3rios para Concursos LTDA<\/td><td style=\"color: #000000; background-color: #FFFFFF;\">14.334.814\/0001-77<\/td><td style=\"color: #000000; background-color: #FFFFFF;\">06\/12\/2021<\/td><td style=\"color: #000000; background-color: #FFFFFF;\">06\/12\/2026<\/td><td style=\"color: #000000; background-color: #FFFFFF;\">5 Anos<\/td><\/tr><tr><td style=\"color: #000000; background-color: #FFFFFF;\">2021<\/td><td style=\"color: #000000; background-color: #FFFFFF;\">S\/n\u00ba<\/td><td style=\"color: #000000; background-color: #FFFFFF;text-decoration: underline;\"><a href=\"https:\/\/goias.gov.br\/procuradoria\/wp-content\/uploads\/sites\/41\/2024\/07\/2-Convenio_PGE_GO___FUMEC___Assinado.pdf\" target=\"_blank\">Conv\u00eanio<\/a><\/td><td style=\"color: #000000; background-color: #FFFFFF;\">202100003014846<\/td><td style=\"color: #000000; background-color: #FFFFFF;\">Propiciar realiza\u00e7\u00e3o de est\u00e1gios na PGE a alunos de p\u00f3s-gradua\u00e7\u00e3o regularmente matriculados e com frenqu\u00eancia efetiva.<\/td><td style=\"color: #000000; background-color: #FFFFFF;\">Funda\u00e7\u00e3o Mineira de Educa\u00e7\u00e3o e Cultura (FUMEC)<\/td><td style=\"color: #000000; background-color: #FFFFFF;\">17.253.253\/0001-70<\/td><td style=\"color: #000000; background-color: #FFFFFF;\">06\/12\/2021<\/td><td style=\"color: #000000; background-color: #FFFFFF;\">06\/12\/2026<\/td><td style=\"color: #000000; background-color: #FFFFFF;\">5 Anos<\/td><\/tr><tr><td style=\"color: #000000; background-color: #FFFFFF;\">2021<\/td><td style=\"color: #000000; background-color: #FFFFFF;\">S\/n\u00ba<\/td><td style=\"color: #000000; background-color: #FFFFFF;text-decoration: underline;\"><a href=\"https:\/\/goias.gov.br\/procuradoria\/wp-content\/uploads\/sites\/41\/2024\/07\/3-Convenio__PGE_GO_e_OA_BPB.pdf\" target=\"_blank\">Conv\u00eanio<\/a><\/td><td style=\"color: #000000; background-color: #FFFFFF;\">202100003014846<\/td><td style=\"color: #000000; background-color: #FFFFFF;\">Propiciar realiza\u00e7\u00e3o de est\u00e1gios na PGE a alunos de p\u00f3s-gradua\u00e7\u00e3o regularmente matriculados e com frenqu\u00eancia efetiva.<\/td><td style=\"color: #000000; background-color: #FFFFFF;\">Ordem dos Advogados - Seccional Para\u00edba (ESA\/PB)<\/td><td style=\"color: #000000; background-color: #FFFFFF;\">088.651.64\/0001-93<\/td><td style=\"color: #000000; background-color: #FFFFFF;\">06\/12\/2021<\/td><td style=\"color: #000000; background-color: #FFFFFF;\">06\/12\/2026<\/td><td style=\"color: #000000; background-color: #FFFFFF;\">5 Anos<\/td><\/tr><tr><td style=\"color: #000000; background-color: #FFFFFF;\">2021<\/td><td style=\"color: #000000; background-color: #FFFFFF;\">S\/n\u00ba<\/td><td style=\"color: #000000; background-color: #FFFFFF;text-decoration: underline;\"><a href=\"https:\/\/goias.gov.br\/procuradoria\/wp-content\/uploads\/sites\/41\/2024\/07\/4-Convenio-FAMEESP.pdf\" target=\"_blank\">Conv\u00eanio<\/a><\/td><td style=\"color: #000000; background-color: #FFFFFF;\">202100003014846<\/td><td style=\"color: #000000; background-color: #FFFFFF;\">Propiciar realiza\u00e7\u00e3o de est\u00e1gios na PGE a alunos de p\u00f3s-gradua\u00e7\u00e3o regularmente matriculados e com frenqu\u00eancia efetiva.<\/td><td style=\"color: #000000; background-color: #FFFFFF;\">Faculdade Metropolitana do Estado de S\u00e3o Paulo (FAMEESP)<\/td><td style=\"color: #000000; background-color: #FFFFFF;\"><\/td><td style=\"color: #000000; background-color: #FFFFFF;\">06\/12\/2021<\/td><td style=\"color: #000000; background-color: #FFFFFF;\">06\/12\/2026<\/td><td style=\"color: #000000; background-color: #FFFFFF;\">5 Anos<\/td><\/tr><tr><td style=\"color: #000000; background-color: #FFFFFF;\">2021<\/td><td style=\"color: #000000; background-color: #FFFFFF;\">S\/n\u00ba<\/td><td style=\"color: #000000; background-color: #FFFFFF;text-decoration: underline;\"><a href=\"https:\/\/goias.gov.br\/procuradoria\/wp-content\/uploads\/sites\/41\/2024\/07\/5-Convenio-Uniaraguaia.pdf\" target=\"_blank\">Conv\u00eanio<\/a><\/td><td style=\"color: #000000; background-color: #FFFFFF;\">202100003014846<\/td><td style=\"color: #000000; background-color: #FFFFFF;\">Propiciar realiza\u00e7\u00e3o de est\u00e1gios na PGE a alunos de p\u00f3s-gradua\u00e7\u00e3o regularmente matriculados e com frenqu\u00eancia efetiva.<\/td><td style=\"color: #000000; background-color: #FFFFFF;\">Sociedade de Cultura de Goi\u00e1s\/Centro Universit\u00e1rio Araguaia (UNIARAGUAIA)<\/td><td style=\"color: #000000; background-color: #FFFFFF;\">00.140.831\/0001-69<\/td><td style=\"color: #000000; background-color: #FFFFFF;\">13\/12\/2021<\/td><td style=\"color: #000000; background-color: #FFFFFF;\">13\/12\/2026<\/td><td style=\"color: #000000; background-color: #FFFFFF;\">5 Anos<\/td><\/tr><tr><td style=\"color: #000000; background-color: #FFFFFF;\">2021<\/td><td style=\"color: #000000; background-color: #FFFFFF;\">S\/n\u00ba<\/td><td style=\"color: #000000; background-color: #FFFFFF;text-decoration: underline;\"><a href=\"https:\/\/goias.gov.br\/procuradoria\/wp-content\/uploads\/sites\/41\/2024\/07\/6-Convenio_PGE_GO___PRISMA___Assinado.pdf\" target=\"_blank\">Conv\u00eanio<\/a><\/td><td style=\"color: #000000; background-color: #FFFFFF;\">202100003014846<\/td><td style=\"color: #000000; background-color: #FFFFFF;\">Propiciar realiza\u00e7\u00e3o de est\u00e1gios na PGE a alunos de p\u00f3s-gradua\u00e7\u00e3o regularmente matriculados e com frenqu\u00eancia efetiva.<\/td><td style=\"color: #000000; background-color: #FFFFFF;\">Instituto Prisma EAD LTDA (PRISMA)<\/td><td style=\"color: #000000; background-color: #FFFFFF;\"><\/td><td style=\"color: #000000; background-color: #FFFFFF;\">06\/12\/2021<\/td><td style=\"color: #000000; background-color: #FFFFFF;\">06\/12\/2026<\/td><td style=\"color: #000000; background-color: #FFFFFF;\">5 Anos<\/td><\/tr><tr><td style=\"color: #000000; background-color: #FFFFFF;\">2021<\/td><td style=\"color: #000000; background-color: #FFFFFF;\">S\/n\u00ba<\/td><td style=\"color: #000000; background-color: #FFFFFF;text-decoration: underline;\"><a href=\"https:\/\/goias.gov.br\/procuradoria\/wp-content\/uploads\/sites\/41\/2024\/07\/7-Convenio_PGE_GO___Dom_Alberto___Assinado.pdf\" target=\"_blank\">Conv\u00eanio<\/a><\/td><td style=\"color: #000000; background-color: #FFFFFF;\">202100003014846<\/td><td style=\"color: #000000; background-color: #FFFFFF;\">Propiciar realiza\u00e7\u00e3o de est\u00e1gios na PGE a alunos de p\u00f3s-gradua\u00e7\u00e3o regularmente matriculados e com frenqu\u00eancia efetiva.<\/td><td style=\"color: #000000; background-color: #FFFFFF;\">Centro de Ensino Superiro Dom Alberto Ltda. (Dom Alberto)<\/td><td style=\"color: #000000; background-color: #FFFFFF;\"><\/td><td style=\"color: #000000; background-color: #FFFFFF;\">06\/12\/2021<\/td><td style=\"color: #000000; background-color: #FFFFFF;\">06\/12\/2026<\/td><td style=\"color: #000000; background-color: #FFFFFF;\">5 Anos<\/td><\/tr><tr><td style=\"color: #000000; background-color: #FFFFFF;\">2021<\/td><td style=\"color: #000000; background-color: #FFFFFF;\">S\/n\u00ba<\/td><td style=\"color: #000000; background-color: #FFFFFF;text-decoration: underline;\"><a href=\"https:\/\/goias.gov.br\/procuradoria\/wp-content\/uploads\/sites\/41\/2024\/07\/8-Convenio_PGE_GO___EDUCAMAIS___Assinado.pdf\" target=\"_blank\">Conv\u00eanio<\/a><\/td><td style=\"color: #000000; background-color: #FFFFFF;\">202100003014846<\/td><td style=\"color: #000000; background-color: #FFFFFF;\">Propiciar realiza\u00e7\u00e3o de est\u00e1gios na PGE a alunos de p\u00f3s-gradua\u00e7\u00e3o regularmente matriculados e com frenqu\u00eancia efetiva.<\/td><td style=\"color: #000000; background-color: #FFFFFF;\">Upprimore Sistema Educacional LTDA (Faculdade Educamais)<\/td><td style=\"color: #000000; background-color: #FFFFFF;\"><\/td><td style=\"color: #000000; background-color: #FFFFFF;\">06\/12\/2021<\/td><td style=\"color: #000000; background-color: #FFFFFF;\">06\/12\/2026<\/td><td style=\"color: #000000; background-color: #FFFFFF;\">5 Anos<\/td><\/tr><tr><td style=\"color: #000000; background-color: #FFFFFF;\">2021<\/td><td style=\"color: #000000; background-color: #FFFFFF;\">S\/n\u00ba<\/td><td style=\"color: #000000; background-color: #FFFFFF;text-decoration: underline;\"><a href=\"https:\/\/goias.gov.br\/procuradoria\/wp-content\/uploads\/sites\/41\/2024\/07\/9-Convenio_PGE_GO___FAEL___Assinado.pdf\" target=\"_blank\">Conv\u00eanio<\/a><\/td><td style=\"color: #000000; background-color: #FFFFFF;\">202100003014846<\/td><td style=\"color: #000000; background-color: #FFFFFF;\">Propiciar realiza\u00e7\u00e3o de est\u00e1gios na PGE a alunos de p\u00f3s-gradua\u00e7\u00e3o regularmente matriculados e com frenqu\u00eancia efetiva.<\/td><td style=\"color: #000000; background-color: #FFFFFF;\">Sociedade T\u00e9cnica Educacional da LAPA (FAEL)<\/td><td style=\"color: #000000; background-color: #FFFFFF;\"><\/td><td style=\"color: #000000; background-color: #FFFFFF;\">06\/12\/2021<\/td><td style=\"color: #000000; background-color: #FFFFFF;\">06\/12\/2026<\/td><td style=\"color: #000000; background-color: #FFFFFF;\">5 Anos<\/td><\/tr><tr><td style=\"color: #000000; background-color: #FFFFFF;\">2021<\/td><td style=\"color: #000000; background-color: #FFFFFF;\">S\/n\u00ba<\/td><td style=\"color: #000000; background-color: #FFFFFF;text-decoration: underline;\"><a href=\"https:\/\/goias.gov.br\/procuradoria\/wp-content\/uploads\/sites\/41\/2024\/07\/10-Convenio_PGE_GO___UNIFTEC.pdf\" target=\"_blank\">Conv\u00eanio<\/a><\/td><td style=\"color: #000000; background-color: #FFFFFF;\">202100003014846<\/td><td style=\"color: #000000; background-color: #FFFFFF;\">Propiciar realiza\u00e7\u00e3o de est\u00e1gios na PGE a alunos de p\u00f3s-gradua\u00e7\u00e3o regularmente matriculados e com frenqu\u00eancia efetiva.<\/td><td style=\"color: #000000; background-color: #FFFFFF;\">Centro Superior de Tecnologia Tecbrasil LTDA (UNIFTEC)<\/td><td style=\"color: #000000; background-color: #FFFFFF;\">02.271.913\/0001-78<\/td><td style=\"color: #000000; background-color: #FFFFFF;\">06\/12\/2021<\/td><td style=\"color: #000000; background-color: #FFFFFF;\">06\/12\/2026<\/td><td style=\"color: #000000; background-color: #FFFFFF;\">5 Anos<\/td><\/tr><tr><td style=\"color: #000000; background-color: #FFFFFF;\">2021<\/td><td style=\"color: #000000; background-color: #FFFFFF;\">S\/n\u00ba<\/td><td style=\"color: #000000; background-color: #FFFFFF;text-decoration: underline;\"><a href=\"https:\/\/goias.gov.br\/procuradoria\/wp-content\/uploads\/sites\/41\/2024\/07\/11-Convenio__PGE_GO___FABEC.pdf\" target=\"_blank\">Conv\u00eanio<\/a><\/td><td style=\"color: #000000; background-color: #FFFFFF;\">202100003014846<\/td><td style=\"color: #000000; background-color: #FFFFFF;\">Propiciar realiza\u00e7\u00e3o de est\u00e1gios na PGE a alunos de p\u00f3s-gradua\u00e7\u00e3o regularmente matriculados e com frenqu\u00eancia efetiva.<\/td><td style=\"color: #000000; background-color: #FFFFFF;\">Sociedade Brasileira de Educa\u00e7\u00e3o e Cultura EIRELI (FABEC)<\/td><td style=\"color: #000000; background-color: #FFFFFF;\">06.110.279\/0001-42<\/td><td style=\"color: #000000; background-color: #FFFFFF;\">06\/12\/2021<\/td><td style=\"color: #000000; background-color: #FFFFFF;\">06\/12\/2026<\/td><td style=\"color: #000000; background-color: #FFFFFF;\">5 Anos<\/td><\/tr><tr><td style=\"color: #000000; background-color: #FFFFFF;\">2021<\/td><td style=\"color: #000000; background-color: #FFFFFF;\">S\/n\u00ba<\/td><td style=\"color: #000000; background-color: #FFFFFF;text-decoration: underline;\"><a href=\"https:\/\/goias.gov.br\/procuradoria\/wp-content\/uploads\/sites\/41\/2024\/07\/12-Convenio__PGE_GO___FMP.pdf\" target=\"_blank\">Conv\u00eanio<\/a><\/td><td style=\"color: #000000; background-color: #FFFFFF;\">202100003014846<\/td><td style=\"color: #000000; background-color: #FFFFFF;\">Propiciar realiza\u00e7\u00e3o de est\u00e1gios na PGE a alunos de p\u00f3s-gradua\u00e7\u00e3o regularmente matriculados e com frenqu\u00eancia efetiva.<\/td><td style=\"color: #000000; background-color: #FFFFFF;\">Faculdade de Direito da Funda\u00e7\u00e3o Escola Superior do Minist\u00e9rio P\u00fablico, mantida pela Funda\u00e7\u00e3o Escola Superior do Minist\u00e9rio P\u00fablico (FMP)<\/td><td style=\"color: #000000; background-color: #FFFFFF;\"><\/td><td style=\"color: #000000; background-color: #FFFFFF;\">06\/12\/2021<\/td><td style=\"color: #000000; background-color: #FFFFFF;\">06\/12\/2026<\/td><td style=\"color: #000000; background-color: #FFFFFF;\">5 Anos<\/td><\/tr><tr><td style=\"color: #000000; background-color: #FFFFFF;\">2021<\/td><td style=\"color: #000000; background-color: #FFFFFF;\"> 1 \/2021<\/td><td style=\"color: #000000; background-color: #FFFFFF;text-decoration: underline;\"><a href=\"https:\/\/goias.gov.br\/procuradoria\/wp-content\/uploads\/sites\/41\/files\/Acessoinformacao\/2023\/AJUSTESANOS\/2021\/1-20207380.pdf\" target=\"_blank\">Acordo de Coopera\u00e7\u00e3o T\u00e9cnica<\/a><\/td><td style=\"color: #000000; background-color: #FFFFFF;\">202000003017380<\/td><td style=\"color: #000000; background-color: #FFFFFF;\">Conjun\u00e7\u00e3o de esfor\u00e7os entre os part\u00edcipes para viabilizar o protesto das certid\u00f5es da d\u00edvida ativa do Estado de Goi\u00e1s por meio dos servi\u00e7os de recep\u00e7\u00e3o centralizada e eletr\u00f4nica das certid\u00f5es de d\u00edvida ativa, gest\u00e3o, acompanhamento e retorno dos t\u00edtulos, bem como padroniza\u00e7\u00e3o dos procedimentos, independentemente de pr\u00e9vio dep\u00f3sito de emolumentos, custas, contribui\u00e7\u00f5es ou de quaisquer outras despesas por parte da PGE nos termos do Provimento n\u00ba 07\/2015 e do Provimento n\u00ba 12\/2015 da Corregedoria Geral da Justi\u00e7a do Estado de Goi\u00e1s. <\/td><td style=\"color: #000000; background-color: #FFFFFF;\">INSTITUTO DE PROTESTO DE T\u00cdTULOS DO BRASIL SE\u00c7\u00c3O GOI\u00c1S \u2013 IEPTB\/GO <\/td><td style=\"color: #000000; background-color: #FFFFFF;\">05.864.824\/0001-23<\/td><td style=\"color: #000000; background-color: #FFFFFF;\">07\/07\/2021<\/td><td style=\"color: #000000; background-color: #FFFFFF;\">07\/07\/2026<\/td><td style=\"color: #000000; background-color: #FFFFFF;\">60 MESES<\/td><\/tr><tr><td style=\"color: #000000; background-color: #FFFFFF;\">2021<\/td><td style=\"color: #000000; background-color: #FFFFFF;\"> 7 \/2021<\/td><td style=\"color: #000000; background-color: #FFFFFF;text-decoration: underline;\"><a href=\"https:\/\/goias.gov.br\/procuradoria\/wp-content\/uploads\/sites\/41\/2024\/07\/Termo-de-Cooperacao-no-07-2021.pdf\" target=\"_blank\">Termo de Coopera\u00e7\u00e3o<\/a><\/td><td style=\"color: #000000; background-color: #FFFFFF;\">202100003004862<\/td><td style=\"color: #000000; background-color: #FFFFFF;\">Estabelecimento de mecanismos voltados ao aprimoramento dos part\u00edcipes em favor de a\u00e7\u00f5es estrat\u00e9gicas para o adequado tratamento de disputas, ampliando-se o di\u00e1logo institucional e a publicidade dos atos administrativos, o fomento \u00e0 cultura da consensualidade, do controle social e da transpar\u00eancia no \u00e2mbito da Administra\u00e7\u00e3o P\u00fablica estadual, mediante interc\u00e2mbio informacional, base de dados e suporte t\u00e9cnico-operacional nas \u00e1reas correspondentes, por interm\u00e9dio da C\u00e2mara de Concilia\u00e7\u00e3o, Media\u00e7\u00e3o e Arbitragem da Administra\u00e7\u00e3o Estadual.<\/td><td style=\"color: #000000; background-color: #FFFFFF;\">CONTROLADORIA-GERAL DO ESTADO<\/td><td style=\"color: #000000; background-color: #FFFFFF;\">13.203.742\/0001-66<\/td><td style=\"color: #000000; background-color: #FFFFFF;\">29\/07\/2021<\/td><td style=\"color: #000000; background-color: #FFFFFF;\">29\/07\/2026<\/td><td style=\"color: #000000; background-color: #FFFFFF;\">60 MESES<\/td><\/tr><tr><td style=\"color: #000000; background-color: #FFFFFF;\">2021<\/td><td style=\"color: #000000; background-color: #FFFFFF;\"> 9 \/2021<\/td><td style=\"color: #000000; background-color: #FFFFFF;text-decoration: underline;\"><a href=\"https:\/\/goias.gov.br\/procuradoria\/wp-content\/uploads\/sites\/41\/files\/Acessoinformacao\/2023\/AJUSTESANOS\/2021\/2-20214868.pdf\" target=\"_blank\">Termo de Coopera\u00e7\u00e3o<\/a><\/td><td style=\"color: #000000; background-color: #FFFFFF;\">202100003004868<\/td><td style=\"color: #000000; background-color: #FFFFFF;\">Estabelecimento de mecanismos voltados ao aprimoramento da atua\u00e7\u00e3o dos part\u00edcipes em favor da resolu\u00e7\u00e3o consensual de conflitos envolvendo bens e servi\u00e7os p\u00fablicos delegados e demais parcerias p\u00fablico-privadas previstas na Lei estadual n. 13.569\/1999, assim como na preven\u00e7\u00e3o e resolu\u00e7\u00e3o de conflitos envolvendo inadimplemento contratual e requerimento de reequil\u00edbrio econ\u00f4mico-financeiro, por interm\u00e9dio da C\u00e2mara de Concilia\u00e7\u00e3o, Media\u00e7\u00e3o e Arbitragem da Administra\u00e7\u00e3o Estadual, mediante interc\u00e2mbio informacional, base de dados e suporte t\u00e9cnico-operacional nas \u00e1reas correspondentes.<\/td><td style=\"color: #000000; background-color: #FFFFFF;\">AG\u00caNCIA GOIANA DE REGULA\u00c7\u00c3O, CONTROLE E FISCALIZA\u00c7\u00c3O DE SERVI\u00c7OS P\u00daBLICOS<\/td><td style=\"color: #000000; background-color: #FFFFFF;\">03.537.650\/0001-69<\/td><td style=\"color: #000000; background-color: #FFFFFF;\">02\/09\/2021<\/td><td style=\"color: #000000; background-color: #FFFFFF;\">02\/09\/2026<\/td><td style=\"color: #000000; background-color: #FFFFFF;\">60 MESES<\/td><\/tr><tr><td style=\"color: #000000; background-color: #FFFFFF;\">2021<\/td><td style=\"color: #000000; background-color: #FFFFFF;\"> 7 \/2021<\/td><td style=\"color: #000000; background-color: #FFFFFF;text-decoration: underline;\"><a href=\"https:\/\/goias.gov.br\/procuradoria\/wp-content\/uploads\/sites\/41\/files\/Acessoinformacao\/2023\/AJUSTESANOS\/2021\/3-20163134.pdf\" target=\"_blank\">Acordo de Coopera\u00e7\u00e3o T\u00e9cnica<\/a><\/td><td style=\"color: #000000; background-color: #FFFFFF;\">201600003003134<\/td><td style=\"color: #000000; background-color: #FFFFFF;\">Regulamentar o acesso desta PGE \u00e0s bases de dados daquela Corte, bem como aos autos judiciais findos ou em tr\u00e2mite, com vistas a subsidiar o combate \u00e0 sonega\u00e7\u00e3o fiscal e a recupera\u00e7\u00e3o do cr\u00e9dito tribut\u00e1rio estadual.<\/td><td style=\"color: #000000; background-color: #FFFFFF;\">TRIBUNAL REGIONAL DO TRABALHO - 18\u00aa REGI\u00c3O<\/td><td style=\"color: #000000; background-color: #FFFFFF;\">02.395.868\/0001-63<\/td><td style=\"color: #000000; background-color: #FFFFFF;\">13\/06\/2021<\/td><td style=\"color: #000000; background-color: #FFFFFF;\">13\/06\/2026<\/td><td style=\"color: #000000; background-color: #FFFFFF;\">60 MESES<\/td><\/tr><tr><td style=\"color: #000000; background-color: #FFFFFF;\">2021<\/td><td style=\"color: #000000; background-color: #FFFFFF;\"> 5 \/2021<\/td><td style=\"color: #000000; background-color: #FFFFFF;text-decoration: underline;\"><a href=\"https:\/\/goias.gov.br\/procuradoria\/wp-content\/uploads\/sites\/41\/files\/Acessoinformacao\/2023\/AJUSTESANOS\/2021\/4-20211766.pdf\" target=\"_blank\">Acordo de Coopera\u00e7\u00e3o T\u00e9cnica<\/a><\/td><td style=\"color: #000000; background-color: #FFFFFF;\">202100003001766<\/td><td style=\"color: #000000; background-color: #FFFFFF;\">Firmar parceria entre o TRT18 e a PGE quanto ao funcionamento e a manuten\u00e7\u00e3o (corretiva, adaptativa e perfectiva) dos servi\u00e7os de interoperabilidade entre o Sistema Processo Judicial Eletr\u00f4nico da Justi\u00e7a do Trabalho (PJe-JT) e o sistema CORA, no \u00e2mbito do Tribunal, respeitada a evolu\u00e7\u00e3o do Modelo Nacional de Interoperabilidade.<\/td><td style=\"color: #000000; background-color: #FFFFFF;\">TRIBUNAL REGIONAL DO TRABALHO - 18\u00aa REGI\u00c3O<\/td><td style=\"color: #000000; background-color: #FFFFFF;\">02.395.868\/0001-63<\/td><td style=\"color: #000000; background-color: #FFFFFF;\">13\/04\/2021<\/td><td style=\"color: #000000; background-color: #FFFFFF;\">13\/04\/2026<\/td><td style=\"color: #000000; background-color: #FFFFFF;\">60 MESES<\/td><\/tr><tr><td style=\"color: #000000; background-color: #FFFFFF;\">2021<\/td><td style=\"color: #000000; background-color: #FFFFFF;\">20 \/2021<\/td><td style=\"color: #000000; background-color: #FFFFFF;text-decoration: underline;\"><a href=\"https:\/\/goias.gov.br\/procuradoria\/wp-content\/uploads\/sites\/41\/files\/Acessoinformacao\/2023\/AJUSTESANOS\/2021\/5-20186761.pdf\" target=\"_blank\">Acordo de Coopera\u00e7\u00e3o T\u00e9cnica<\/a><\/td><td style=\"color: #000000; background-color: #FFFFFF;\">201800003016761<\/td><td style=\"color: #000000; background-color: #FFFFFF;\">Disponibilizar e disciplinar o acesso da Procuradoria ao Sistema Nacional de Cadastro Rural \u2013 SNCR, objetivando consulta, em car\u00e1ter informativo, dos dados dos im\u00f3veis rurais, bem como das pessoas a eles relacionadas, com vistas a suprir necessidades inerentes aos processos judiciais de conhecimento e de execu\u00e7\u00e3o fiscal, trabalhista e judicial, inclusive a\u00e7\u00f5es que versem sobre direitos reais ou possess\u00f3rios, dentre outras em que se fa\u00e7am necess\u00e1rias \u00e0 localiza\u00e7\u00e3o de pessoas e im\u00f3veis rurais a elas relacionados.<\/td><td style=\"color: #000000; background-color: #FFFFFF;\">INSTITUTO NACIONAL DE COLONIZA\u00c7\u00c3O E REFORMA AGR\u00c1RIA-INCRA<\/td><td style=\"color: #000000; background-color: #FFFFFF;\">00.375.972\/0006-75<\/td><td style=\"color: #000000; background-color: #FFFFFF;\">04\/02\/2021<\/td><td style=\"color: #000000; background-color: #FFFFFF;\">04\/02\/2026<\/td><td style=\"color: #000000; background-color: #FFFFFF;\">60 MESES<\/td><\/tr><tr><td style=\"color: #000000; background-color: #FFFFFF;\">2020<\/td><td style=\"color: #000000; background-color: #FFFFFF;\">62\/2020-BCBDEATI<\/td><td style=\"color: #000000; background-color: #FFFFFF;text-decoration: underline;\"><a href=\"https:\/\/goias.gov.br\/procuradoria\/wp-content\/uploads\/sites\/41\/files\/Acessoinformacao\/2023\/AJUSTESANOS\/2020\/13.Ac-BancoCentraldoBrasil.pdf\" target=\"_blank\">Acordo de Coopera\u00e7\u00e3o T\u00e9cnica<\/a><\/td><td style=\"color: #000000; background-color: #FFFFFF;\">201900003012726<\/td><td style=\"color: #000000; background-color: #FFFFFF;\">PERMITIR A UTILIZA\u00c7\u00c3O DO MEC\u00c2NISMO DE CONSULTA \u00c0S INFORMA\u00c7\u00d5ES CONTIDAS NO CADASTRO DE CLIENTES DO SISTEMA FINANCEIRO NACIONAL, DORAVANTE DENOMINADO CCS, PARA FINS DE INSTRUIR PROCESSOS ADMINISTRATIVOS E JUDICIAIS  QUE VERSEM SOBRE APURA\u00c7\u00c3O DE FRAUDES TRIBUT\u00c1RIAS COMBATE \u00c0 SONEGA\u00c7\u00c3O FISCAL E RECUPERA\u00c7\u00c3O DE ATIVOS<\/td><td style=\"color: #000000; background-color: #FFFFFF;\">BANCO CENTRAL DO BRASIL<\/td><td style=\"color: #000000; background-color: #FFFFFF;\">00.038.166\/0001-05<\/td><td style=\"color: #000000; background-color: #FFFFFF;\">28\/10\/2020<\/td><td style=\"color: #000000; background-color: #FFFFFF;\">S\/ PRAZO<\/td><td style=\"color: #000000; background-color: #FFFFFF;\">INDETERMINADO<\/td><\/tr><tr><td style=\"color: #000000; background-color: #FFFFFF;\">2020<\/td><td style=\"color: #000000; background-color: #FFFFFF;\"> 01\/2020<\/td><td style=\"color: #000000; background-color: #FFFFFF;text-decoration: underline;\"><a href=\"https:\/\/goias.gov.br\/procuradoria\/wp-content\/uploads\/sites\/41\/2024\/07\/1.-01_2020-Termo-de-Descentralizacao-Orcamentaria-Secret-de-Meio-Ambiente.pdf\" target=\"_blank\">Termo de Descentraliza\u00e7\u00e3o Or\u00e7ament\u00e1ria<\/a><\/td><td style=\"color: #000000; background-color: #FFFFFF;\">202000003001828<\/td><td style=\"color: #000000; background-color: #FFFFFF;text-decoration: underline;\"><a href=\"https:\/\/sei.go.gov.br\/sei\/controlador.php?acao=protocolo_visualizar&id_protocolo=7845607&infra_sistema=100000100&infra_unidade_atual=18206&infra_hash=5d025d26c884325b14c4cf09c3c8f7fb0a05256be0779f300819c00d04323bf0\" target=\"_blank\">Operacionaliza\u00e7\u00e3o de \u201cDescentraliza\u00e7\u00e3o Or\u00e7ament\u00e1ria\u201d, nos termos do art. 17, \u00a72\u00ba, da Lei Estadual n\u00ba 20.754\/2020, objetivando acobertar o custeio dos servi\u00e7os de manuten\u00e7\u00e3o, preventiva e corretiva, de equipamentos de ar condicionado e dos servi\u00e7os de dedetiza\u00e7\u00e3o (desinsetiza\u00e7\u00e3o) e desratiza\u00e7\u00e3o das depend\u00eancias f\u00edsicas do pr\u00e9dio anexo desta Procuradoria-Geral do Estado de Goi\u00e1s (PGE), situado \u00e0 Rua 12, esquina com Avenida Tocantins, n\u00ba 107, Setor Central, CEP n\u00ba 74.015-040, Goi\u00e2nia-GO, objeto, respectivamente, dos Contratos n\u00ba 012\/2015-PGE (Processo n\u00ba 201500003012170, de 24\/09\/2015) e n\u00ba 02\/2015-PGE (Processo n\u00ba 201500003001665, de 24\/02\/2015).<\/a><\/td><td style=\"color: #000000; background-color: #FFFFFF;\">Secretaria de Estado de Meio Ambiente e Desenvolvimento Sustent\u00e1vel (SEMAD)<\/td><td style=\"color: #000000; background-color: #FFFFFF;\">00.638.357\/0001-08<\/td><td style=\"color: #000000; background-color: #FFFFFF;\">18\/04\/2020<\/td><td style=\"color: #000000; background-color: #FFFFFF;\">04\/12\/2020<\/td><td style=\"color: #000000; background-color: #FFFFFF;\">At\u00e9 04\/12\/2020<\/td><\/tr><tr><td style=\"color: #000000; background-color: #FFFFFF;\">2020<\/td><td style=\"color: #000000; background-color: #FFFFFF;\"> 02\/2020<\/td><td style=\"color: #000000; background-color: #FFFFFF;text-decoration: underline;\"><a href=\"https:\/\/goias.gov.br\/procuradoria\/wp-content\/uploads\/sites\/41\/files\/Acessoinformacao\/2023\/AJUSTESANOS\/2020\/12.202011365.pdf\" target=\"_blank\">Termo de Descentraliza\u00e7\u00e3o Or\u00e7ament\u00e1ria (TDO)<\/a><\/td><td style=\"color: #000000; background-color: #FFFFFF;\">202000003011365<\/td><td style=\"color: #000000; background-color: #FFFFFF;\">Descentraliza\u00e7\u00e3o de parte dos cr\u00e9ditos or\u00e7ament\u00e1rios do Fundo de Manuten\u00e7\u00e3o e Reaparelhamento da Procuradoria-Geral do Estado (FUNPROGE) para o custeio de despesas com SEGURO COLETIVO CONTRA ACIDENTES PESSOAIS E DE REEMBOLSO DE DESPESAS M\u00c9DICAS E ODONTOL\u00d3GICAS PARA O GRUPO DE ESTAGI\u00c1RIOS DE P\u00d3S-GRADUA\u00c7\u00c3O que prestar\u00e3o servi\u00e7os nesta Procuradoria-Geral do Estado, conforme Contrato n.\u00ba 015\/2020 (000013610584), celebrado pelo Estado de Goi\u00e1s, por meio da Secretaria de Estado de Administra\u00e7\u00e3o.<\/td><td style=\"color: #000000; background-color: #FFFFFF;\">SECRETARIA DE ESTADO DE ADMINISTRA\u00c7\u00c3O \u2013 SEAD<\/td><td style=\"color: #000000; background-color: #FFFFFF;\">02.476.034\/0001-82<\/td><td style=\"color: #000000; background-color: #FFFFFF;\">09\/10\/2020<\/td><td style=\"color: #000000; background-color: #FFFFFF;\">31\/07\/2022<\/td><td style=\"color: #000000; background-color: #FFFFFF;\">At\u00e9 31\/07\/2022<\/td><\/tr><tr><td style=\"color: #000000; background-color: #FFFFFF;\">2020<\/td><td style=\"color: #000000; background-color: #FFFFFF;\">S\/ N\u00famero<\/td><td style=\"color: #000000; background-color: #FFFFFF;text-decoration: underline;\"><a href=\"https:\/\/goias.gov.br\/procuradoria\/wp-content\/uploads\/sites\/41\/2024\/07\/1.-Convenio-IPOG-Atualizado.pdf\" target=\"_blank\">Conv\u00eanio<\/a><\/td><td style=\"color: #000000; background-color: #FFFFFF;\">202000003011139<\/td><td style=\"color: #000000; background-color: #FFFFFF;\">Concess\u00e3o de est\u00e1gios de P\u00f3s-Gradua\u00e7\u00e3o a estudantes regularmente matriculados e com frequ\u00eancia efetiva.<\/td><td style=\"color: #000000; background-color: #FFFFFF;\">Instituto de P\u00f3s-Gradua\u00e7\u00e3o e Gradua\u00e7\u00e3o (IPOG)<\/td><td style=\"color: #000000; background-color: #FFFFFF;\"><\/td><td style=\"color: #000000; background-color: #FFFFFF;\">18\/11\/2020<\/td><td style=\"color: #000000; background-color: #FFFFFF;\">18\/11\/2025<\/td><td style=\"color: #000000; background-color: #FFFFFF;\">5 ANOS<\/td><\/tr><tr><td style=\"color: #000000; background-color: #FFFFFF;\">2020<\/td><td style=\"color: #000000; background-color: #FFFFFF;\">S\/ N\u00famero<\/td><td style=\"color: #000000; background-color: #FFFFFF;text-decoration: underline;\"><a href=\"https:\/\/goias.gov.br\/procuradoria\/wp-content\/uploads\/sites\/41\/2024\/07\/2.-CONVENIO___PGE_GO___UNIBF-.pdf\" target=\"_blank\">Conv\u00eanio<\/a><\/td><td style=\"color: #000000; background-color: #FFFFFF;\">202000003011139<\/td><td style=\"color: #000000; background-color: #FFFFFF;\">Concess\u00e3o de est\u00e1gios de P\u00f3s-Gradua\u00e7\u00e3o a estudantes regularmente matriculados e com frequ\u00eancia efetiva.<\/td><td style=\"color: #000000; background-color: #FFFFFF;\">Faculdade UniBF<\/td><td style=\"color: #000000; background-color: #FFFFFF;\">07.481.324\/0001-38<\/td><td style=\"color: #000000; background-color: #FFFFFF;\">18\/11\/2020<\/td><td style=\"color: #000000; background-color: #FFFFFF;\">18\/11\/2025<\/td><td style=\"color: #000000; background-color: #FFFFFF;\">5 ANOS<\/td><\/tr><tr><td style=\"color: #000000; background-color: #FFFFFF;\">2020<\/td><td style=\"color: #000000; background-color: #FFFFFF;\">2\/2020<\/td><td style=\"color: #000000; background-color: #FFFFFF;text-decoration: underline;\"><a href=\"https:\/\/goias.gov.br\/procuradoria\/wp-content\/uploads\/sites\/41\/2024\/07\/3.-Convenio-FADISP.pdf\" target=\"_blank\">Conv\u00eanio<\/a><\/td><td style=\"color: #000000; background-color: #FFFFFF;\">202000003011139<\/td><td style=\"color: #000000; background-color: #FFFFFF;\">Concess\u00e3o de est\u00e1gios de P\u00f3s-Gradua\u00e7\u00e3o a estudantes regularmente matriculados e com frequ\u00eancia efetiva.<\/td><td style=\"color: #000000; background-color: #FFFFFF;\">Centro Educacional Alves Faria LTDA. (FADISP)<\/td><td style=\"color: #000000; background-color: #FFFFFF;\">02.850.990\/0006-97<\/td><td style=\"color: #000000; background-color: #FFFFFF;\">19\/11\/2020<\/td><td style=\"color: #000000; background-color: #FFFFFF;\">19\/11\/2025<\/td><td style=\"color: #000000; background-color: #FFFFFF;\">5 ANOS<\/td><\/tr><tr><td style=\"color: #000000; background-color: #FFFFFF;\">2020<\/td><td style=\"color: #000000; background-color: #FFFFFF;\">S\/ N\u00famero<\/td><td style=\"color: #000000; background-color: #FFFFFF;text-decoration: underline;\"><a href=\"https:\/\/goias.gov.br\/procuradoria\/wp-content\/uploads\/sites\/41\/2024\/07\/4.-CONVENIO_IBMEC___ASSINADO.pdf\" target=\"_blank\">Conv\u00eanio<\/a><\/td><td style=\"color: #000000; background-color: #FFFFFF;\">202000003011139<\/td><td style=\"color: #000000; background-color: #FFFFFF;\">Concess\u00e3o de est\u00e1gios de P\u00f3s-Gradua\u00e7\u00e3o a estudantes regularmente matriculados e com frequ\u00eancia efetiva.<\/td><td style=\"color: #000000; background-color: #FFFFFF;\">Grupo IBMEC Educacional Ltda.<\/td><td style=\"color: #000000; background-color: #FFFFFF;\">04.298.309\/0001-60<\/td><td style=\"color: #000000; background-color: #FFFFFF;\">17\/08\/2020<\/td><td style=\"color: #000000; background-color: #FFFFFF;\">17\/08\/2025<\/td><td style=\"color: #000000; background-color: #FFFFFF;\">5 ANOS<\/td><\/tr><tr><td style=\"color: #000000; background-color: #FFFFFF;\">2020<\/td><td style=\"color: #000000; background-color: #FFFFFF;\">S\/ N\u00famero<\/td><td style=\"color: #000000; background-color: #FFFFFF;text-decoration: underline;\"><a href=\"https:\/\/goias.gov.br\/procuradoria\/wp-content\/uploads\/sites\/41\/2024\/07\/5.-CONVENIO___PGE_GO___POLIS_CIVITAS_ass.pdf\" target=\"_blank\">Conv\u00eanio<\/a><\/td><td style=\"color: #000000; background-color: #FFFFFF;\">202000003011139<\/td><td style=\"color: #000000; background-color: #FFFFFF;\">Concess\u00e3o de est\u00e1gios de P\u00f3s-Gradua\u00e7\u00e3o a estudantes regularmente matriculados e com frequ\u00eancia efetiva.<\/td><td style=\"color: #000000; background-color: #FFFFFF;\">Instituto de Ensino P\u00f3lis Civitas<\/td><td style=\"color: #000000; background-color: #FFFFFF;\">05.745.509\/0001-87<\/td><td style=\"color: #000000; background-color: #FFFFFF;\">09\/09\/2020<\/td><td style=\"color: #000000; background-color: #FFFFFF;\">09\/09\/2025<\/td><td style=\"color: #000000; background-color: #FFFFFF;\">5 ANOS<\/td><\/tr><tr><td style=\"color: #000000; background-color: #FFFFFF;\">2020<\/td><td style=\"color: #000000; background-color: #FFFFFF;\">S\/ N\u00famero<\/td><td style=\"color: #000000; background-color: #FFFFFF;text-decoration: underline;\"><a href=\"https:\/\/goias.gov.br\/procuradoria\/wp-content\/uploads\/sites\/41\/2024\/07\/6.-convenio_EBRADI-UNA_assinado.pdf\" target=\"_blank\">Conv\u00eanio<\/a><\/td><td style=\"color: #000000; background-color: #FFFFFF;\">202000003011139<\/td><td style=\"color: #000000; background-color: #FFFFFF;\">Concess\u00e3o de est\u00e1gios de P\u00f3s-Gradua\u00e7\u00e3o a estudantes regularmente matriculados e com frequ\u00eancia efetiva.<\/td><td style=\"color: #000000; background-color: #FFFFFF;\">Brasil Educa\u00e7\u00e3o S\/A\/Centro Universit\u00e1rio Una (UNA)\/Faculdade Una de Itabira (UNA)<\/td><td style=\"color: #000000; background-color: #FFFFFF;\">05.648.257\/0001-78<\/td><td style=\"color: #000000; background-color: #FFFFFF;\">21\/08\/2020<\/td><td style=\"color: #000000; background-color: #FFFFFF;\">21\/08\/2025<\/td><td style=\"color: #000000; background-color: #FFFFFF;\">5 ANOS<\/td><\/tr><tr><td style=\"color: #000000; background-color: #FFFFFF;\">2020<\/td><td style=\"color: #000000; background-color: #FFFFFF;\">S\/ N\u00famero<\/td><td style=\"color: #000000; background-color: #FFFFFF;text-decoration: underline;\"><a href=\"https:\/\/goias.gov.br\/procuradoria\/wp-content\/uploads\/sites\/41\/2024\/07\/7.-CONVENIO___PGE_GO___IGD_CAMBURY_ass.pdf\" target=\"_blank\">Conv\u00eanio<\/a><\/td><td style=\"color: #000000; background-color: #FFFFFF;\">202000003011139<\/td><td style=\"color: #000000; background-color: #FFFFFF;\">Concess\u00e3o de est\u00e1gios de P\u00f3s-Gradua\u00e7\u00e3o a estudantes regularmente matriculados e com frequ\u00eancia efetiva.<\/td><td style=\"color: #000000; background-color: #FFFFFF;\">Centro Tecnol\u00f3gico Cambury Ltda. (UNICAMBURY)<\/td><td style=\"color: #000000; background-color: #FFFFFF;\">26.721.076\/0001-08<\/td><td style=\"color: #000000; background-color: #FFFFFF;\">25\/08\/2020<\/td><td style=\"color: #000000; background-color: #FFFFFF;\">25\/08\/2025<\/td><td style=\"color: #000000; background-color: #FFFFFF;\">5 ANOS<\/td><\/tr><tr><td style=\"color: #000000; background-color: #FFFFFF;\">2020<\/td><td style=\"color: #000000; background-color: #FFFFFF;\">S\/ N\u00famero<\/td><td style=\"color: #000000; background-color: #FFFFFF;text-decoration: underline;\"><a href=\"https:\/\/goias.gov.br\/procuradoria\/wp-content\/uploads\/sites\/41\/2024\/07\/8.-CONVENIO___PGE_GO___Forum_UNIFAA_ass.pdf\" target=\"_blank\">Conv\u00eanio<\/a><\/td><td style=\"color: #000000; background-color: #FFFFFF;\">202000003011139<\/td><td style=\"color: #000000; background-color: #FFFFFF;\">Concess\u00e3o de est\u00e1gios de P\u00f3s-Gradua\u00e7\u00e3o a estudantes regularmente matriculados e com frequ\u00eancia efetiva.<\/td><td style=\"color: #000000; background-color: #FFFFFF;\">Centro Universit\u00e1rio de Valen\u00e7a (UNIFAA)<\/td><td style=\"color: #000000; background-color: #FFFFFF;\"><\/td><td style=\"color: #000000; background-color: #FFFFFF;\">25\/08\/2020<\/td><td style=\"color: #000000; background-color: #FFFFFF;\">25\/08\/2025<\/td><td style=\"color: #000000; background-color: #FFFFFF;\">5 ANOS<\/td><\/tr><tr><td style=\"color: #000000; background-color: #FFFFFF;\">2020<\/td><td style=\"color: #000000; background-color: #FFFFFF;\">S\/ N\u00famero<\/td><td style=\"color: #000000; background-color: #FFFFFF;text-decoration: underline;\"><a href=\"https:\/\/goias.gov.br\/procuradoria\/wp-content\/uploads\/sites\/41\/2024\/07\/9.-Convenio_CERS___assinado.pdf\" target=\"_blank\">Conv\u00eanio<\/a><\/td><td style=\"color: #000000; background-color: #FFFFFF;\">202000003011139<\/td><td style=\"color: #000000; background-color: #FFFFFF;\">Concess\u00e3o de est\u00e1gios de P\u00f3s-Gradua\u00e7\u00e3o a estudantes regularmente matriculados e com frequ\u00eancia efetiva.<\/td><td style=\"color: #000000; background-color: #FFFFFF;\">Faculdade CERS<\/td><td style=\"color: #000000; background-color: #FFFFFF;\"><\/td><td style=\"color: #000000; background-color: #FFFFFF;\">13\/08\/2020<\/td><td style=\"color: #000000; background-color: #FFFFFF;\">13\/08\/2025<\/td><td style=\"color: #000000; background-color: #FFFFFF;\">5 ANOS<\/td><\/tr><tr><td style=\"color: #000000; background-color: #FFFFFF;\">2020<\/td><td style=\"color: #000000; background-color: #FFFFFF;\">63 \/2020<\/td><td style=\"color: #000000; background-color: #FFFFFF;text-decoration: underline;\"><a href=\"https:\/\/goias.gov.br\/procuradoria\/wp-content\/uploads\/sites\/41\/files\/Acessoinformacao\/2023\/AJUSTESANOS\/2020\/2.conv63_2020.pdf\" target=\"_blank\">Conv\u00eanio<\/a><\/td><td style=\"color: #000000; background-color: #FFFFFF;\">202000003011139<\/td><td style=\"color: #000000; background-color: #FFFFFF;\">Concess\u00e3o de est\u00e1gios de P\u00f3s-Gradua\u00e7\u00e3o a estudantes regularmente matriculados e com frequ\u00eancia efetiva.<\/td><td style=\"color: #000000; background-color: #FFFFFF;\">UNIAM\u00c9RICA E PGE-GO<\/td><td style=\"color: #000000; background-color: #FFFFFF;\">18.715.633\/0001-41<\/td><td style=\"color: #000000; background-color: #FFFFFF;\">25\/08\/2020<\/td><td style=\"color: #000000; background-color: #FFFFFF;\">25\/08\/2025<\/td><td style=\"color: #000000; background-color: #FFFFFF;\">5 ANOS<\/td><\/tr><tr><td style=\"color: #000000; background-color: #FFFFFF;\">2020<\/td><td style=\"color: #000000; background-color: #FFFFFF;\">S\/ N\u00famero<\/td><td style=\"color: #000000; background-color: #FFFFFF;text-decoration: underline;\"><a href=\"https:\/\/goias.gov.br\/procuradoria\/wp-content\/uploads\/sites\/41\/files\/Acessoinformacao\/2023\/AJUSTESANOS\/2020\/3.CO-UNIALFA.pdf\" target=\"_blank\">Conv\u00eanio<\/a><\/td><td style=\"color: #000000; background-color: #FFFFFF;\">202000003011139<\/td><td style=\"color: #000000; background-color: #FFFFFF;\">Concess\u00e3o de est\u00e1gios de P\u00f3s-Gradua\u00e7\u00e3o a estudantes regularmente matriculados e com frequ\u00eancia efetiva.<\/td><td style=\"color: #000000; background-color: #FFFFFF;\">UNIALFA<\/td><td style=\"color: #000000; background-color: #FFFFFF;\">02.850.990\/0001-82<\/td><td style=\"color: #000000; background-color: #FFFFFF;\">25\/08\/2020<\/td><td style=\"color: #000000; background-color: #FFFFFF;\">25\/08\/2025<\/td><td style=\"color: #000000; background-color: #FFFFFF;\">5 ANOS<\/td><\/tr><tr><td style=\"color: #000000; background-color: #FFFFFF;\">2020<\/td><td style=\"color: #000000; background-color: #FFFFFF;\">S\/ N\u00famero<\/td><td style=\"color: #000000; background-color: #FFFFFF;text-decoration: underline;\"><a href=\"https:\/\/goias.gov.br\/procuradoria\/wp-content\/uploads\/sites\/41\/files\/Acessoinformacao\/2023\/AJUSTESANOS\/2020\/4.CO-LEGALE.pdf\" target=\"_blank\">Conv\u00eanio<\/a><\/td><td style=\"color: #000000; background-color: #FFFFFF;\">202000003011139<\/td><td style=\"color: #000000; background-color: #FFFFFF;\">Concess\u00e3o de est\u00e1gios de P\u00f3s-Gradua\u00e7\u00e3o a estudantes regularmente matriculados e com frequ\u00eancia efetiva.<\/td><td style=\"color: #000000; background-color: #FFFFFF;\">FACULDADE LEGALE-FALEG E PGE-GO<\/td><td style=\"color: #000000; background-color: #FFFFFF;\">05.492.915\/0001-85<\/td><td style=\"color: #000000; background-color: #FFFFFF;\">25\/08\/2020<\/td><td style=\"color: #000000; background-color: #FFFFFF;\">25\/08\/2025<\/td><td style=\"color: #000000; background-color: #FFFFFF;\">5 ANOS<\/td><\/tr><tr><td style=\"color: #000000; background-color: #FFFFFF;\">2020<\/td><td style=\"color: #000000; background-color: #FFFFFF;\">S\/ N\u00famero<\/td><td style=\"color: #000000; background-color: #FFFFFF;text-decoration: underline;\"><a href=\"https:\/\/goias.gov.br\/procuradoria\/wp-content\/uploads\/sites\/41\/files\/Acessoinformacao\/2023\/AJUSTESANOS\/2020\/5.CO-UCAM.pdf\" target=\"_blank\">Conv\u00eanio<\/a><\/td><td style=\"color: #000000; background-color: #FFFFFF;\">202000003011139<\/td><td style=\"color: #000000; background-color: #FFFFFF;\">Concess\u00e3o de est\u00e1gios de P\u00f3s-Gradua\u00e7\u00e3o a estudantes regularmente matriculados e com frequ\u00eancia efetiva.<\/td><td style=\"color: #000000; background-color: #FFFFFF;\">UNIVERSIDADE C\u00c2NDIDO MENDES E PGE-GO<\/td><td style=\"color: #000000; background-color: #FFFFFF;\">33.646.001\/0001-67<\/td><td style=\"color: #000000; background-color: #FFFFFF;\">25\/08\/2020<\/td><td style=\"color: #000000; background-color: #FFFFFF;\">25\/08\/2025<\/td><td style=\"color: #000000; background-color: #FFFFFF;\">5 ANOS<\/td><\/tr><tr><td style=\"color: #000000; background-color: #FFFFFF;\">2020<\/td><td style=\"color: #000000; background-color: #FFFFFF;\">117\/2020<\/td><td style=\"color: #000000; background-color: #FFFFFF;text-decoration: underline;\"><a href=\"https:\/\/goias.gov.br\/procuradoria\/wp-content\/uploads\/sites\/41\/2024\/07\/14.-117_2020-CONVENIO___PGE_GO___UFG_1_ass.pdf\" target=\"_blank\">Conv\u00eanio<\/a><\/td><td style=\"color: #000000; background-color: #FFFFFF;\">202000003011139<\/td><td style=\"color: #000000; background-color: #FFFFFF;\">Concess\u00e3o de est\u00e1gios de P\u00f3s-Gradua\u00e7\u00e3o a estudantes regularmente matriculados e com frequ\u00eancia efetiva.<\/td><td style=\"color: #000000; background-color: #FFFFFF;\">Universidade Federal de Goi\u00e1s (UFG)<\/td><td style=\"color: #000000; background-color: #FFFFFF;\">01.567.601\/0001-43<\/td><td style=\"color: #000000; background-color: #FFFFFF;\">09\/09\/2020<\/td><td style=\"color: #000000; background-color: #FFFFFF;\">09\/09\/2025<\/td><td style=\"color: #000000; background-color: #FFFFFF;\">5 ANOS<\/td><\/tr><tr><td style=\"color: #000000; background-color: #FFFFFF;\">2020<\/td><td style=\"color: #000000; background-color: #FFFFFF;\">S\/ N\u00famero<\/td><td style=\"color: #000000; background-color: #FFFFFF;text-decoration: underline;\"><a href=\"https:\/\/goias.gov.br\/procuradoria\/wp-content\/uploads\/sites\/41\/files\/Acessoinformacao\/2023\/AJUSTESANOS\/2020\/7.CO-THEMAS.pdf\" target=\"_blank\">Conv\u00eanio<\/a><\/td><td style=\"color: #000000; background-color: #FFFFFF;\">202000003011139<\/td><td style=\"color: #000000; background-color: #FFFFFF;\">Concess\u00e3o de est\u00e1gios de P\u00f3s-Gradua\u00e7\u00e3o a estudantes regularmente matriculados e com frequ\u00eancia efetiva.<\/td><td style=\"color: #000000; background-color: #FFFFFF;\">THEMAS CURSOS \u2013 INTELIG\u00caNCIA JUR\u00cdDICA, FACULDADE ALDEMAR ROSADO E PGE-GO<\/td><td style=\"color: #000000; background-color: #FFFFFF;\">02.274.580\/0001-30 (ADELMAR)\n<\/td><td style=\"color: #000000; background-color: #FFFFFF;\">25\/08\/2020<\/td><td style=\"color: #000000; background-color: #FFFFFF;\">25\/08\/2025<\/td><td style=\"color: #000000; background-color: #FFFFFF;\">5 ANOS<\/td><\/tr><tr><td style=\"color: #000000; background-color: #FFFFFF;\">2020<\/td><td style=\"color: #000000; background-color: #FFFFFF;\">S\/ N\u00famero<\/td><td style=\"color: #000000; background-color: #FFFFFF;text-decoration: underline;\"><a href=\"https:\/\/goias.gov.br\/procuradoria\/wp-content\/uploads\/sites\/41\/files\/Acessoinformacao\/2023\/AJUSTESANOS\/2020\/8.CO-PUC.pdf\" target=\"_blank\">Conv\u00eanio<\/a><\/td><td style=\"color: #000000; background-color: #FFFFFF;\">202000003011139<\/td><td style=\"color: #000000; background-color: #FFFFFF;\">Concess\u00e3o de est\u00e1gios de P\u00f3s-Gradua\u00e7\u00e3o a estudantes regularmente matriculados e com frequ\u00eancia efetiva.<\/td><td style=\"color: #000000; background-color: #FFFFFF;\">PUC-GO E PGE-GO<\/td><td style=\"color: #000000; background-color: #FFFFFF;\">01.587.609\/0001-71<\/td><td style=\"color: #000000; background-color: #FFFFFF;\">25\/08\/2020<\/td><td style=\"color: #000000; background-color: #FFFFFF;\">25\/08\/2025<\/td><td style=\"color: #000000; background-color: #FFFFFF;\">5 ANOS<\/td><\/tr><tr><td style=\"color: #000000; background-color: #FFFFFF;\">2020<\/td><td style=\"color: #000000; background-color: #FFFFFF;\">S\/ N\u00famero<\/td><td style=\"color: #000000; background-color: #FFFFFF;text-decoration: underline;\"><a href=\"https:\/\/goias.gov.br\/procuradoria\/wp-content\/uploads\/sites\/41\/files\/Acessoinformacao\/2023\/AJUSTESANOS\/2020\/9.CO-PROORDEM.pdf\" target=\"_blank\">Conv\u00eanio<\/a><\/td><td style=\"color: #000000; background-color: #FFFFFF;\">202000003011139<\/td><td style=\"color: #000000; background-color: #FFFFFF;\">Concess\u00e3o de est\u00e1gios de P\u00f3s-Gradua\u00e7\u00e3o a estudantes regularmente matriculados e com frequ\u00eancia efetiva.<\/td><td style=\"color: #000000; background-color: #FFFFFF;\">R.A. CENTROS DE ESTUDOS JUR\u00cdDICOS LTDA ME E PGE-GO<\/td><td style=\"color: #000000; background-color: #FFFFFF;\">16.417.042\/0001-62 <\/td><td style=\"color: #000000; background-color: #FFFFFF;\">25\/08\/2020<\/td><td style=\"color: #000000; background-color: #FFFFFF;\">25\/08\/2025<\/td><td style=\"color: #000000; background-color: #FFFFFF;\">5 ANOS<\/td><\/tr><tr><td style=\"color: #000000; background-color: #FFFFFF;\">2020<\/td><td style=\"color: #000000; background-color: #FFFFFF;\">S\/ N\u00famero<\/td><td style=\"color: #000000; background-color: #FFFFFF;text-decoration: underline;\"><a href=\"https:\/\/goias.gov.br\/procuradoria\/wp-content\/uploads\/sites\/41\/2024\/07\/18.-CONVENIO___PGE_GO___PROMINAS_UNICA_ass.pdf\" target=\"_blank\">Conv\u00eanio<\/a><\/td><td style=\"color: #000000; background-color: #FFFFFF;\">202000003011139<\/td><td style=\"color: #000000; background-color: #FFFFFF;\">Concess\u00e3o de est\u00e1gios de P\u00f3s-Gradua\u00e7\u00e3o a estudantes regularmente matriculados e com frequ\u00eancia efetiva.<\/td><td style=\"color: #000000; background-color: #FFFFFF;\">Faculdade \u00danica Ltda.<\/td><td style=\"color: #000000; background-color: #FFFFFF;\">32.495.498\/0001-05<\/td><td style=\"color: #000000; background-color: #FFFFFF;\">25\/08\/2020<\/td><td style=\"color: #000000; background-color: #FFFFFF;\">25\/08\/2025<\/td><td style=\"color: #000000; background-color: #FFFFFF;\">5 ANOS<\/td><\/tr><tr><td style=\"color: #000000; background-color: #FFFFFF;\">2020<\/td><td style=\"color: #000000; background-color: #FFFFFF;\">S\/ N\u00famero<\/td><td style=\"color: #000000; background-color: #FFFFFF;text-decoration: underline;\"><a href=\"https:\/\/goias.gov.br\/procuradoria\/wp-content\/uploads\/sites\/41\/2024\/07\/19.-CONVENIO___PGE_GO___JURIS_ass.pdf\" target=\"_blank\">Conv\u00eanio<\/a><\/td><td style=\"color: #000000; background-color: #FFFFFF;\">202000003011139<\/td><td style=\"color: #000000; background-color: #FFFFFF;\">Concess\u00e3o de est\u00e1gios de P\u00f3s-Gradua\u00e7\u00e3o a estudantes regularmente matriculados e com frequ\u00eancia efetiva.<\/td><td style=\"color: #000000; background-color: #FFFFFF;\">Juris Ensino Superior Ltda.\/ Faculdade Fabras<\/td><td style=\"color: #000000; background-color: #FFFFFF;\">08.957.527\/0001-10\/36.274.985\/0001-90<\/td><td style=\"color: #000000; background-color: #FFFFFF;\">25\/08\/2020<\/td><td style=\"color: #000000; background-color: #FFFFFF;\">25\/08\/2025<\/td><td style=\"color: #000000; background-color: #FFFFFF;\">5 ANOS<\/td><\/tr><tr><td style=\"color: #000000; background-color: #FFFFFF;\">2020<\/td><td style=\"color: #000000; background-color: #FFFFFF;\"> 03\/2020<\/td><td style=\"color: #000000; background-color: #FFFFFF;text-decoration: underline;\"><a href=\"https:\/\/goias.gov.br\/procuradoria\/wp-content\/uploads\/sites\/41\/2024\/07\/Termo-de-Descentralizacao-Orcamentaria-FUNPROGE.pdf\" target=\"_blank\">Termo de Descentraliza\u00e7\u00e3o Or\u00e7ament\u00e1ria - FUNPROGE<\/a><\/td><td style=\"color: #000000; background-color: #FFFFFF;\">202000003004356<\/td><td style=\"color: #000000; background-color: #FFFFFF;\">Descentraliza\u00e7\u00e3o de parte dos cr\u00e9ditos or\u00e7ament\u00e1rios do FUNPROGE para viabilizar a execu\u00e7\u00e3o de Pesquisa e o Desenvolvimento (P&D) de dois algoritmos de Intelig\u00eancia Artificial \u2013 IA para: 1) reconhecimento de grupos econ\u00f4micos devedores do cr\u00e9dito p\u00fablico tribut\u00e1rio e n\u00e3o tribut\u00e1rio definitivamente constitu\u00eddo do Estado de Goi\u00e1s, com determina\u00e7\u00e3o das pessoas f\u00edsicas e jur\u00eddicas que os integram, acompanhado da pesquisa de patrim\u00f4nio e de endere\u00e7os atualizados dessas pessoas; 2) an\u00e1lise das notifica\u00e7\u00f5es que chegam diariamente ao NCD \u2013 N\u00facleo Central de Distribui\u00e7\u00e3o para reconhecimento dos seus padr\u00f5es e para o seu encaminhamento \u00e0s respectivas especializadas, apontando as que implicam em prazos perempt\u00f3rios com gera\u00e7\u00e3o de dash board para seu acompanhamento.<\/td><td style=\"color: #000000; background-color: #FFFFFF;\">Funda\u00e7\u00e3o de Amparo \u00e0 Pesquisa do Estado de Goi\u00e1s (FAPEG)<\/td><td style=\"color: #000000; background-color: #FFFFFF;\">08.156.102\/0001-02<\/td><td style=\"color: #000000; background-color: #FFFFFF;\">06\/11\/2020<\/td><td style=\"color: #000000; background-color: #FFFFFF;\">31\/12\/2022<\/td><td style=\"color: #000000; background-color: #FFFFFF;\">At\u00e9 31\/12\/2022<\/td><\/tr><tr><td style=\"color: #000000; background-color: #FFFFFF;\">2019<\/td><td style=\"color: #000000; background-color: #FFFFFF;\">8 \/2019<\/td><td style=\"color: #000000; background-color: #FFFFFF;text-decoration: underline;\"><a href=\"https:\/\/goias.gov.br\/procuradoria\/wp-content\/uploads\/sites\/41\/files\/Acessoinformacao\/2023\/AJUSTESANOS\/2019\/7.20190049.pdf\" target=\"_blank\">Acordo de Coopera\u00e7\u00e3o T\u00e9cnica Preliminar<\/a><\/td><td style=\"color: #000000; background-color: #FFFFFF;\">201900003010049<\/td><td style=\"color: #000000; background-color: #FFFFFF;\">Permiss\u00e3o tempor\u00e1ria de acesso ao c\u00f3digo-fonte e documenta\u00e7\u00e3o t\u00e9cnica respectiva do Sistema \u00danico de Procuradorias P\u00fablicas - SUPP a ser feita pela AGU \u00e0 ACORDANTE para que possa fazer a an\u00e1lise de viabilidade de utiliza\u00e7\u00e3o futura do sistema por meio de Acordo de Coopera\u00e7\u00e3o T\u00e9cnica<\/td><td style=\"color: #000000; background-color: #FFFFFF;\">Advocacia-Geral da Uni\u00e3o-AGU<\/td><td style=\"color: #000000; background-color: #FFFFFF;\">26.994.558\/003-95<\/td><td style=\"color: #000000; background-color: #FFFFFF;\">15\/10\/2019<\/td><td style=\"color: #000000; background-color: #FFFFFF;\">31\/12\/2023<\/td><td style=\"color: #000000; background-color: #FFFFFF;\">31\/12\/2023<\/td><\/tr><tr><td style=\"color: #000000; background-color: #FFFFFF;\">2019<\/td><td style=\"color: #000000; background-color: #FFFFFF;\">S\/n\u00ba<\/td><td style=\"color: #000000; background-color: #FFFFFF;text-decoration: underline;\"><a href=\"https:\/\/goias.gov.br\/procuradoria\/wp-content\/uploads\/sites\/41\/2024\/07\/1.-Termo-de-Cooperacao-UFG-1.pdf\" target=\"_blank\">Termo de Coopera\u00e7\u00e3o <\/a><\/td><td style=\"color: #000000; background-color: #FFFFFF;\">201800003014299<\/td><td style=\"color: #000000; background-color: #FFFFFF;\">Viabilizar a manuten\u00e7\u00e3o do Programa de P\u00f3s-Gradua\u00e7\u00e3o em Direito e Pol\u00edticas P\u00fablicas (PPGDP-UFG)<\/td><td style=\"color: #000000; background-color: #FFFFFF;\">Universidade Federal de Goi\u00e1s (UFG)<\/td><td style=\"color: #000000; background-color: #FFFFFF;\">01.567.601\/0001-43<\/td><td style=\"color: #000000; background-color: #FFFFFF;\">01\/01\/2019<\/td><td style=\"color: #000000; background-color: #FFFFFF;\">01\/01\/2023<\/td><td style=\"color: #000000; background-color: #FFFFFF;\">4 ANOS<\/td><\/tr><tr><td style=\"color: #000000; background-color: #FFFFFF;\">2019<\/td><td style=\"color: #000000; background-color: #FFFFFF;\">S\/ N\u00famero<\/td><td style=\"color: #000000; background-color: #FFFFFF;text-decoration: underline;\"><a href=\"https:\/\/goias.gov.br\/procuradoria\/wp-content\/uploads\/sites\/41\/files\/Acessoinformacao\/2023\/AJUSTESANOS\/2019\/5.20194374.pdf\" target=\"_blank\">Conv\u00eanio<\/a><\/td><td style=\"color: #000000; background-color: #FFFFFF;\">201900003004374<\/td><td style=\"color: #000000; background-color: #FFFFFF;\">INTERC\u00c2MBIO DE INFORMA\u00c7\u00d5ES DE INTERESSE REC\u00cdPROCO ENTRE CONVENENTES<\/td><td style=\"color: #000000; background-color: #FFFFFF;\">RECEITA FEDERAL DO BRASIL  - RFB<\/td><td style=\"color: #000000; background-color: #FFFFFF;\">00.394.460\/0058-87<\/td><td style=\"color: #000000; background-color: #FFFFFF;\">15\/08\/2019<\/td><td style=\"color: #000000; background-color: #FFFFFF;\">***<\/td><td style=\"color: #000000; background-color: #FFFFFF;\">INDETERMINADO<\/td><\/tr><tr><td style=\"color: #000000; background-color: #FFFFFF;\">2019<\/td><td style=\"color: #000000; background-color: #FFFFFF;\">S\/ N\u00famero<\/td><td style=\"color: #000000; background-color: #FFFFFF;text-decoration: underline;\"><a href=\"https:\/\/goias.gov.br\/procuradoria\/wp-content\/uploads\/sites\/41\/files\/Acessoinformacao\/2023\/AJUSTESANOS\/2019\/4.20196913.pdf\" target=\"_blank\">Conv\u00eanio<\/a><\/td><td style=\"color: #000000; background-color: #FFFFFF;\">201900003006913<\/td><td style=\"color: #000000; background-color: #FFFFFF;\">IMPLANTA\u00c7\u00c3O CEJUSC SA\u00daDE<\/td><td style=\"color: #000000; background-color: #FFFFFF;\">PART\u00cdCIPES: PGE\/SES\/TJGO<\/td><td style=\"color: #000000; background-color: #FFFFFF;\">TJGO: 02.292.266\/000180  SES: 02.259.964\/0001-57<\/td><td style=\"color: #000000; background-color: #FFFFFF;\">03\/09\/2019<\/td><td style=\"color: #000000; background-color: #FFFFFF;\">03\/09\/2024<\/td><td style=\"color: #000000; background-color: #FFFFFF;\">60 MESES<\/td><\/tr><tr><td style=\"color: #000000; background-color: #FFFFFF;\">2019<\/td><td style=\"color: #000000; background-color: #FFFFFF;\"> 1 \/2019<\/td><td style=\"color: #000000; background-color: #FFFFFF;text-decoration: underline;\"><a href=\"https:\/\/goias.gov.br\/procuradoria\/wp-content\/uploads\/sites\/41\/files\/Acessoinformacao\/2023\/AJUSTESANOS\/2019\/3.20195565.pdf\" target=\"_blank\">Termo de Coopera\u00e7\u00e3o<\/a><\/td><td style=\"color: #000000; background-color: #FFFFFF;\">201900003005565<\/td><td style=\"color: #000000; background-color: #FFFFFF;\">Disponibiliza\u00e7\u00e3o e utiliza\u00e7\u00e3o do Sistema de D\u00edvida Ativa N\u00e3o Tribut\u00e1ria  (SDANT), para o processamento e gest\u00e3o dos protestos das certid\u00f5es de d\u00edvida de multa emitidas pelo TCMGO (CDM) ou das certid\u00f5es de d\u00edvida ativa n\u00e3o tribut\u00e1ria delas decorrentes (CDANTs)<\/td><td style=\"color: #000000; background-color: #FFFFFF;\">TCMGO<\/td><td style=\"color: #000000; background-color: #FFFFFF;\">02.600.963\/0001-51<\/td><td style=\"color: #000000; background-color: #FFFFFF;\">08\/07\/2019<\/td><td style=\"color: #000000; background-color: #FFFFFF;\">08\/07\/2024<\/td><td style=\"color: #000000; background-color: #FFFFFF;\">60 MESES<\/td><\/tr><tr><td style=\"color: #000000; background-color: #FFFFFF;\">2019<\/td><td style=\"color: #000000; background-color: #FFFFFF;\"> 1 \/2019<\/td><td style=\"color: #000000; background-color: #FFFFFF;text-decoration: underline;\"><a href=\"https:\/\/goias.gov.br\/procuradoria\/wp-content\/uploads\/sites\/41\/files\/Acessoinformacao\/2023\/AJUSTESANOS\/2019\/2.201933501.pdf\" target=\"_blank\">Termo de Coopera\u00e7\u00e3o<\/a><\/td><td style=\"color: #000000; background-color: #FFFFFF;\">201900010033501<\/td><td style=\"color: #000000; background-color: #FFFFFF;\">IMPLANTA\u00c7\u00c3O CENTRO DE APOIO \u00c0 GER\u00caNCIA DE \u00c1REA DE SA\u00daDE DA PGE NA SECRETARIA DA SA\u00daDE<\/td><td style=\"color: #000000; background-color: #FFFFFF;\">SECRETARIA DE ESTADO DA SA\u00daDE<\/td><td style=\"color: #000000; background-color: #FFFFFF;\">02.529.964\/0001-57<\/td><td style=\"color: #000000; background-color: #FFFFFF;\">28\/10\/2019<\/td><td style=\"color: #000000; background-color: #FFFFFF;\">28\/10\/2024<\/td><td style=\"color: #000000; background-color: #FFFFFF;\">60 MESES<\/td><\/tr><tr><td style=\"color: #000000; background-color: #FFFFFF;\">2019<\/td><td style=\"color: #000000; background-color: #FFFFFF;\">2 \/2019<\/td><td style=\"color: #000000; background-color: #FFFFFF;text-decoration: underline;\"><a href=\"https:\/\/goias.gov.br\/procuradoria\/wp-content\/uploads\/sites\/41\/files\/Acessoinformacao\/2023\/AJUSTESANOS\/2019\/1.20184979.pdf\" target=\"_blank\">Termo de Coopera\u00e7\u00e3o<\/a><\/td><td style=\"color: #000000; background-color: #FFFFFF;\">201800003004979<\/td><td style=\"color: #000000; background-color: #FFFFFF;\">Viabilizar a utiliza\u00e7\u00e3o do Sistema de Of\u00edcio Eletr\u00f4nico.<\/td><td style=\"color: #000000; background-color: #FFFFFF;\">Associa\u00e7\u00e3o dos Registradores Imobili\u00e1rios do Estado de S\u00e3o Paulo - ARISP<\/td><td style=\"color: #000000; background-color: #FFFFFF;\">69.287.639\/0001-04<\/td><td style=\"color: #000000; background-color: #FFFFFF;\">09\/12\/2019<\/td><td style=\"color: #000000; background-color: #FFFFFF;\">09\/12\/2024<\/td><td style=\"color: #000000; background-color: #FFFFFF;\">60 MESES<\/td><\/tr><tr><td style=\"color: #000000; background-color: #FFFFFF;\">2018<\/td><td style=\"color: #000000; background-color: #FFFFFF;\">18\/2017\/2018<\/td><td style=\"color: #000000; background-color: #FFFFFF;text-decoration: underline;\"><a href=\"https:\/\/goias.gov.br\/procuradoria\/wp-content\/uploads\/sites\/41\/files\/Acessoinformacao\/2023\/AJUSTESANOS\/2018\/7.TerMedicos.pdf\" target=\"_blank\">Termo de Coopera\u00e7\u00e3o<\/a><\/td><td style=\"color: #000000; background-color: #FFFFFF;\">201600022095484<\/td><td style=\"color: #000000; background-color: #FFFFFF;\">Realiza\u00e7\u00e3o dos Exames M\u00e9dicos Peri\u00f3dicos dos servidores ativos lotados na PROCURADORIA GERAL DO ESTADO \u2013 PGE<\/td><td style=\"color: #000000; background-color: #FFFFFF;\">PGE-GO; IPASGO e SEGPLAN (SEAD)<\/td><td style=\"color: #000000; background-color: #FFFFFF;\">SEGPLAN: 02.476.034\/0001-82     IPASGO: 01.246.693\/0001-60<\/td><td style=\"color: #000000; background-color: #FFFFFF;\">18\/05\/2018<\/td><td style=\"color: #000000; background-color: #FFFFFF;\">18\/05\/2021<\/td><td style=\"color: #000000; background-color: #FFFFFF;\">36 Meses<\/td><\/tr><tr><td style=\"color: #000000; background-color: #FFFFFF;\">2018<\/td><td style=\"color: #000000; background-color: #FFFFFF;\">S\/ N\u00famero<\/td><td style=\"color: #000000; background-color: #FFFFFF;text-decoration: underline;\"><a href=\"https:\/\/goias.gov.br\/procuradoria\/wp-content\/uploads\/sites\/41\/files\/Acessoinformacao\/2023\/AJUSTESANOS\/2018\/6.2018627.pdf\" target=\"_blank\">Conv\u00eanio<\/a><\/td><td style=\"color: #000000; background-color: #FFFFFF;\">201800003000627<\/td><td style=\"color: #000000; background-color: #FFFFFF;\">Viabilizar a realiza\u00e7\u00e3o de est\u00e1gio curricular n\u00e3o obrigat\u00f3rio, na \u00e1rea de atua\u00e7\u00e3o em direito, aos estudantes regulamente matriculados e com frequ\u00eancia efetiva no curso de gradua\u00e7\u00e3o em Direito.<\/td><td style=\"color: #000000; background-color: #FFFFFF;\">PUC GO<\/td><td style=\"color: #000000; background-color: #FFFFFF;\">01.587.609\/0001-71<\/td><td style=\"color: #000000; background-color: #FFFFFF;\">16\/05\/2018<\/td><td style=\"color: #000000; background-color: #FFFFFF;\">16\/05\/2023<\/td><td style=\"color: #000000; background-color: #FFFFFF;\">60 MESES<\/td><\/tr><tr><td style=\"color: #000000; background-color: #FFFFFF;\">2018<\/td><td style=\"color: #000000; background-color: #FFFFFF;\">118 \/2018<\/td><td style=\"color: #000000; background-color: #FFFFFF;text-decoration: underline;\"><a href=\"https:\/\/goias.gov.br\/procuradoria\/wp-content\/uploads\/sites\/41\/files\/Acessoinformacao\/2023\/AJUSTESANOS\/2018\/5.2018647.pdf\" target=\"_blank\">Conv\u00eanio<\/a><\/td><td style=\"color: #000000; background-color: #FFFFFF;\">201800003000647<\/td><td style=\"color: #000000; background-color: #FFFFFF;\">Viabilizar a realiza\u00e7\u00e3o de est\u00e1gio curricular n\u00e3o obrigat\u00f3rio, na \u00e1rea de atua\u00e7\u00e3o em direito, aos estudantes regulamente matriculados e com frequ\u00eancia efetiva no curso de gradua\u00e7\u00e3o e p\u00f3s gradua\u00e7\u00e3o em Direito.<\/td><td style=\"color: #000000; background-color: #FFFFFF;\">UFG <\/td><td style=\"color: #000000; background-color: #FFFFFF;\">01.567.601\/0001-43<\/td><td style=\"color: #000000; background-color: #FFFFFF;\">09\/05\/2018<\/td><td style=\"color: #000000; background-color: #FFFFFF;\">09\/05\/2023<\/td><td style=\"color: #000000; background-color: #FFFFFF;\">60 MESES<\/td><\/tr><tr><td style=\"color: #000000; background-color: #FFFFFF;\">2018<\/td><td style=\"color: #000000; background-color: #FFFFFF;\"> 4 \/2018<\/td><td style=\"color: #000000; background-color: #FFFFFF;text-decoration: underline;\"><a href=\"https:\/\/goias.gov.br\/procuradoria\/wp-content\/uploads\/sites\/41\/files\/Acessoinformacao\/2023\/AJUSTESANOS\/2018\/4.Aco4-2018.pdf\" target=\"_blank\">Acordo de Coopera\u00e7\u00e3o T\u00e9cnica<\/a><\/td><td style=\"color: #000000; background-color: #FFFFFF;\">201800003009810<\/td><td style=\"color: #000000; background-color: #FFFFFF;\">Viabilizar o protesto de Certid\u00f5es de D\u00edvida Ativa (CDA's), referentes aos cr\u00e9ditos descritos na Lei Estadual n.\u00a020.233, de 23 de julho de 2018. <\/td><td style=\"color: #000000; background-color: #FFFFFF;\">Instituto de Estudos de Protesto de T\u00edtulos do Brasil -\u00a0Se\u00e7\u00e3o Goi\u00e1s <\/td><td style=\"color: #000000; background-color: #FFFFFF;\">05.864.824.0001-23<\/td><td style=\"color: #000000; background-color: #FFFFFF;\">01\/010\/2018<\/td><td style=\"color: #000000; background-color: #FFFFFF;\">01\/10\/2019<\/td><td style=\"color: #000000; background-color: #FFFFFF;\">12 MESES<\/td><\/tr><tr><td style=\"color: #000000; background-color: #FFFFFF;\">2018<\/td><td style=\"color: #000000; background-color: #FFFFFF;\"> 1 \/2018<\/td><td style=\"color: #000000; background-color: #FFFFFF;text-decoration: underline;\"><a href=\"https:\/\/goias.gov.br\/procuradoria\/wp-content\/uploads\/sites\/41\/2024\/07\/1.-Termo-de-Cooperacao-2018.pdf\" target=\"_blank\">Termo de Coopera\u00e7\u00e3o<\/a><\/td><td style=\"color: #000000; background-color: #FFFFFF;\">201800003009623<\/td><td style=\"color: #000000; background-color: #FFFFFF;\">Presta\u00e7\u00e3o de servi\u00e7os do servidor Junio de Castro Pacheco\u00a0(CPF: 999.771.501-25), ocupante do cargo de Assistente de Gest\u00e3o Administrativa  - 1\u00ba Termo Aditivo:  Presta\u00e7\u00e3o de servi\u00e7os do servidor Andr\u00e9 Vin\u00edcius de Oliveira Nascimento (CPF 893.606.991-87), ocupante do cargo de Analista de Gest\u00e3o Governamental\/Analista de Sistemas, em substitui\u00e7\u00e3o ao servidor Junio de Castro Pacheco (CPF 999.771.501-25)<\/td><td style=\"color: #000000; background-color: #FFFFFF;\">PGE-GO e a Ag\u00eancia Brasil Central-ABC<\/td><td style=\"color: #000000; background-color: #FFFFFF;\">03.520.902\/0001-47<\/td><td style=\"color: #000000; background-color: #FFFFFF;\">04\/09\/2018<\/td><td style=\"color: #000000; background-color: #FFFFFF;\">INDTERMINADO<\/td><td style=\"color: #000000; background-color: #FFFFFF;\">INDETERMINADO<\/td><\/tr><tr><td style=\"color: #000000; background-color: #FFFFFF;\">2018<\/td><td style=\"color: #000000; background-color: #FFFFFF;\">S\/ N\u00famero<\/td><td style=\"color: #000000; background-color: #FFFFFF;text-decoration: underline;\"><a href=\"https:\/\/goias.gov.br\/procuradoria\/wp-content\/uploads\/sites\/41\/files\/Acessoinformacao\/2023\/AJUSTESANOS\/2018\/1.20182275.pdf\" target=\"_blank\">Termo de Coopera\u00e7\u00e3o T\u00e9cnica<\/a><\/td><td style=\"color: #000000; background-color: #FFFFFF;\">201800003012275<\/td><td style=\"color: #000000; background-color: #FFFFFF;\">Parceria entre a ABC e a PGE, visando a coopera\u00e7\u00e3o m\u00fatua, de modo a dar ampla visibilidade \u00e0s a\u00e7\u00f5es da PGE em prol do povo goiano, por interm\u00e9dio do programa de televis\u00e3o intitulado \"PGE EM PAUTA\"<\/td><td style=\"color: #000000; background-color: #FFFFFF;\">Estado de Goi\u00e1s, por meio da PGE-GO, e a Ag\u00eancia Brasil Central-ABC<\/td><td style=\"color: #000000; background-color: #FFFFFF;\">03.520.902\/0001-47<\/td><td style=\"color: #000000; background-color: #FFFFFF;\">02\/10\/2018<\/td><td style=\"color: #000000; background-color: #FFFFFF;\">02\/10\/2020<\/td><td style=\"color: #000000; background-color: #FFFFFF;\">2 ANOS<\/td><\/tr><tr><td style=\"color: #000000; background-color: #FFFFFF;\">2017<\/td><td style=\"color: #000000; background-color: #FFFFFF;\">S\/ N\u00famero<\/td><td style=\"color: #000000; background-color: #FFFFFF;text-decoration: underline;\"><a href=\"https:\/\/goias.gov.br\/procuradoria\/wp-content\/uploads\/sites\/41\/2024\/07\/1.-Acordo-de-Cooperacao-Tecnica-PGE-TJGO.pdf\" target=\"_blank\">Acordo de Coopera\u00e7\u00e3o T\u00e9cnica<\/a><\/td><td style=\"color: #000000; background-color: #FFFFFF;\">202200003005942<\/td><td style=\"color: #000000; background-color: #FFFFFF;\">A\u00e7\u00e3o conjunta visando implementar o Malote Digital para envio e recebimento de documentos<\/td><td style=\"color: #000000; background-color: #FFFFFF;\">PGE-GO e TJ-GO<\/td><td style=\"color: #000000; background-color: #FFFFFF;\">0.292.266\/0001-80<\/td><td style=\"color: #000000; background-color: #FFFFFF;\">17\/08\/2027<\/td><td style=\"color: #000000; background-color: #FFFFFF;\">17\/08\/2027<\/td><td style=\"color: #000000; background-color: #FFFFFF;\">120 MESES<\/td><\/tr><tr><td style=\"color: #000000; background-color: #FFFFFF;\">2017<\/td><td style=\"color: #000000; background-color: #FFFFFF;\"> 1 \/2017<\/td><td style=\"color: #000000; background-color: #FFFFFF;text-decoration: underline;\"><a href=\"https:\/\/goias.gov.br\/procuradoria\/wp-content\/uploads\/sites\/41\/files\/Acessoinformacao\/2023\/AJUSTESANOS\/2017\/1.201626849.pdf\" target=\"_blank\">Termo de Coopera\u00e7\u00e3o T\u00e9cnica<\/a><\/td><td style=\"color: #000000; background-color: #FFFFFF;\">201600003026849<\/td><td style=\"color: #000000; background-color: #FFFFFF;\">Implementa\u00e7\u00e3o de Sistema de Informa\u00e7\u00e3o Geogr\u00e1fica (SIG) na PGE.<\/td><td style=\"color: #000000; background-color: #FFFFFF;\">PGE-GO; SEGPLAN e Instituto Mauro Borges de Estat\u00edsticas e Estudos Socioecon\u00f4micos-IMB<\/td><td style=\"color: #000000; background-color: #FFFFFF;\">SEGPLAN: 02.476.034\/0001-82       <\/td><td style=\"color: #000000; background-color: #FFFFFF;\">23\/03\/2017<\/td><td style=\"color: #000000; background-color: #FFFFFF;\">23\/03\/2019<\/td><td style=\"color: #000000; background-color: #FFFFFF;\">2 ANOS<\/td><\/tr><tr><td style=\"color: #000000; background-color: #FFFFFF;\">2016<\/td><td style=\"color: #000000; background-color: #FFFFFF;\">12 \/2016<\/td><td style=\"color: #000000; background-color: #FFFFFF;text-decoration: underline;\"><a href=\"https:\/\/goias.gov.br\/procuradoria\/wp-content\/uploads\/sites\/41\/files\/Acessoinformacao\/2023\/AJUSTESANOS\/2016\/4.TermoCoope201200024000876.pdf\" target=\"_blank\">Termo de Coopera\u00e7\u00e3o T\u00e9cnica<\/a><\/td><td style=\"color: #000000; background-color: #FFFFFF;\">201200024000876<\/td><td style=\"color: #000000; background-color: #FFFFFF;\">Fornecimento de informa\u00e7\u00f5es cadastrais atrav\u00e9s de sistema informatizado desenvolvido pela JUCEG, intitulado \"Sistema de Conv\u00eanios\", objetivando o envio, recebimento e presta\u00e7\u00e3o de esclarecimentos e informa\u00e7\u00f5es em ambiente web<\/td><td style=\"color: #000000; background-color: #FFFFFF;\">PGE-GO e Junta Comercial do Estado de Goi\u00e1s - JUCEG<\/td><td style=\"color: #000000; background-color: #FFFFFF;\">02.088.698\/0001-74<\/td><td style=\"color: #000000; background-color: #FFFFFF;\">19\/12\/2016<\/td><td style=\"color: #000000; background-color: #FFFFFF;\">19\/12\/2021<\/td><td style=\"color: #000000; background-color: #FFFFFF;\">60 MESES<\/td><\/tr><tr><td style=\"color: #000000; background-color: #FFFFFF;\">2016<\/td><td style=\"color: #000000; background-color: #FFFFFF;\">S\/ N\u00famero<\/td><td style=\"color: #000000; background-color: #FFFFFF;text-decoration: underline;\"><a href=\"https:\/\/goias.gov.br\/procuradoria\/wp-content\/uploads\/sites\/41\/files\/Acessoinformacao\/2023\/AJUSTESANOS\/2016\/3.TermodeCooperacao.pdf\" target=\"_blank\">Termo de Coopera\u00e7\u00e3o T\u00e9cnica<\/a><\/td><td style=\"color: #000000; background-color: #FFFFFF;\">S\/ N\u00famero<\/td><td style=\"color: #000000; background-color: #FFFFFF;\">Disciplinar os inter-relacionamentos entre as Procuradorias-Gerais.<\/td><td style=\"color: #000000; background-color: #FFFFFF;\">Os Estados, por seus Procuradores-Gerais<\/td><td style=\"color: #000000; background-color: #FFFFFF;\"><\/td><td style=\"color: #000000; background-color: #FFFFFF;\">01\/04\/2016<\/td><td style=\"color: #000000; background-color: #FFFFFF;\">01\/04\/2021<\/td><td style=\"color: #000000; background-color: #FFFFFF;\">5 ANOS<\/td><\/tr><tr><td style=\"color: #000000; background-color: #FFFFFF;\">2016<\/td><td style=\"color: #000000; background-color: #FFFFFF;\"> 2 \/2016<\/td><td style=\"color: #000000; background-color: #FFFFFF;text-decoration: underline;\"><a href=\"https:\/\/goias.gov.br\/procuradoria\/wp-content\/uploads\/sites\/41\/files\/Acessoinformacao\/2023\/AJUSTESANOS\/2016\/2.Convenio02-2016-TRT18.pdf\" target=\"_blank\">Conv\u00eanio<\/a><\/td><td style=\"color: #000000; background-color: #FFFFFF;\">201600003003134 (SEPNET)<\/td><td style=\"color: #000000; background-color: #FFFFFF;\">Regulamentar o acesso da PGE \u00e0s bases de dados do Tribunal, bem como aos autos judiciais findos ou em tr\u00e2mite, com vistas a subsidiar o combate \u00e0 sonega\u00e7\u00e3o fiscal e a recupera\u00e7\u00e3o do cr\u00e9dito tribut\u00e1rio estadual<\/td><td style=\"color: #000000; background-color: #FFFFFF;\">TRT - 18\u00aa Regi\u00e3o e o Estado de Goi\u00e1s, por interm\u00e9dio da PGE-GO<\/td><td style=\"color: #000000; background-color: #FFFFFF;\">02.395.868\/0001-63<\/td><td style=\"color: #000000; background-color: #FFFFFF;\">13\/06\/2016<\/td><td style=\"color: #000000; background-color: #FFFFFF;\">13\/06\/2021<\/td><td style=\"color: #000000; background-color: #FFFFFF;\">60 MESES<\/td><\/tr><tr><td style=\"color: #000000; background-color: #FFFFFF;\">2016<\/td><td style=\"color: #000000; background-color: #FFFFFF;\">1 \/2016<\/td><td style=\"color: #000000; background-color: #FFFFFF;text-decoration: underline;\"><a href=\"https:\/\/goias.gov.br\/procuradoria\/wp-content\/uploads\/sites\/41\/files\/Acessoinformacao\/2023\/AJUSTESANOS\/2016\/1.TermodeCooperacao.pdf\" target=\"_blank\">Termo de Coopera\u00e7\u00e3o T\u00e9cnica<\/a><\/td><td style=\"color: #000000; background-color: #FFFFFF;\">01\/2016<\/td><td style=\"color: #000000; background-color: #FFFFFF;\">Promo\u00e7\u00e3o de a\u00e7\u00f5es conjuntas visando ao incremento da arrecada\u00e7\u00e3o e a otimiza\u00e7\u00e3o da cobran\u00e7a judicial dos cr\u00e9ditos tribut\u00e1rios e n\u00e3o tribut\u00e1rios inscritos na d\u00edvida ativa, em aten\u00e7\u00e3o ao disposto no Decreto n\u00ba 7.825\/2013<\/td><td style=\"color: #000000; background-color: #FFFFFF;\"> SEFAZ-GO<\/td><td style=\"color: #000000; background-color: #FFFFFF;\">01.409.655\/0001-80<\/td><td style=\"color: #000000; background-color: #FFFFFF;\">S\/ DATA<\/td><td style=\"color: #000000; background-color: #FFFFFF;\">S\/DATA<\/td><td style=\"color: #000000; background-color: #FFFFFF;\">24 MESES<\/td><\/tr><tr><td style=\"color: #000000; background-color: #FFFFFF;\">2015<\/td><td style=\"color: #000000; background-color: #FFFFFF;\">1 \/2015<\/td><td style=\"color: #000000; background-color: #FFFFFF;text-decoration: underline;\"><a href=\"https:\/\/goias.gov.br\/procuradoria\/wp-content\/uploads\/sites\/41\/files\/Acessoinformacao\/2023\/AJUSTESANOS\/2015\/1.TermoCooperacao.pdf\" target=\"_blank\">Termo de Coopera\u00e7\u00e3o T\u00e9cnica<\/a><\/td><td style=\"color: #000000; background-color: #FFFFFF;\">201300003009813 (SEPNET) ANEXO<\/td><td style=\"color: #000000; background-color: #FFFFFF;\">Promover a integra\u00e7\u00e3o do MP\/GO ao Grupo de Prote\u00e7\u00e3o \u00e0 Ordem Tribut\u00e1ria - GPROT, institu\u00eddo pelo Decreto n\u00ba 7.825\/2013, com o prop\u00f3sito de implementar, de forma conjunta e integrada com as Secretaria de Estado da Fazenda, de Gest\u00e3o e Planejamento e da Secretaria de Seguran\u00e7a P\u00fablica e Administra\u00e7\u00e3o Penitenci\u00e1ria e a Procuradoria-Geral do Estado, a\u00e7\u00f5es no \u00e2mbito do Estado de Goi\u00e1s visando o combate \u00e0 sonega\u00e7\u00e3o fiscal e os demais crimes contra a ordem tribut\u00e1ria<\/td><td style=\"color: #000000; background-color: #FFFFFF;\">Estado de Goi\u00e1s e MP-GO PGE-GO (part\u00edcipe) SEFAZ, SEGPLAN, SSP (intervenientes)<\/td><td style=\"color: #000000; background-color: #FFFFFF;\">MP: 01.409.598\/0001-30      SEFAZ: 01.409.655\/0001-80      SEGPLAN: 02.476.034\/0001-82     SSP: 01.409.606\/0001-48<\/td><td style=\"color: #000000; background-color: #FFFFFF;\">21\/07\/2015<\/td><td style=\"color: #000000; background-color: #FFFFFF;\">21\/07\/2020<\/td><td style=\"color: #000000; background-color: #FFFFFF;\">60 MESES<\/td><\/tr><\/tbody><\/table><div class=\"wp-block-file\"><a href=\"https:\/\/goias.gov.br\/procuradoria\/wp-content\/uploads\/sites\/41\/2026\/04\/Acordos-sem-transferencia-de-recursos-22-04-2026-1.xlsx\">Acordos-sem-transferencia-de-recursos-22-04-2026-1.xlsx&nbsp; <span class=\"wp-block-file__button wp-element-button\">Baixar<\/span><\/a><\/div>\n","protected":false},"excerpt":{"rendered":"","protected":false},"author":794,"featured_media":0,"comment_status":"closed","ping_status":"open","sticky":false,"template":"","format":"standard","meta":{"footnotes":""},"categories":[7],"tags":[],"class_list":["post-8038","post","type-post","status-publish","format-standard","hentry","category-orientacoes-da-pge"],"rttpg_featured_image_url":null,"rttpg_author":{"display_name":"giovannagomes","author_link":"https:\/\/goias.gov.br\/procuradoria\/author\/giovannagomes\/"},"rttpg_comment":0,"rttpg_category":"<a href=\"https:\/\/goias.gov.br\/procuradoria\/categoria\/orientacoes-da-pge\/\" rel=\"category tag\">Orienta\u00e7\u00f5es da PGE<\/a>","rttpg_excerpt":null,"_links":{"self":[{"href":"https:\/\/goias.gov.br\/procuradoria\/wp-json\/wp\/v2\/posts\/8038","targetHints":{"allow":["GET"]}}],"collection":[{"href":"https:\/\/goias.gov.br\/procuradoria\/wp-json\/wp\/v2\/posts"}],"about":[{"href":"https:\/\/goias.gov.br\/procuradoria\/wp-json\/wp\/v2\/types\/post"}],"author":[{"embeddable":true,"href":"https:\/\/goias.gov.br\/procuradoria\/wp-json\/wp\/v2\/users\/794"}],"replies":[{"embeddable":true,"href":"https:\/\/goias.gov.br\/procuradoria\/wp-json\/wp\/v2\/comments?post=8038"}],"version-history":[{"count":2,"href":"https:\/\/goias.gov.br\/procuradoria\/wp-json\/wp\/v2\/posts\/8038\/revisions"}],"predecessor-version":[{"id":156834,"href":"https:\/\/goias.gov.br\/procuradoria\/wp-json\/wp\/v2\/posts\/8038\/revisions\/156834"}],"wp:attachment":[{"href":"https:\/\/goias.gov.br\/procuradoria\/wp-json\/wp\/v2\/media?parent=8038"}],"wp:term":[{"taxonomy":"category","embeddable":true,"href":"https:\/\/goias.gov.br\/procuradoria\/wp-json\/wp\/v2\/categories?post=8038"},{"taxonomy":"post_tag","embeddable":true,"href":"https:\/\/goias.gov.br\/procuradoria\/wp-json\/wp\/v2\/tags?post=8038"}],"curies":[{"name":"wp","href":"https:\/\/api.w.org\/{rel}","templated":true}]}}