

{"id":5871,"date":"2012-10-19T07:10:09","date_gmt":"2012-10-19T10:10:09","guid":{"rendered":"https:\/\/siteshom.goias.gov.br\/procuradoria\/decretos\/"},"modified":"2026-03-03T15:18:41","modified_gmt":"2026-03-03T18:18:41","slug":"decretos-legislacao","status":"publish","type":"post","link":"https:\/\/goias.gov.br\/procuradoria\/decretos-legislacao\/","title":{"rendered":"Decretos"},"content":{"rendered":"<p>S\u00e3o atos de compet\u00eancia exclusiva do governador do Estado para facilitar a execu\u00e7\u00e3o das leis estaduais.<\/p>\n<p><!--more--><\/p>\n\n\n<div class=\"wp-block-buttons is-content-justification-left is-layout-flex wp-container-core-buttons-is-layout-fdcfc74e wp-block-buttons-is-layout-flex\">\n<div class=\"wp-block-button\"><a class=\"wp-block-button__link wp-element-button\" href=\"https:\/\/goias.gov.br\/procuradoria\/wp-content\/uploads\/sites\/41\/2025\/06\/Decretos-25-6-2025.xlsx\">Exportar dados<\/a><\/div>\n<\/div>\n\n\n\n<table class=\"planilhaview display\" style=\"width:100%\"><thead><tr><th>Decretos <\/th><th>M\u00caS<\/th><th>ANO<\/th><th>ASSUNTO<\/th><\/tr><tr><th><input type=\"text\" placeholder=\"Filtrar Decretos \"><\/th><th><input type=\"text\" placeholder=\"Filtrar M\u00caS\"><\/th><th><input type=\"text\" placeholder=\"Filtrar ANO\"><\/th><th><input type=\"text\" placeholder=\"Filtrar ASSUNTO\"><\/th><\/tr><\/thead><tbody><tr><td style=\"color: #0563C1; background-color: #FFFFFF;text-decoration: underline;\"><a href=\"https:\/\/legisla.casacivil.go.gov.br\/pesquisa_legislacao\/110710\/decreto-10695\" target=\"_blank\">Decreto n\u00ba 10.695<\/a><\/td><td style=\"color: #000000; background-color: #FFFFFF;\">MAI<\/td><td style=\"color: #000000; background-color: #FFFFFF;\">2025<\/td><td style=\"color: #000000; background-color: #FFFFFF;\">Altera o Decreto n\u00ba 10.218, de 16 de fevereiro de 2023, que regulamenta a Lei n\u00ba 21.792, de 16 de fevereiro de 2023, que estabelece a organiza\u00e7\u00e3o administrativa b\u00e1sica do Poder Executivo<\/td><\/tr><tr><td style=\"color: #0563C1; background-color: #FFFFFF;text-decoration: underline;\"><a href=\"https:\/\/legisla.casacivil.go.gov.br\/pesquisa_legislacao\/109067\/decreto-10489\" target=\"_blank\">Decreto n\u00ba 10.489<\/a><\/td><td style=\"color: #000000; background-color: #FFFFFF;\">JUL<\/td><td style=\"color: #000000; background-color: #FFFFFF;\">2024<\/td><td style=\"color: #000000; background-color: #FFFFFF;\">Aprova o Regulamento da Procuradoria-Geral do Estado \u2013 PGE.<\/td><\/tr><tr><td style=\"color: #0563C1; background-color: #FFFFFF;text-decoration: underline;\"><a href=\"https:\/\/legisla.casacivil.go.gov.br\/pesquisa_legislacao\/107853\/decreto-10328\" target=\"_blank\">Decreto n\u00ba 10.328<\/a><\/td><td style=\"color: #000000; background-color: #FFFFFF;\">OUT<\/td><td style=\"color: #000000; background-color: #FFFFFF;\">2023<\/td><td style=\"color: #000000; background-color: #FFFFFF;\">Altera o Decreto n\u00ba 10.218, de 16 de fevereiro de 2023, que regulamenta a Lei n\u00ba 21.792, de 16 de fevereiro de 2023, que estabelece a organiza\u00e7\u00e3o administrativa b\u00e1sica do Poder Executivo e d\u00e1 outras provid\u00eancias.<\/td><\/tr><tr><td style=\"color: #0563C1; background-color: #FFFFFF;text-decoration: underline;\"><a href=\"https:\/\/legisla.casacivil.go.gov.br\/pesquisa_legislacao\/106750\/decreto-10218\" target=\"_blank\">Decreto n\u00ba 10.218<\/a><\/td><td style=\"color: #000000; background-color: #FFFFFF;\">FEV<\/td><td style=\"color: #000000; background-color: #FFFFFF;\">2023<\/td><td style=\"color: #000000; background-color: #FFFFFF;\">Regulamenta a Lei n\u00ba 21.792, de 16 de fevereiro de 2023, que estabelece a organiza\u00e7\u00e3o administrativa b\u00e1sica do Poder Executivo e d\u00e1 outras provid\u00eancias.<\/td><\/tr><tr><td style=\"color: #0563C1; background-color: #FFFFFF;text-decoration: underline;\"><a href=\"https:\/\/legisla.casacivil.go.gov.br\/pesquisa_legislacao\/106766\/decreto-10224\" target=\"_blank\">Decreto n\u00ba 10.224<\/a><\/td><td style=\"color: #000000; background-color: #FFFFFF;\">FEV<\/td><td style=\"color: #000000; background-color: #FFFFFF;\">2023<\/td><td style=\"color: #000000; background-color: #FFFFFF;\">Altera o Decreto n\u00ba 10.218, de 16 de fevereiro de 2023, que regulamenta a Lei n\u00ba 21.792, de 16 de fevereiro de 2023, que estabelece a organiza\u00e7\u00e3o administrativa b\u00e1sica do Poder Executivo e d\u00e1 outras provid\u00eancias.<\/td><\/tr><tr><td style=\"color: #0563C1; background-color: #FFFFFF;text-decoration: underline;\"><a href=\"https:\/\/legisla.casacivil.go.gov.br\/pesquisa_legislacao\/105082\/decreto-10042\" target=\"_blank\">Decreto n\u00ba 10.042<\/a><\/td><td style=\"color: #000000; background-color: #FFFFFF;\">FEV<\/td><td style=\"color: #000000; background-color: #FFFFFF;\">2022<\/td><td style=\"color: #0563C1; background-color: #FFFFFF;text-decoration: underline;\"><a href=\"https:\/\/legisla.casacivil.go.gov.br\/pesquisa_legislacao\/72441\/decreto-9526\" target=\"_blank\">Altera o Regulamento da Procuradoria-Geral do Estado, aprovado pelo\u00a0Decreto n\u00ba 9.526, de 4 de outubro de 2019.<\/a><\/td><\/tr><tr><td style=\"color: #0563C1; background-color: #FFFFFF;text-decoration: underline;\"><a href=\"https:\/\/legisla.casacivil.go.gov.br\/pesquisa_legislacao\/103717\/decreto-9802\" target=\"_blank\">Decreto n\u00ba 9.802<\/a><\/td><td style=\"color: #000000; background-color: #FFFFFF;\">JAN<\/td><td style=\"color: #000000; background-color: #FFFFFF;\">2021<\/td><td style=\"color: #000000; background-color: #FFFFFF;\">Disp\u00f5e sobre a regulamenta\u00e7\u00e3o dos procedimentos que envolvem a execu\u00e7\u00e3o, a estrutura\u00e7\u00e3o, a organiza\u00e7\u00e3o, a padroniza\u00e7\u00e3o e a gest\u00e3o da folha de pagamento na administra\u00e7\u00e3o direta, aut\u00e1rquica e fundacional do Poder Executivo do Estado de Goi\u00e1s.<\/td><\/tr><tr><td style=\"color: #0563C1; background-color: #FFFFFF;text-decoration: underline;\"><a href=\"https:\/\/legisla.casacivil.go.gov.br\/pesquisa_legislacao\/106752\/decreto-10219\" target=\"_blank\">Decreto n\u00ba 10.219<\/a><\/td><td style=\"color: #000000; background-color: #FFFFFF;\">FEV<\/td><td style=\"color: #000000; background-color: #FFFFFF;\">2023<\/td><td style=\"color: #000000; background-color: #FFFFFF;\">Disp\u00f5e sobre a correspond\u00eancia da composi\u00e7\u00e3o das estruturas b\u00e1sica e complementar dos \u00f3rg\u00e3os e das entidades da administra\u00e7\u00e3o direta, aut\u00e1rquica e fundacional do Poder Executivo, de que trata o art. 120, da Lei estadual n\u00ba 21.792, de 16 de fevereiro de 2023, e sobre a desnecessidade de novo provimento para os cargos em comiss\u00e3o nos casos que especifica.<\/td><\/tr><tr><td style=\"color: #0563C1; background-color: #FFFFFF;text-decoration: underline;\"><a href=\"https:\/\/legisla.casacivil.go.gov.br\/pesquisa_legislacao\/106768\/decreto-10225\" target=\"_blank\">Decreto n\u00ba 10.225<\/a><\/td><td style=\"color: #000000; background-color: #FFFFFF;\">FEV<\/td><td style=\"color: #000000; background-color: #FFFFFF;\">2023<\/td><td style=\"color: #000000; background-color: #FFFFFF;\">Altera o Decreto n\u00ba 10.219, de 16 de fevereiro de 2023, que disp\u00f5e sobre a correspond\u00eancia da composi\u00e7\u00e3o das estruturas b\u00e1sica e complementar dos \u00f3rg\u00e3os e das entidades da administra\u00e7\u00e3o direta, aut\u00e1rquica e fundacional do Poder Executivo, de que trata o art. 120 da Lei estadual n\u00ba 21.792, de 16 de fevereiro de 2023, e sobre a desnecessidade de novo provimento para os cargos em comiss\u00e3o nos casos que especifica.<\/td><\/tr><tr><td style=\"color: #0563C1; background-color: #FFFFFF;text-decoration: underline;\"><a href=\"https:\/\/legisla.casacivil.go.gov.br\/pesquisa_legislacao\/103883\/decreto-9817\" target=\"_blank\">Decreto n\u00ba 9.817<\/a><\/td><td style=\"color: #000000; background-color: #FFFFFF;\">FEV<\/td><td style=\"color: #000000; background-color: #FFFFFF;\">2021<\/td><td style=\"color: #000000; background-color: #FFFFFF;\">Altera o Decreto n\u00ba 9.566, de 25 de novembro de 2019, que regulamenta a gest\u00e3o das Fun\u00e7\u00f5es Comissionadas no \u00e2mbito do Poder Executivo estadual.<\/td><\/tr><tr><td style=\"color: #0563C1; background-color: #FFFFFF;text-decoration: underline;\"><a href=\"https:\/\/legisla.casacivil.go.gov.br\/pesquisa_legislacao\/103713\/decreto-9794\" target=\"_blank\">Decreto n\u00ba 9.794<\/a><\/td><td style=\"color: #000000; background-color: #FFFFFF;\">JAN<\/td><td style=\"color: #000000; background-color: #FFFFFF;\">2021<\/td><td style=\"color: #000000; background-color: #FFFFFF;\">Altera o Decreto n\u00ba 9.406, de 18 de fevereiro de 2019, que institui o Programa de Compliance P\u00fablico noPoder Executivo do Estado de Goi\u00e1s.<\/td><\/tr><tr><td style=\"color: #0563C1; background-color: #FFFFFF;text-decoration: underline;\"><a href=\"https:\/\/legisla.casacivil.go.gov.br\/pesquisa_legislacao\/103685\/decreto-9777\" target=\"_blank\">Decreto n\u00ba 9.777<\/a><\/td><td style=\"color: #000000; background-color: #FFFFFF;\">JAN<\/td><td style=\"color: #000000; background-color: #FFFFFF;\">2021<\/td><td style=\"color: #000000; background-color: #FFFFFF;\">\u00a0Institui o Manual de Reda\u00e7\u00e3o do Governo do Estado de Goi\u00e1s.<\/td><\/tr><tr><td style=\"color: #0563C1; background-color: #FFFFFF;text-decoration: underline;\"><a href=\"https:\/\/legisla.casacivil.go.gov.br\/pesquisa_legislacao\/103178\" target=\"_blank\">Decreto 9.668<\/a><\/td><td style=\"color: #000000; background-color: #FFFFFF;\">MAI<\/td><td style=\"color: #000000; background-color: #FFFFFF;\">2020<\/td><td style=\"color: #000000; background-color: #FFFFFF;\">Institui o Portal Goi\u00e1s Digital, determina aos \u00f3rg\u00e3os da Administra\u00e7\u00e3o P\u00fablica estadual a atualiza\u00e7\u00e3o urgente das suas Cartas de Servi\u00e7os, no contexto da pandemia do novo coronav\u00edrus (COVID-19) e d\u00e1 outras provid\u00eancias.<\/td><\/tr><tr><td style=\"color: #0563C1; background-color: #FFFFFF;text-decoration: underline;\"><a href=\"https:\/\/legisla.casacivil.go.gov.br\/api\/v2\/pesquisa\/legislacoes\/72543\/pdf\" target=\"_blank\">Decreto 9.628<\/a><\/td><td style=\"color: #000000; background-color: #FFFFFF;\">MAR<\/td><td style=\"color: #000000; background-color: #FFFFFF;\">2020<\/td><td style=\"color: #000000; background-color: #FFFFFF;\">Disp\u00f5e sobre o procedimento para loca\u00e7\u00e3o de im\u00f3vel pelos \u00f3rg\u00e3os da administra\u00e7\u00e3o p\u00fablica direta e pelas entidades aut\u00e1rquicas e fundacionais do Poder Executivo do Estado de Goi\u00e1s.<\/td><\/tr><tr><td style=\"color: #0563C1; background-color: #FFFFFF;text-decoration: underline;\"><a href=\"https:\/\/goias.gov.br\/administracao\/wp-content\/uploads\/sites\/27\/files\/Decreto9574.pdf\" target=\"_blank\">Decreto 9.574<\/a><\/td><td style=\"color: #000000; background-color: #FFFFFF;\">DEZ<\/td><td style=\"color: #000000; background-color: #FFFFFF;\">2019<\/td><td style=\"color: #000000; background-color: #FFFFFF;\">Disp\u00f5e sobre a Carta de Servi\u00e7os ao Cidad\u00e3o e d\u00e1 outras provid\u00eancias.<\/td><\/tr><tr><td style=\"color: #0563C1; background-color: #FFFFFF;text-decoration: underline;\"><a href=\"http:\/\/www.administracao.go.gov.br\/files\/Decreto9566.pdf\" target=\"_blank\">Decreto 9.564<\/a><\/td><td style=\"color: #000000; background-color: #FFFFFF;\">NOV<\/td><td style=\"color: #000000; background-color: #FFFFFF;\">2019<\/td><td style=\"color: #000000; background-color: #FFFFFF;\">Regulamenta a gest\u00e3o das Fun\u00e7\u00f5es Comissionadas no \u00e2mbito do Poder Executivo estadual.<\/td><\/tr><tr><td style=\"color: #0563C1; background-color: #FFFFFF;text-decoration: underline;\"><a href=\"https:\/\/legisla.casacivil.go.gov.br\/api\/v2\/pesquisa\/legislacoes\/72441\/pdf#:~:text=DECRETO%20N%C2%BA%209.526%2C%20DE%2004,termos%20do%20disposto%20no%20art.\" target=\"_blank\">Decreto 9.526<\/a><\/td><td style=\"color: #000000; background-color: #FFFFFF;\">OUT<\/td><td style=\"color: #000000; background-color: #FFFFFF;\">2019<\/td><td style=\"color: #0563C1; background-color: #FFFFFF;text-decoration: underline;\"><a href=\"https:\/\/legisla.casacivil.go.gov.br\/api\/v2\/pesquisa\/legislacoes\/100701\/pdf\" target=\"_blank\">Regulamento da Procuradoria Geral do Estado de Goi\u00e1s,\u00a0disposto no art. 57 da Lei 20.491, de 25 de junho de 2019<\/a><\/td><\/tr><tr><td style=\"color: #0563C1; background-color: #FFFFFF;text-decoration: underline;\"><a href=\"https:\/\/legisla.casacivil.go.gov.br\/pesquisa_legislacao\/72004\/decreto-9434#:~:text=Decreto%20Numerado%20n%C2%B0%209.434%20%2F%202019&text=Estabelece%20diretrizes%20para%20a%20elabora%C3%A7%C3%A3o,suas%20atribui%C3%A7%C3%B5es%20constitucionais%20e%20legais%2C&text=O%20PPA%202020%2D2023%20ter%C3%A1%20car%C3%A1ter%20estrat%C3%A9gico%20e%20foco%20em%20resultados.\" target=\"_blank\">Decreto 9.434<\/a><\/td><td style=\"color: #000000; background-color: #FFFFFF;\">ABR<\/td><td style=\"color: #000000; background-color: #FFFFFF;\">2019<\/td><td style=\"color: #000000; background-color: #FFFFFF;\">Estabelece diretrizes para a elabora\u00e7\u00e3o do Plano Plurianual 2020-2023 e cria grupo de trabalho que especifica.<\/td><\/tr><tr><td style=\"color: #0563C1; background-color: #FFFFFF;text-decoration: underline;\"><a href=\"https:\/\/legisla.casacivil.go.gov.br\/api\/v2\/pesquisa\/legislacoes\/71614\/pdf\" target=\"_blank\">Decreto 9.412<\/a><\/td><td style=\"color: #000000; background-color: #FFFFFF;\">MAR<\/td><td style=\"color: #000000; background-color: #FFFFFF;\">2019<\/td><td style=\"color: #000000; background-color: #FFFFFF;\">Cria os Grupos de Trabalho para os fins que especifica \u00a0(Art. 1\u00ba Fica institu\u00eddo Grupo de Trabalho para, no \u00e2mbito do Poder Executivo, realizar os estudos necess\u00e1rios \u00e0s medidas de conten\u00e7\u00e3o de gastos com pessoal do Estado de Goi\u00e1s).<\/td><\/tr><tr><td style=\"color: #0563C1; background-color: #FFFFFF;text-decoration: underline;\"><a href=\"https:\/\/legisla.casacivil.go.gov.br\/pesquisa_legislacao\/71609\/decreto-9407\" target=\"_blank\">Decreto 9.407<\/a><\/td><td style=\"color: #000000; background-color: #FFFFFF;\">FEV<\/td><td style=\"color: #000000; background-color: #FFFFFF;\">2019<\/td><td style=\"color: #000000; background-color: #FFFFFF;\">Altera o Decreto n\u00ba 9.376, de 2 de janeiro de 2019.<\/td><\/tr><tr><td style=\"color: #0563C1; background-color: #FFFFFF;text-decoration: underline;\"><a href=\"https:\/\/legisla.casacivil.go.gov.br\/api\/v2\/pesquisa\/legislacoes\/71608\/pdf#:~:text=Institui%20o%20Programa%20de%20Compliance,atribui%C3%A7%C3%B5es%2C%20com%20fundamento%20no%20art.\" target=\"_blank\">Decreto\u00a09.406<\/a><\/td><td style=\"color: #000000; background-color: #FFFFFF;\">FEV<\/td><td style=\"color: #000000; background-color: #FFFFFF;\">2019<\/td><td style=\"color: #000000; background-color: #FFFFFF;\">Institui o Programa de Compliance P\u00fablico no Poder Executivo do Estado de Goi\u00e1s e d\u00e1 outras provid\u00eancias.<\/td><\/tr><tr><td style=\"color: #0563C1; background-color: #FFFFFF;text-decoration: underline;\"><a href=\"https:\/\/legisla.casacivil.go.gov.br\/api\/v2\/pesquisa\/legislacoes\/71604\/pdf\" target=\"_blank\">Decreto 9.402<\/a><\/td><td style=\"color: #000000; background-color: #FFFFFF;\">FEV<\/td><td style=\"color: #000000; background-color: #FFFFFF;\">2019<\/td><td style=\"color: #000000; background-color: #FFFFFF;\">Disp\u00f5e sobre as regras de governan\u00e7a e o tratamento diferenciado para as empresas estatais de menor porte, nos termos da Lei federal n\u00ba 13.303, de 30 de junho de 2016.<\/td><\/tr><tr><td style=\"color: #0563C1; background-color: #FFFFFF;text-decoration: underline;\"><a href=\"https:\/\/legisla.casacivil.go.gov.br\/api\/v2\/pesquisa\/legislacoes\/71603\/pdf\" target=\"_blank\">Decreto 9.401<\/a><\/td><td style=\"color: #000000; background-color: #FFFFFF;\">FEV<\/td><td style=\"color: #000000; background-color: #FFFFFF;\">2019<\/td><td style=\"color: #000000; background-color: #FFFFFF;\">Disp\u00f5e sobre a desnecessidade de novo provimento para os cargos em\u00a0comiss\u00e3o\u00a0nos casos que especifica.<\/td><\/tr><tr><td style=\"color: #0563C1; background-color: #FFFFFF;text-decoration: underline;\"><a href=\"https:\/\/legisla.casacivil.go.gov.br\/pesquisa_legislacao\/71597\/decreto-9400\" target=\"_blank\">Decreto 9.400<\/a><\/td><td style=\"color: #000000; background-color: #FFFFFF;\">FEV<\/td><td style=\"color: #000000; background-color: #FFFFFF;\">2019<\/td><td style=\"color: #000000; background-color: #FFFFFF;\">Acresce dispositivo ao Decreto n\u00ba 9.376, de 02 de janeiro de 2019, que estabelece medidas de conten\u00e7\u00e3o de gastos com pessoal e outras despesas correntes, no \u00e2mbito da administra\u00e7\u00e3o direta, aut\u00e1rquica e fundacional do Poder Executivo e empresas estatais dependentes.<\/td><\/tr><tr><td style=\"color: #0563C1; background-color: #FFFFFF;text-decoration: underline;\"><a href=\"https:\/\/legisla.casacivil.go.gov.br\/api\/v2\/pesquisa\/legislacoes\/71596\/pdf\" target=\"_blank\">Decreto\u00a09.399<\/a><\/td><td style=\"color: #000000; background-color: #FFFFFF;\">FEV<\/td><td style=\"color: #000000; background-color: #FFFFFF;\">2019<\/td><td style=\"color: #000000; background-color: #FFFFFF;\">Disp\u00f5e sobre a fiscaliza\u00e7\u00e3o a ser realizada em contratos, termos de colabora\u00e7\u00e3o ou fomento, acordos de coopera\u00e7\u00e3o, termos de parceria, contratos de repasse, contratos de gest\u00e3o, conv\u00eanios e quaisquer outros ajustes similares.<\/td><\/tr><tr><td style=\"color: #0563C1; background-color: #FFFFFF;text-decoration: underline;\"><a href=\"https:\/\/goias.gov.br\/administracao\/wp-content\/uploads\/sites\/27\/files\/decretocalamidade-publica.pdf\" target=\"_blank\">Decreto Legislativo n\u00ba 483<\/a><\/td><td style=\"color: #000000; background-color: #FFFFFF;\">JAN<\/td><td style=\"color: #000000; background-color: #FFFFFF;\">2019<\/td><td style=\"color: #000000; background-color: #FFFFFF;\">Reconhece o estado de calamidade p\u00fablica de ordem financeira no Estado de Goi\u00e1s, nos termos do Decreto n\u00ba 9.392, de 21 de janeiro de 2019.<\/td><\/tr><tr><td style=\"color: #0563C1; background-color: #FFFFFF;text-decoration: underline;\"><a href=\"https:\/\/legisla.casacivil.go.gov.br\/api\/v2\/pesquisa\/legislacoes\/71590\/pdf\" target=\"_blank\">Decreto 9.392<\/a><\/td><td style=\"color: #000000; background-color: #FFFFFF;\">JAN<\/td><td style=\"color: #000000; background-color: #FFFFFF;\">2019<\/td><td style=\"color: #000000; background-color: #FFFFFF;\">Disp\u00f5e sobre a decreta\u00e7\u00e3o de situa\u00e7\u00e3o de calamidade financeira no Estado de Goi\u00e1s.<\/td><\/tr><tr><td style=\"color: #0563C1; background-color: #FFFFFF;text-decoration: underline;\"><a href=\"https:\/\/legisla.casacivil.go.gov.br\/pesquisa_legislacao\/71587\/decreto-9389\" target=\"_blank\">Decreto 9.389<\/a><\/td><td style=\"color: #000000; background-color: #FFFFFF;\">JAN<\/td><td style=\"color: #000000; background-color: #FFFFFF;\">2019<\/td><td style=\"color: #000000; background-color: #FFFFFF;\">Cria o Grupo de Trabalho para o fim que especifica. Fica institu\u00eddo Grupo de Trabalho para, no \u00e2mbito do Poder Executivo, realizar os estudos necess\u00e1rios \u00e0 realiza\u00e7\u00e3o da reforma administrativa do Estado de Goi\u00e1s.<\/td><\/tr><tr><td style=\"color: #0563C1; background-color: #FFFFFF;text-decoration: underline;\"><a href=\"https:\/\/legisla.casacivil.go.gov.br\/api\/v2\/pesquisa\/legislacoes\/71582\/pdf\" target=\"_blank\">Decreto 9.384<\/a><\/td><td style=\"color: #000000; background-color: #FFFFFF;\">JAN<\/td><td style=\"color: #000000; background-color: #FFFFFF;\">2019<\/td><td style=\"color: #000000; background-color: #FFFFFF;\">\u00a0Introduz altera\u00e7\u00f5es no Decreto n\u00ba 9.376, de 02 de janeiro de 2019, que estabelece medidas de conten\u00e7\u00e3o de gastos com pessoal e outras despesas correntes, no \u00e2mbito da administra\u00e7\u00e3o direta, aut\u00e1rquica e fundacional do Poder Executivo, e empresas estatais dependentes.<\/td><\/tr><tr><td style=\"color: #0563C1; background-color: #FFFFFF;text-decoration: underline;\"><a href=\"https:\/\/legisla.casacivil.go.gov.br\/api\/v2\/pesquisa\/legislacoes\/71581\/pdf\" target=\"_blank\">Decreto 9.381<\/a><\/td><td style=\"color: #000000; background-color: #FFFFFF;\">JAN<\/td><td style=\"color: #000000; background-color: #FFFFFF;\">2019<\/td><td style=\"color: #000000; background-color: #FFFFFF;\">\u00a0Introduz altera\u00e7\u00e3o no inciso I do art. 8\u00ba do Decreto n\u00ba 9.376, de 02 de janeiro de 2019, que estabelece medidas de conten\u00e7\u00e3o de gastos com pessoal e outras despesas correntes, no \u00e2mbito da administra\u00e7\u00e3o direta, aut\u00e1rquica e fundacional do Poder Executivo e empresas estatais dependentes.<\/td><\/tr><tr><td style=\"color: #0563C1; background-color: #FFFFFF;text-decoration: underline;\"><a href=\"https:\/\/legisla.casacivil.go.gov.br\/api\/v2\/pesquisa\/legislacoes\/71574\/pdf#:~:text=Estabelece%20medidas%20de%20conten%C3%A7%C3%A3o%20de,Executivo%20e%20empresas%20estatais%20dependentes.\" target=\"_blank\">Decreto n\u00ba 9.376<\/a><\/td><td style=\"color: #000000; background-color: #FFFFFF;\">JAN<\/td><td style=\"color: #000000; background-color: #FFFFFF;\">2019<\/td><td style=\"color: #000000; background-color: #FFFFFF;\">Estabelece medidas de conten\u00e7\u00e3o de gastos com pessoal e outras despesas correntes, no \u00e2mbito da administra\u00e7\u00e3o direta, aut\u00e1rquica e fundacional do Poder Executivo e empresas estatais dependentes.<\/td><\/tr><tr><td style=\"color: #0563C1; background-color: #FFFFFF;text-decoration: underline;\"><a href=\"https:\/\/legisla.casacivil.go.gov.br\/api\/v2\/pesquisa\/legislacoes\/71116\/pdf\" target=\"_blank\">Decreto 9.283<\/a><\/td><td style=\"color: #000000; background-color: #FFFFFF;\">JUL<\/td><td style=\"color: #000000; background-color: #FFFFFF;\">2018<\/td><td style=\"color: #0563C1; background-color: #FFFFFF;text-decoration: underline;\"><a href=\"https:\/\/legisla.casacivil.go.gov.br\/api\/v2\/pesquisa\/legislacoes\/85424\/pdf#:~:text=1%C2%BA%20%2D%20Fica%20institu%C3%ADdo%2C%20na%20Procuradoria,sua%20Biblioteca%20e%20Centro%20de\" target=\"_blank\">Regulamenta a\u00a0Lei n\u00ba 10.067, de 30 de junho de 1986, que institui o Fundo de Manuten\u00e7\u00e3o e Reaparelhamento da Procuradoria-Geral do Estado (FUNPROGE) e d\u00e1 outras provid\u00eancias.<\/a><\/td><\/tr><tr><td style=\"color: #0563C1; background-color: #FFFFFF;text-decoration: underline;\"><a href=\"https:\/\/leisestaduais.com.br\/go\/decreto-n-7778-2012-goias-regulamenta-o-art-56-da-lei-complementar-n-58-de-4-de-julho-de-2006-com-a-redacao-dada-pela-lei-complementar-n-94-de-19-de-setembro-de-2012\" target=\"_blank\">\u00a0Decreto n\u00ba 7.778<\/a><\/td><td style=\"color: #000000; background-color: #FFFFFF;\">DEZ<\/td><td style=\"color: #000000; background-color: #FFFFFF;\">2012<\/td><td style=\"color: #0563C1; background-color: #FFFFFF;text-decoration: underline;\"><a href=\"https:\/\/legisla.casacivil.go.gov.br\/api\/v2\/pesquisa\/legislacoes\/100990\/pdf\" target=\"_blank\">Regulamenta o art. 56 da Lei Complementar\u00a0n\u00ba 058, de 4 de julho de 2006<\/a><\/td><\/tr><tr><td style=\"color: #0563C1; background-color: #FFFFFF;text-decoration: underline;\"><a href=\"https:\/\/legisla.casacivil.go.gov.br\/api\/v2\/pesquisa\/legislacoes\/65692\/pdf#:~:text=DECRETO%20N%C2%BA%207.707%2C%20DE%2030,Executivo%2C%20e%20d%C3%A1%20outras%20provid%C3%AAncias%20.\" target=\"_blank\">Decreto n\u00ba 7.707<\/a><\/td><td style=\"color: #000000; background-color: #FFFFFF;\">AGO<\/td><td style=\"color: #000000; background-color: #FFFFFF;\">2012<\/td><td style=\"color: #0563C1; background-color: #FFFFFF;text-decoration: underline;\"><a href=\"https:\/\/legisla.casacivil.go.gov.br\/api\/v2\/pesquisa\/legislacoes\/64189\/pdf#:~:text=DECRETO%20N%C2%BA%207.141%2C%20DE%2006%20DE%20AGOSTO%20DE%202010.&text=Disp%C3%B5e%20sobre%20a%20concess%C3%A3o%20de,Estadual%2C%20nos%20termos%20dos%20arts.\" target=\"_blank\">Introduz altera\u00e7\u00f5es no\u00a0Decreto n\u00ba 7.141, de 06 de agosto de 2010, que disp\u00f5e sobre a concess\u00e3o de di\u00e1ria e de indeniza\u00e7\u00e3o de transporte, no \u00e2mbito do Poder Executivo, e d\u00e1 outras provid\u00eancias.<\/a><\/td><\/tr><tr><td style=\"color: #0563C1; background-color: #FFFFFF;text-decoration: underline;\"><a href=\"https:\/\/legisla.casacivil.go.gov.br\/pesquisa_legislacao\/65671\/decreto-7695\" target=\"_blank\">Decreto n\u00ba 7.695<\/a><\/td><td style=\"color: #000000; background-color: #FFFFFF;\">AGO<\/td><td style=\"color: #000000; background-color: #FFFFFF;\">2012<\/td><td style=\"color: #000000; background-color: #FFFFFF;\">Institui medidas de desburocratiza\u00e7\u00e3o, para tr\u00e2mite dos processos do PAI no \u00e2mbito do Poder Executivo e d\u00e1 outras provid\u00eancias.<\/td><\/tr><tr><td style=\"color: #0563C1; background-color: #FFFFFF;text-decoration: underline;\"><a href=\"https:\/\/legisla.casacivil.go.gov.br\/pesquisa_legislacao\/65673\/decreto-7693\" target=\"_blank\">Decreto n\u00ba 7.693<\/a><\/td><td style=\"color: #000000; background-color: #FFFFFF;\">AGO<\/td><td style=\"color: #000000; background-color: #FFFFFF;\">2012<\/td><td style=\"color: #000000; background-color: #FFFFFF;\">\u00a0Institui o Plano de A\u00e7\u00e3o Integrada de Desenvolvimento \u2013 PAI e o Selo de Prioridade aos programas que especifica e d\u00e1 outras provid\u00eancias.<\/td><\/tr><tr><td style=\"color: #0563C1; background-color: #FFFFFF;text-decoration: underline;\"><a href=\"https:\/\/legisla.casacivil.go.gov.br\/pesquisa_legislacao\/65655\/decreto-7684\" target=\"_blank\">Decreto n\u00ba 7.684<\/a><\/td><td style=\"color: #000000; background-color: #FFFFFF;\">JUL<\/td><td style=\"color: #000000; background-color: #FFFFFF;\">2012<\/td><td style=\"color: #000000; background-color: #FFFFFF;\">Institui comiss\u00e3o especial para elabora\u00e7\u00e3o de edital e seus anexos, bem como minuta do respectivo contrato, para a implanta\u00e7\u00e3o do Sistema de Ve\u00edculo Leve Sobre Trilhos VLT.<\/td><\/tr><tr><td style=\"color: #0563C1; background-color: #FFFFFF;text-decoration: underline;\"><a href=\"https:\/\/leisestaduais.com.br\/go\/decreto-n-7589-2012-goias-altera-o-decreto-n-7112-de-18-de-maio-de-2010-que-regulamenta-a-lei-n-16-898-de-26-de-janeiro-de-2010-que-dispoe-sobre-as-consignacoes-em-folha\" target=\"_blank\">Decreto n\u00ba 7.589<\/a><\/td><td style=\"color: #000000; background-color: #FFFFFF;\">ABR<\/td><td style=\"color: #000000; background-color: #FFFFFF;\">2012<\/td><td style=\"color: #0563C1; background-color: #FFFFFF;text-decoration: underline;\"><a href=\"https:\/\/legisla.casacivil.go.gov.br\/api\/v2\/pesquisa\/legislacoes\/64161\/pdf#:~:text=DECRETO%20N%C2%BA%207.112%2C%20DE%2018,pensionistas%20do%20Poder%20Executivo%20Estadual%20.\" target=\"_blank\">Altera o\u00a0Decreto n\u00ba 7.112, de 18 de maio de 2010<\/a><\/td><\/tr><tr><td style=\"color: #0563C1; background-color: #FFFFFF;text-decoration: underline;\"><a href=\"https:\/\/legisla.casacivil.go.gov.br\/api\/v2\/pesquisa\/legislacoes\/65454\/pdf#:~:text=DECRETO%20N%C2%BA%207.587%2C%20DE%2030,que%20consta%20do%20Processo%20n.\" target=\"_blank\">Decreto n\u00ba 7.587<\/a><\/td><td style=\"color: #000000; background-color: #FFFFFF;\">MAR<\/td><td style=\"color: #000000; background-color: #FFFFFF;\">2012<\/td><td style=\"color: #000000; background-color: #FFFFFF;\">Veda a nomea\u00e7\u00e3o, a contrata\u00e7\u00e3o tempor\u00e1ria e a designa\u00e7\u00e3o para fun\u00e7\u00e3o comissionada na situa\u00e7\u00e3o que especif\u00edca.<\/td><\/tr><tr><td style=\"color: #0563C1; background-color: #FFFFFF;text-decoration: underline;\"><a href=\"https:\/\/legisla.casacivil.go.gov.br\/api\/v2\/pesquisa\/legislacoes\/65439\/pdf\" target=\"_blank\">Decreto n\u00ba 7.576<\/a><\/td><td style=\"color: #000000; background-color: #FFFFFF;\">MAR<\/td><td style=\"color: #000000; background-color: #FFFFFF;\">2012<\/td><td style=\"color: #000000; background-color: #FFFFFF;\">Disp\u00f5e sobre a cria\u00e7\u00e3o, no \u00e2mbito da Secretaria de Estado da Seguran\u00e7a P\u00fablica e Justi\u00e7a, do Comit\u00ea Estadual de Preven\u00e7\u00e3o e Combate \u00e0 Tortura e d\u00e1 outras provid\u00eancias.<\/td><\/tr><tr><td style=\"color: #0563C1; background-color: #FFFFFF;text-decoration: underline;\"><a href=\"https:\/\/legisla.casacivil.go.gov.br\/pesquisa_legislacao\/65355\/decreto-7534\" target=\"_blank\">Decreto n\u00ba 7.534<\/a><\/td><td style=\"color: #000000; background-color: #FFFFFF;\">DEZ<\/td><td style=\"color: #000000; background-color: #FFFFFF;\">2011<\/td><td style=\"color: #000000; background-color: #FFFFFF;\">Institui a Comiss\u00e3o de Avalia\u00e7\u00e3o e Acompanhamento dos Projetos Conjuntos entre o Estado de Goi\u00e1s e a Cruz Vermelha Brasileira.<\/td><\/tr><tr><td style=\"color: #0563C1; background-color: #FFFFFF;text-decoration: underline;\"><a href=\"https:\/\/legisla.casacivil.go.gov.br\/pesquisa_legislacao\/65312\/decreto-7510\" target=\"_blank\">Decreto n\u00ba 7.510<\/a><\/td><td style=\"color: #000000; background-color: #FFFFFF;\">DEZ<\/td><td style=\"color: #000000; background-color: #FFFFFF;\">2011<\/td><td style=\"color: #0563C1; background-color: #FFFFFF;text-decoration: underline;\"><a href=\"https:\/\/legisla.casacivil.go.gov.br\/api\/v2\/pesquisa\/legislacoes\/63369\/pdf#:~:text=DECRETO%20N%C2%BA%206.907%2C%20DE%2030,numer%C3%A1rio%20a%20servidor%20p%C3%BAblico%20estadual.\" target=\"_blank\">Altera o\u00a0Decreto n\u00ba 6.907, de 30 de abril de 2009<\/a><\/td><\/tr><tr><td style=\"color: #0563C1; background-color: #FFFFFF;text-decoration: underline;\"><a href=\"https:\/\/legisla.casacivil.go.gov.br\/api\/v2\/pesquisa\/legislacoes\/65320\/pdf\" target=\"_blank\">Decreto n\u00ba 7.509<\/a><\/td><td style=\"color: #000000; background-color: #FFFFFF;\">DEZ<\/td><td style=\"color: #000000; background-color: #FFFFFF;\">2011<\/td><td style=\"color: #000000; background-color: #FFFFFF;\">nstitui a Comiss\u00e3o de Acompanhamento da Implanta\u00e7\u00e3o da unidades industrial de produ\u00e7\u00e3o de avi\u00f5es denominada REKKOF.<\/td><\/tr><tr><td style=\"color: #0563C1; background-color: #FFFFFF;text-decoration: underline;\"><a href=\"https:\/\/legisla.casacivil.go.gov.br\/api\/v2\/pesquisa\/legislacoes\/65062\/pdf#:~:text=Aprova%20o%20regulamento%20da%20modalidade,disposto%20na%20Lei%20federal%20n.\" target=\"_blank\">Decreto n\u00ba 7.468<\/a><\/td><td style=\"color: #000000; background-color: #FFFFFF;\">OUT<\/td><td style=\"color: #000000; background-color: #FFFFFF;\">2011<\/td><td style=\"color: #000000; background-color: #FFFFFF;\">Aprova o regulamento da modalidade de licita\u00e7\u00e3o denominada preg\u00e3o, para a aquisi\u00e7\u00e3o de bens e servi\u00e7os comuns, no \u00e2mbito do Estado de Goi\u00e1s<\/td><\/tr><tr><td style=\"color: #0563C1; background-color: #FFFFFF;text-decoration: underline;\"><a href=\"https:\/\/legisla.casacivil.go.gov.br\/api\/v2\/pesquisa\/legislacoes\/65048\/pdf#:~:text=DECRETO%20N%C2%BA%207.466%2C%20DE%2018,p%C3%BAblica%20estadual%20direta%20e%20indireta.\" target=\"_blank\">Decreto n\u00ba 7.466<\/a><\/td><td style=\"color: #000000; background-color: #FFFFFF;\">OUT<\/td><td style=\"color: #000000; background-color: #FFFFFF;\">2011<\/td><td style=\"color: #000000; background-color: #FFFFFF;\">Regulamenta o tratamento favorecido, diferenciado e simplificado para as microempresas e empresas de pequeno porte nas contrata\u00e7\u00f5es de bens, presta\u00e7\u00e3o de servi\u00e7os e execu\u00e7\u00e3o de obras no \u00e2mbito da administra\u00e7\u00e3o p\u00fablica estadual direta e indireta.<\/td><\/tr><tr><td style=\"color: #0563C1; background-color: #FFFFFF;text-decoration: underline;\"><a href=\"https:\/\/legisla.casacivil.go.gov.br\/pesquisa_legislacao\/64801\/decreto-7426\" target=\"_blank\">Decreto n\u00ba 7.426<\/a><\/td><td style=\"color: #000000; background-color: #FFFFFF;\">AGO<\/td><td style=\"color: #000000; background-color: #FFFFFF;\">2011<\/td><td style=\"color: #000000; background-color: #FFFFFF;\">Disp\u00f5e sobre diretrizes de suprimentos de sa\u00fade, cria o Grupo Executivo de Gest\u00e3o Estrat\u00e9gica de Suprimentos de Sa\u00fade -GEGES Sa\u00fade-, no \u00e2mbito da administra\u00e7\u00e3o direta, aut\u00e1rquica e fundacional do Poder Executivo Estadual e d\u00e1 outras provid\u00eancias.<\/td><\/tr><tr><td style=\"color: #0563C1; background-color: #FFFFFF;text-decoration: underline;\"><a href=\"https:\/\/legisla.casacivil.go.gov.br\/api\/v2\/pesquisa\/legislacoes\/64800\/pdf#:~:text=DECRETO%20N%C2%BA%207.425%2C%20DE%2016,CADFOR%2D%20e%20d%C3%A1%20outras%20provid%C3%AAncias.\" target=\"_blank\">Decreto n\u00ba 7.425<\/a><\/td><td style=\"color: #000000; background-color: #FFFFFF;\">AGO<\/td><td style=\"color: #000000; background-color: #FFFFFF;\">2011<\/td><td style=\"color: #000000; background-color: #FFFFFF;\">Institui o Sistema de Gest\u00e3o de Suprimentos e Log\u00edstica no \u00e2mbito da administra\u00e7\u00e3o direta, aut\u00e1rquica e fundacional do Poder Executivom regulamenta o Cadastro Unificado de Fornecedores do Estado CADFOR e d\u00e1 outras provid\u00eancias.<\/td><\/tr><tr><td style=\"color: #0563C1; background-color: #FFFFFF;text-decoration: underline;\"><a href=\"https:\/\/legisla.casacivil.go.gov.br\/pesquisa_legislacao\/64777\/decreto-7421\" target=\"_blank\">Decreto n\u00ba 7.421<\/a><\/td><td style=\"color: #000000; background-color: #FFFFFF;\">AGO<\/td><td style=\"color: #000000; background-color: #FFFFFF;\">2011<\/td><td style=\"color: #000000; background-color: #FFFFFF;\">Delega compet\u00eancia para a pr\u00e1tica dos atos que especifica.<\/td><\/tr><tr><td style=\"color: #0563C1; background-color: #FFFFFF;text-decoration: underline;\"><a href=\"https:\/\/legisla.casacivil.go.gov.br\/api\/v2\/pesquisa\/legislacoes\/64734\/pdf\" target=\"_blank\">Decreto n\u00ba 7.416<\/a><\/td><td style=\"color: #000000; background-color: #FFFFFF;\">AGO<\/td><td style=\"color: #000000; background-color: #FFFFFF;\">2011<\/td><td style=\"color: #0563C1; background-color: #FFFFFF;text-decoration: underline;\"><a href=\"https:\/\/legisla.casacivil.go.gov.br\/pesquisa_legislacao\/64279\/decreto-7233\" target=\"_blank\">Introduz altera\u00e7\u00f5es no Anexo \u00danico do\u00a0Decreto n\u00ba 7.233, de 25 de Fevereiro de 2011\u00a0, que institui as unidades administrativas complementares da Procuradoria-Geral do Estado.<\/a><\/td><\/tr><tr><td style=\"color: #0563C1; background-color: #FFFFFF;text-decoration: underline;\"><a href=\"https:\/\/legisla.casacivil.go.gov.br\/api\/v2\/pesquisa\/legislacoes\/64731\/pdf\" target=\"_blank\">Decreto n\u00ba 7.414<\/a><\/td><td style=\"color: #000000; background-color: #FFFFFF;\">AGO<\/td><td style=\"color: #000000; background-color: #FFFFFF;\">2011<\/td><td style=\"color: #0563C1; background-color: #FFFFFF;text-decoration: underline;\"><a href=\"https:\/\/legisla.casacivil.go.gov.br\/api\/v2\/pesquisa\/legislacoes\/64391\/pdf\" target=\"_blank\">Introduz altera\u00e7\u00f5es no Anexo III do\u00a0Decreto n\u00ba 7.347, de 18 de maio de 2011, que fixa os quantitativos e valores das Fun\u00e7\u00f5es Comissionadas de Administra\u00e7\u00e3o Geral (FCA), disp\u00f5e sobre a aloca\u00e7\u00e3o delas e dos cargos em comiss\u00e3o de Chefia, Dire\u00e7\u00e3o e Assessoramento Auxiliar (CDA), Assessor Especial e Assistente de Gabinete, em seus v\u00e1rios n\u00edveis e refer\u00eancias e d\u00e1 outras provid\u00eancias.<\/a><\/td><\/tr><tr><td style=\"color: #0563C1; background-color: #FFFFFF;text-decoration: underline;\"><a href=\"https:\/\/legisla.casacivil.go.gov.br\/api\/v2\/pesquisa\/legislacoes\/64488\/pdf#:~:text=DECRETO%20N%C2%BA%207.398%2C%20DE%2008,especifica%20e%20d%C3%A1%20outras%20provid%C3%AAncias.\" target=\"_blank\">Decreto n\u00ba 7.398<\/a><\/td><td style=\"color: #000000; background-color: #FFFFFF;\">JUL<\/td><td style=\"color: #000000; background-color: #FFFFFF;\">2011<\/td><td style=\"color: #000000; background-color: #FFFFFF;\">Disp\u00f5e, no \u00e2mbito do Poder Executivo, sobre qualifica\u00e7\u00e3o de despesas e redu\u00e7\u00e3o de gastos de custeio que especifica e d\u00e1 outras provid\u00eancias.<\/td><\/tr><tr><td style=\"color: #0563C1; background-color: #FFFFFF;text-decoration: underline;\"><a href=\"https:\/\/legisla.casacivil.go.gov.br\/pesquisa_legislacao\/64416\/decreto-7370\" target=\"_blank\">Decreto n\u00ba 7.370<\/a><\/td><td style=\"color: #000000; background-color: #FFFFFF;\">JUN<\/td><td style=\"color: #000000; background-color: #FFFFFF;\">2011<\/td><td style=\"color: #0563C1; background-color: #FFFFFF;text-decoration: underline;\"><a href=\"https:\/\/legisla.casacivil.go.gov.br\/pesquisa_legislacao\/64412\/decreto-7366\" target=\"_blank\">Introduz altera\u00e7\u00e3o no\u00a0Decreto n\u00ba 7.366,de 09 de junho de 2011.<\/a><\/td><\/tr><tr><td style=\"color: #0563C1; background-color: #FFFFFF;text-decoration: underline;\"><a href=\"https:\/\/legisla.casacivil.go.gov.br\/pesquisa_legislacao\/64412\/decreto-7366\" target=\"_blank\">Decreto n\u00ba 7.366<\/a><\/td><td style=\"color: #000000; background-color: #FFFFFF;\">JUN<\/td><td style=\"color: #000000; background-color: #FFFFFF;\">2011<\/td><td style=\"color: #000000; background-color: #FFFFFF;\">Altera o s\u00edmbolo do cargo de provimento em comiss\u00e3o que especifica.<\/td><\/tr><tr><td style=\"color: #0563C1; background-color: #FFFFFF;text-decoration: underline;\"><a href=\"https:\/\/legisla.casacivil.go.gov.br\/api\/v2\/pesquisa\/legislacoes\/64391\/pdf\" target=\"_blank\">Decreto n\u00ba 7.347<\/a><\/td><td style=\"color: #000000; background-color: #FFFFFF;\">MAI<\/td><td style=\"color: #000000; background-color: #FFFFFF;\">2011<\/td><td style=\"color: #000000; background-color: #FFFFFF;\">Fixa os quantitativos e valores da Fun\u00e7\u00f5es Comissionadas de Administra\u00e7\u00e3o Geral (FCA), disp\u00f5e sobre a aloca\u00e7\u00e3o delas e dos cargos em comiss\u00e3o de Chefia, Dire\u00e7\u00e3o e Assessoramento Auxiliar (CDA), Assessor especial e Assistente de Gabinete, em seus v\u00e1rios n\u00edveis e refer\u00eancias e d\u00e1 outras provid\u00eancias.<\/td><\/tr><tr><td style=\"color: #0563C1; background-color: #FFFFFF;text-decoration: underline;\"><a href=\"https:\/\/legisla.casacivil.go.gov.br\/api\/v2\/pesquisa\/legislacoes\/64351\/pdf\" target=\"_blank\">Decreto n\u00ba 7.320<\/a><\/td><td style=\"color: #000000; background-color: #FFFFFF;\">MAI<\/td><td style=\"color: #000000; background-color: #FFFFFF;\">2011<\/td><td style=\"color: #000000; background-color: #FFFFFF;\">Introduz altera\u00e7\u00e3o no art. 2\u00ba dos Decretos que especifica.<\/td><\/tr><tr><td style=\"color: #0563C1; background-color: #FFFFFF;text-decoration: underline;\"><a href=\"https:\/\/legisla.casacivil.go.gov.br\/api\/v2\/pesquisa\/legislacoes\/64336\/pdf\" target=\"_blank\">Decreto n\u00ba 7.291<\/a><\/td><td style=\"color: #000000; background-color: #FFFFFF;\">ABR<\/td><td style=\"color: #000000; background-color: #FFFFFF;\">2011<\/td><td style=\"color: #000000; background-color: #FFFFFF;\">Institui, no \u00e2mbito da administra\u00e7\u00e3o direta, aut\u00e1rquica e fundacional do Poder Executivo Estadual, o processo de sele\u00e7\u00e3o por capacita\u00e7\u00e3o e m\u00e9rito para o cargo em comiss\u00e3o de gerente e d\u00e1 outras provid\u00eancias<\/td><\/tr><tr><td style=\"color: #0563C1; background-color: #FFFFFF;text-decoration: underline;\"><a href=\"https:\/\/legisla.casacivil.go.gov.br\/pesquisa_legislacao\/64309\/decreto-7263\" target=\"_blank\">Decreto n\u00ba 7.263<\/a><\/td><td style=\"color: #000000; background-color: #FFFFFF;\">MAR<\/td><td style=\"color: #000000; background-color: #FFFFFF;\">2011<\/td><td style=\"color: #0563C1; background-color: #FFFFFF;text-decoration: underline;\"><a href=\"https:\/\/legisla.casacivil.go.gov.br\/pesquisa_legislacao\/64279\/decreto-7233\" target=\"_blank\">Inclui no anexo \u00fanico do\u00a0Decreto n\u00ba 7.233, de 25 de Fevereiro de 2011\u00a0, as unidades administrativas complementares da Procuradoria-Geral do Estado a serem providas pelo crit\u00e9rio da meritocracia<\/a><\/td><\/tr><tr><td style=\"color: #0563C1; background-color: #FFFFFF;text-decoration: underline;\"><a href=\"https:\/\/legisla.casacivil.go.gov.br\/pesquisa_legislacao\/64303\/decreto-7256\" target=\"_blank\">Decreto n\u00ba 7.256<\/a><\/td><td style=\"color: #000000; background-color: #FFFFFF;\">MAR<\/td><td style=\"color: #000000; background-color: #FFFFFF;\">2011<\/td><td style=\"color: #000000; background-color: #FFFFFF;\">Disp\u00f5e sobre as atribui\u00e7\u00f5es das Advocacias Setoriais.<\/td><\/tr><tr><td style=\"color: #0563C1; background-color: #FFFFFF;text-decoration: underline;\"><a href=\"https:\/\/legisla.casacivil.go.gov.br\/pesquisa_legislacao\/64279\/decreto-7233\" target=\"_blank\">Decreto n\u00ba 7.233<\/a><\/td><td style=\"color: #000000; background-color: #FFFFFF;\">FEV<\/td><td style=\"color: #000000; background-color: #FFFFFF;\">2011<\/td><td style=\"color: #000000; background-color: #FFFFFF;\">Instituiu as unidades administrativas complementares da Procuradoria-Geral do Estado<\/td><\/tr><tr><td style=\"color: #0563C1; background-color: #FFFFFF;text-decoration: underline;\"><a href=\"https:\/\/legisla.casacivil.go.gov.br\/api\/v2\/pesquisa\/legislacoes\/64253\/pdf\" target=\"_blank\">Decreto n\u00ba 7.204<\/a><\/td><td style=\"color: #000000; background-color: #FFFFFF;\">JAN<\/td><td style=\"color: #000000; background-color: #FFFFFF;\">2011<\/td><td style=\"color: #000000; background-color: #FFFFFF;\">Estabelece medidas de gest\u00e3o de pessoal no \u00e2mbito do Poder Executivo.<\/td><\/tr><tr><td style=\"color: #0563C1; background-color: #FFFFFF;text-decoration: underline;\"><a href=\"https:\/\/legisla.casacivil.go.gov.br\/api\/v2\/pesquisa\/legislacoes\/64189\/pdf#:~:text=DECRETO%20N%C2%BA%207.141%2C%20DE%2006%20DE%20AGOSTO%20DE%202010.&text=Disp%C3%B5e%20sobre%20a%20concess%C3%A3o%20de,Estadual%2C%20nos%20termos%20dos%20arts.\" target=\"_blank\">Decreto n\u00ba 7.141<\/a><\/td><td style=\"color: #000000; background-color: #FFFFFF;\">AGO<\/td><td style=\"color: #000000; background-color: #FFFFFF;\">2010<\/td><td style=\"color: #000000; background-color: #FFFFFF;\">Disp\u00f5e sobre a concess\u00e3o de di\u00e1ria e de indeniza\u00e7\u00e3o de transporte, no \u00e2mbito do Poder Executivo, e d\u00e1 outras provid\u00eancias.<\/td><\/tr><tr><td style=\"color: #0563C1; background-color: #FFFFFF;text-decoration: underline;\"><a href=\"https:\/\/legisla.casacivil.go.gov.br\/api\/v2\/pesquisa\/legislacoes\/63273\/pdf\" target=\"_blank\">Decreto n\u00ba 6.808<\/a><\/td><td style=\"color: #000000; background-color: #FFFFFF;\">OUT<\/td><td style=\"color: #000000; background-color: #FFFFFF;\">2008<\/td><td style=\"color: #000000; background-color: #FFFFFF;\">Regulamenta a responsabilidade pela assinatura de documentos de execu\u00e7\u00e3o or\u00e7ament\u00e1ria e financeira.<\/td><\/tr><tr><td style=\"color: #0563C1; background-color: #FFFFFF;text-decoration: underline;\"><a href=\"https:\/\/legisla.casacivil.go.gov.br\/api\/v2\/pesquisa\/legislacoes\/61445\/pdf\" target=\"_blank\">Decreto n\u00ba 5.556<\/a><\/td><td style=\"color: #000000; background-color: #FFFFFF;\">FEV<\/td><td style=\"color: #000000; background-color: #FFFFFF;\">2002<\/td><td style=\"color: #0563C1; background-color: #FFFFFF;text-decoration: underline;\"><a href=\"https:\/\/legisla.casacivil.go.gov.br\/api\/v2\/pesquisa\/legislacoes\/101022\/pdf\" target=\"_blank\">Confere \u00e0 Procuradoria-Geral do Estada compet\u00eancia para promover a defesa de Secret\u00e1rios de Estado e outras autoridades equivalentes, em processos judiciais e administrativos decorrentes do exerc\u00edcio de suas fun\u00e7\u00f5es institucionais, regulamenta o artigo 29 da\u00a0Lei Complementar n\u00ba 24, de 08 de junho de 1.998, e d\u00e1 outras provid\u00eancias.<\/a><\/td><\/tr><tr><td style=\"color: #0563C1; background-color: #FFFFFF;text-decoration: underline;\"><a href=\"https:\/\/leisestaduais.com.br\/go\/decreto-n-5501-2001-goias-aprova-o-regulamento-da-procuradoria-geral-do-estado-e-da-outras-providencias\" target=\"_blank\">Decreto n\u00ba 5.501<\/a><\/td><td style=\"color: #000000; background-color: #FFFFFF;\">OUT<\/td><td style=\"color: #000000; background-color: #FFFFFF;\">2001<\/td><td style=\"color: #000000; background-color: #FFFFFF;\">Aprova o Regulamento da Procuradoria Geral do Estado e d\u00e1 outras provid\u00eancias.<\/td><\/tr><\/tbody><\/table><div class=\"wp-block-file\"><a href=\"https:\/\/goias.gov.br\/procuradoria\/wp-content\/uploads\/sites\/41\/2025\/06\/Decretos-25-6-2025.xlsx\">Decretos-25-6-2025.xlsx&nbsp; <span class=\"wp-block-file__button wp-element-button\">Baixar<\/span><\/a><\/div>\n","protected":false},"excerpt":{"rendered":"<p>S\u00e3o atos de compet\u00eancia exclusiva do governador do Estado para facilitar a execu\u00e7\u00e3o das leis estaduais.<\/p>\n","protected":false},"author":1,"featured_media":0,"comment_status":"closed","ping_status":"open","sticky":false,"template":"","format":"standard","meta":{"footnotes":""},"categories":[11],"tags":[],"class_list":["post-5871","post","type-post","status-publish","format-standard","hentry","category-legislacao"],"rttpg_featured_image_url":null,"rttpg_author":{"display_name":"wagner.viana","author_link":"https:\/\/goias.gov.br\/procuradoria\/author\/wagner-viana\/"},"rttpg_comment":0,"rttpg_category":"<a href=\"https:\/\/goias.gov.br\/procuradoria\/categoria\/orientacoes-da-pge\/legislacao\/\" rel=\"category tag\">Legisla\u00e7\u00e3o<\/a>","rttpg_excerpt":"S\u00e3o atos de compet\u00eancia exclusiva do governador do Estado para facilitar a execu\u00e7\u00e3o das leis estaduais.","_links":{"self":[{"href":"https:\/\/goias.gov.br\/procuradoria\/wp-json\/wp\/v2\/posts\/5871","targetHints":{"allow":["GET"]}}],"collection":[{"href":"https:\/\/goias.gov.br\/procuradoria\/wp-json\/wp\/v2\/posts"}],"about":[{"href":"https:\/\/goias.gov.br\/procuradoria\/wp-json\/wp\/v2\/types\/post"}],"author":[{"embeddable":true,"href":"https:\/\/goias.gov.br\/procuradoria\/wp-json\/wp\/v2\/users\/1"}],"replies":[{"embeddable":true,"href":"https:\/\/goias.gov.br\/procuradoria\/wp-json\/wp\/v2\/comments?post=5871"}],"version-history":[{"count":2,"href":"https:\/\/goias.gov.br\/procuradoria\/wp-json\/wp\/v2\/posts\/5871\/revisions"}],"predecessor-version":[{"id":132012,"href":"https:\/\/goias.gov.br\/procuradoria\/wp-json\/wp\/v2\/posts\/5871\/revisions\/132012"}],"wp:attachment":[{"href":"https:\/\/goias.gov.br\/procuradoria\/wp-json\/wp\/v2\/media?parent=5871"}],"wp:term":[{"taxonomy":"category","embeddable":true,"href":"https:\/\/goias.gov.br\/procuradoria\/wp-json\/wp\/v2\/categories?post=5871"},{"taxonomy":"post_tag","embeddable":true,"href":"https:\/\/goias.gov.br\/procuradoria\/wp-json\/wp\/v2\/tags?post=5871"}],"curies":[{"name":"wp","href":"https:\/\/api.w.org\/{rel}","templated":true}]}}