

{"id":5633,"date":"2016-03-21T13:03:09","date_gmt":"2016-03-21T16:03:09","guid":{"rendered":"https:\/\/siteshom.goias.gov.br\/procuradoria\/reuniao-no-tjgo-discute-adequacoes-no-sistema-projudi-2\/"},"modified":"2016-03-21T13:03:09","modified_gmt":"2016-03-21T16:03:09","slug":"reuniao-no-tjgo-discute-adequacoes-no-sistema-projudi-2","status":"publish","type":"post","link":"https:\/\/goias.gov.br\/procuradoria\/reuniao-no-tjgo-discute-adequacoes-no-sistema-projudi-2\/","title":{"rendered":"Reuni\u00e3o no TJGO discute adequa\u00e7\u00f5es no Sistema PROJUDI"},"content":{"rendered":"<p><!DOCTYPE html PUBLIC \"-\/\/W3C\/\/DTD HTML 4.0 Transitional\/\/EN\" \"http:\/\/www.w3.org\/TR\/REC-html40\/loose.dtd\"><br \/>\n<html><body><\/p>\n<p style=\"margin-bottom: 0cm; line-height: 150%;\"><span style=\"font-size: 12px; color: #888888;\"><span style=\"font-family: Arial,sans-serif;\">Por Tal&iacute;ta Carvalho <\/p>\n<p><em>Em reuni&atilde;o no Tribunal de Justi&ccedil;a do Estado de Goi&aacute;s, o Diretor do Foro de Goi&acirc;nia, Wilson Silva Dias, apresentou medidas que est&atilde;o sendo implementadas pelo TJGO em rela&ccedil;&atilde;o ao processo eletr&ocirc;nico. Na ocasi&atilde;o, ainda foram colhidas sugest&otilde;es de diversos segmentos da Advocacia para a implementa&ccedil;&atilde;o de adequa&ccedil;&otilde;es no Sistema PROJUDI. <\/em><br \/><\/span><\/span><\/p>\n<p style=\"margin-bottom: 0cm; line-height: 150%;\"><span style=\"font-size: 12px; color: #888888;\"><span style=\"font-family: Arial,sans-serif;\"><br \/><\/span><\/span><\/p>\n<p style=\"margin-bottom: 0cm; line-height: 150%;\"><span style=\"font-size: 12px; color: #888888;\"><span style=\"font-family: Arial,sans-serif;\">A Procuradoria-Geral do Estado de Goi&aacute;s esteve representada na reuni&atilde;o pelos Procuradores Fernando Iunes, Carolina Drummond e Ver&ocirc;nica Issi, al&eacute;m de Leandro Lima, Gerente do Setor de Tecnologia da Informa&ccedil;&atilde;o. Por meio deles, a PGE apresentou algumas sugest&otilde;es de adequa&ccedil;&atilde;o para o PROJUDI, dentre as quais a habilita&ccedil;&atilde;o em bloco nos processos, o aumento do tamanho do arquivo das pe&ccedil;as a serem anexadas no processo eletr&ocirc;nico e a diminui&ccedil;&atilde;o dos caminhos necess&aacute;rios para o protocolo de uma peti&ccedil;&atilde;o. <\/p>\n<p> Ap&oacute;s a reuni&atilde;o, os representantes da PGE <\/span><span style=\"font-family: Arial,sans-serif;\">estiveram novamente<\/span><span style=\"font-family: Arial,sans-serif;\"> com a equipe t&eacute;cnica do TJGO e expuseram mais detalhadamente as demandas da Procuradoria no sistema PROJUDI. O objetivo &eacute; facilitar o trabalho desenvolvido pelos Procuradores na atua&ccedil;&atilde;o em processos eletr&ocirc;nicos perante o Poder Judici&aacute;rio. &ldquo;Eu avalio essas mudan&ccedil;as de forma positiva. A tramita&ccedil;&atilde;o dos feitos de forma eletr&ocirc;nica facilita a acessibilidade aos processos e elimina tr&acirc;mites burocr&aacute;ticos. S&atilde;o evolu&ccedil;&otilde;es tecnol&oacute;gicas inevit&aacute;veis e teremos que nos adaptar a elas&rdquo;, <\/span><span style=\"font-family: Arial,sans-serif;\">disse Ver&ocirc;nica Issi, uma das representantes da PGE na reuni&atilde;o. <\/span><span style=\"font-family: Arial,sans-serif;\"><\/p>\n<p> O ajuizamento de novas a&ccedil;&otilde;es vai passar a acontecer apenas na forma eletr&ocirc;nica nas varas das Fazendas P&uacute;blicas, a partir do dia 4 de Abril deste ano.<\/span><\/span><\/p>\n<p style=\"margin-bottom: 0cm; line-height: 150%;\"><span style=\"font-size: 12px; color: #888888;\"><span style=\"font-family: Arial,sans-serif;\"><br \/><\/span><\/span><\/p>\n<p style=\"margin-bottom: 0cm; line-height: 150%;\"><span style=\"font-size: 12px; color: #888888;\"><span style=\"font-family: Arial,sans-serif;\"><span style=\"font-size: 12px; color: #888888;\"><span style=\"font-family: Arial,sans-serif;\"><strong><em>Fotos: Aline Caetano &#8211; TJGO<\/em><\/strong><\/span><\/span><\/span><\/span><\/p>\n<p style=\"margin-bottom: 0cm; line-height: 150%;\"><span style=\"font-size: 12px; color: #888888;\"><span style=\"font-family: Arial,sans-serif;\"><img decoding=\"async\" title=\"\" src=\"https:\/\/goias.gov.br\/procuradoria\/wp-content\/uploads\/sites\/41\/2016\/03\/pge-2-e99.png\" alt=\"\"><\/span><\/span><\/p>\n<p style=\"margin-bottom: 0cm; line-height: 150%;\"><span style=\"font-size: 12px; color: #888888;\"><span style=\"font-family: Arial,sans-serif;\"><br \/><\/span><\/span><\/p>\n<p style=\"margin-bottom: 0cm; line-height: 150%;\"><span style=\"font-size: 12px; color: #888888;\"><span style=\"font-family: Arial,sans-serif;\"><img decoding=\"async\" title=\"\" src=\"https:\/\/goias.gov.br\/procuradoria\/wp-content\/uploads\/sites\/41\/2016\/03\/pge-3-d4f.png\" alt=\"\"><\/span><\/span><\/p>\n<p style=\"margin-bottom: 0cm; line-height: 150%;\"><span style=\"font-size: 12px; color: #888888;\"><span style=\"font-family: Arial,sans-serif;\"><br \/><\/span><\/span><\/p>\n<p style=\"margin-bottom: 0cm; line-height: 150%;\"><span style=\"font-size: 12px; color: #888888;\"><span style=\"font-family: Arial,sans-serif;\"><img decoding=\"async\" title=\"\" src=\"https:\/\/goias.gov.br\/procuradoria\/wp-content\/uploads\/sites\/41\/2016\/03\/pge-4-66d.png\" alt=\"\"><\/span><\/span><\/p>\n<p style=\"margin-bottom: 0cm; line-height: 150%;\"><span style=\"font-size: 12px; color: #888888;\"><span style=\"font-family: Arial,sans-serif;\"><br \/><\/span><\/span><\/p>\n<p><\/body><\/html><\/p>\n","protected":false},"excerpt":{"rendered":"<p>Por Tal&iacute;ta Carvalho Em reuni&atilde;o no Tribunal de Justi&ccedil;a do Estado de Goi&aacute;s, o Diretor do Foro de Goi&acirc;nia, Wilson Silva Dias, apresentou medidas que est&atilde;o sendo implementadas pelo TJGO em rela&ccedil;&atilde;o ao processo eletr&ocirc;nico. Na ocasi&atilde;o, ainda foram colhidas sugest&otilde;es de diversos segmentos da Advocacia para a implementa&ccedil;&atilde;o de adequa&ccedil;&otilde;es no Sistema PROJUDI. A [&hellip;]<\/p>\n","protected":false},"author":1,"featured_media":5632,"comment_status":"closed","ping_status":"open","sticky":false,"template":"","format":"standard","meta":{"footnotes":""},"categories":[5],"tags":[],"class_list":["post-5633","post","type-post","status-publish","format-standard","has-post-thumbnail","hentry","category-noticias"],"rttpg_featured_image_url":{"full":["https:\/\/goias.gov.br\/procuradoria\/wp-content\/uploads\/sites\/41\/2016\/03\/pge-1-ae3.png",320,212,false],"landscape":["https:\/\/goias.gov.br\/procuradoria\/wp-content\/uploads\/sites\/41\/2016\/03\/pge-1-ae3.png",320,212,false],"portraits":["https:\/\/goias.gov.br\/procuradoria\/wp-content\/uploads\/sites\/41\/2016\/03\/pge-1-ae3.png",320,212,false],"thumbnail":["https:\/\/goias.gov.br\/procuradoria\/wp-content\/uploads\/sites\/41\/2016\/03\/pge-1-ae3-150x150.png",150,150,true],"medium":["https:\/\/goias.gov.br\/procuradoria\/wp-content\/uploads\/sites\/41\/2016\/03\/pge-1-ae3-300x199.png",300,199,true],"large":["https:\/\/goias.gov.br\/procuradoria\/wp-content\/uploads\/sites\/41\/2016\/03\/pge-1-ae3.png",320,212,false],"1536x1536":["https:\/\/goias.gov.br\/procuradoria\/wp-content\/uploads\/sites\/41\/2016\/03\/pge-1-ae3.png",320,212,false],"2048x2048":["https:\/\/goias.gov.br\/procuradoria\/wp-content\/uploads\/sites\/41\/2016\/03\/pge-1-ae3.png",320,212,false]},"rttpg_author":{"display_name":"wagner.viana","author_link":"https:\/\/goias.gov.br\/procuradoria\/author\/wagner-viana\/"},"rttpg_comment":0,"rttpg_category":"<a href=\"https:\/\/goias.gov.br\/procuradoria\/categoria\/noticias\/\" rel=\"category tag\">Not\u00edcias<\/a>","rttpg_excerpt":"Por Tal&iacute;ta Carvalho Em reuni&atilde;o no Tribunal de Justi&ccedil;a do Estado de Goi&aacute;s, o Diretor do Foro de Goi&acirc;nia, Wilson Silva Dias, apresentou medidas que est&atilde;o sendo implementadas pelo TJGO em rela&ccedil;&atilde;o ao processo eletr&ocirc;nico. Na ocasi&atilde;o, ainda foram colhidas sugest&otilde;es de diversos segmentos da Advocacia para a implementa&ccedil;&atilde;o de adequa&ccedil;&otilde;es no Sistema PROJUDI. A&hellip;","_links":{"self":[{"href":"https:\/\/goias.gov.br\/procuradoria\/wp-json\/wp\/v2\/posts\/5633","targetHints":{"allow":["GET"]}}],"collection":[{"href":"https:\/\/goias.gov.br\/procuradoria\/wp-json\/wp\/v2\/posts"}],"about":[{"href":"https:\/\/goias.gov.br\/procuradoria\/wp-json\/wp\/v2\/types\/post"}],"author":[{"embeddable":true,"href":"https:\/\/goias.gov.br\/procuradoria\/wp-json\/wp\/v2\/users\/1"}],"replies":[{"embeddable":true,"href":"https:\/\/goias.gov.br\/procuradoria\/wp-json\/wp\/v2\/comments?post=5633"}],"version-history":[{"count":0,"href":"https:\/\/goias.gov.br\/procuradoria\/wp-json\/wp\/v2\/posts\/5633\/revisions"}],"wp:featuredmedia":[{"embeddable":true,"href":"https:\/\/goias.gov.br\/procuradoria\/wp-json\/wp\/v2\/media\/5632"}],"wp:attachment":[{"href":"https:\/\/goias.gov.br\/procuradoria\/wp-json\/wp\/v2\/media?parent=5633"}],"wp:term":[{"taxonomy":"category","embeddable":true,"href":"https:\/\/goias.gov.br\/procuradoria\/wp-json\/wp\/v2\/categories?post=5633"},{"taxonomy":"post_tag","embeddable":true,"href":"https:\/\/goias.gov.br\/procuradoria\/wp-json\/wp\/v2\/tags?post=5633"}],"curies":[{"name":"wp","href":"https:\/\/api.w.org\/{rel}","templated":true}]}}