

{"id":4300,"date":"2017-08-23T07:08:42","date_gmt":"2017-08-23T10:08:42","guid":{"rendered":"https:\/\/siteshom.goias.gov.br\/procuradoria\/procuradoria-do-estado-em-atuacao-junto-ao-tribunal-de-justica-promove-bloqueio-de-r-454-16297-em-acao-civil-publica-2\/"},"modified":"2017-08-23T07:08:42","modified_gmt":"2017-08-23T10:08:42","slug":"procuradoria-do-estado-em-atuacao-junto-ao-tribunal-de-justica-promove-bloqueio-de-r-454-16297-em-acao-civil-publica-2","status":"publish","type":"post","link":"https:\/\/goias.gov.br\/procuradoria\/procuradoria-do-estado-em-atuacao-junto-ao-tribunal-de-justica-promove-bloqueio-de-r-454-16297-em-acao-civil-publica-2\/","title":{"rendered":"Procuradoria do Estado em Atua\u00e7\u00e3o Junto ao Tribunal de Justi\u00e7a  promove  bloqueio de R$ 454.162,97 em A\u00e7\u00e3o Civil P\u00fablica"},"content":{"rendered":"<p><img fetchpriority=\"high\" decoding=\"async\" class=\" size-full wp-image-4299\" src=\"https:\/\/goias.gov.br\/procuradoria\/wp-content\/uploads\/sites\/41\/2017\/08\/pessoal-2-a10.png\" alt=\"\" width=\"377\" height=\"507\" srcset=\"https:\/\/goias.gov.br\/procuradoria\/wp-content\/uploads\/sites\/41\/2017\/08\/pessoal-2-a10.png 377w, https:\/\/goias.gov.br\/procuradoria\/wp-content\/uploads\/sites\/41\/2017\/08\/pessoal-2-a10-223x300.png 223w\" sizes=\"(max-width: 377px) 100vw, 377px\" \/><!DOCTYPE html PUBLIC \"-\/\/W3C\/\/DTD HTML 4.0 Transitional\/\/EN\" \"http:\/\/www.w3.org\/TR\/REC-html40\/loose.dtd\"><br \/>\n<html><body><\/p>\n<p><span style=\"font-family: Arial,sans-serif;\"><span style=\"font-size: 12px; color: #888888;\">A Procuradoria do Estado em atua&ccedil;&atilde;o junto ao Tribunal de Justi&ccedil;a conseguiu, liminarmente, o bloqueio de R$ 454.162,97 em face de ex-tabeli&atilde;o do 1&ordm; Registro de Im&oacute;veis da Comarca de Goi&acirc;nia em decorr&ecirc;ncia de atos de improbidade administrativa. <\/span><\/p>\n<p><span style=\"font-size: 12px; color: #888888;\"> O d&eacute;bito apurado foi constatado durante Correi&ccedil;&atilde;o Geral e Extraordin&aacute;ria realizada pela Corregedoria-Geral da Justi&ccedil;a em rela&ccedil;&atilde;o ao per&iacute;odo de 01.01.2008 a 31.12.2009 junto ao mencionado of&iacute;cio. <\/span><\/p>\n<p><span style=\"font-size: 12px; color: #888888;\"> As condutas verificadas e levadas ao conhecimento do ju&iacute;zo da 2&ordf; Vara da Fazenda P&uacute;blica Estadual importaram o enriquecimento il&iacute;cito do r&eacute;u na medida em que houve o recolhimento do referido valor mas n&atilde;o fora repassado ao Fundo Especial de Reaparelhamento e Moderniza&ccedil;&atilde;o do Poder Judici&aacute;rio &#8211; FUNDESP &#8211; PJ, criado pela Lei Estadual n&ordm;. 12.986\/96, causando dano ao er&aacute;rio. Em consequ&ecirc;ncia, tamb&eacute;m houve atentado contra os princ&iacute;pios da administra&ccedil;&atilde;o p&uacute;blica, cuja tipicidade est&aacute; prevista no art. 11, da Lei Federal 8.429\/92.<\/span><\/p>\n<p><span style=\"font-size: 12px; color: #888888;\"> Em assim sendo, o juiz de Direito, Dr. Ricardo Prata, concluiu &#8220;que h&aacute; suficientes ind&iacute;cios de que n&atilde;o foi feito o recolhimento ao FUNDESP na quantia supradescrita, sendo que, diante das v&aacute;rias irregularidades apontadas Relat&oacute;rio n&ordm; 58\/2012 do Departamento de Correi&ccedil;&atilde;o e Servi&ccedil;os de Apoio da Corregedoria-Geral do Estado de Goi&aacute;s, h&aacute; raz&otilde;es para crer que o r&eacute;u agiu, ao menos, com culpa ao n&atilde;o efetuar o pagamento desse valor&#8221;.<\/span><\/p>\n<p><span style=\"font-size: 12px; color: #888888;\"> O procurador Rafael Vasconcelos Noleto, que atuou no processo, destacou que a medida &eacute; importante pois representa efetiva atua&ccedil;&atilde;o reparadora da representa&ccedil;&atilde;o judicial do Tribunal de Justi&ccedil;a, sendo que a decis&atilde;o liminar fora mantida, a princ&iacute;pio, mesmo ap&oacute;s recurso da parte interessada.&#8221;<\/span><\/p>\n<p><span style=\"font-size: 12px; color: #888888;\"> Processo Origin&aacute;rio: &nbsp;5177489.61.2017.8.09.0051<\/span><br \/><span style=\"font-size: 12px; color: #888888;\"> Agravo de Instrumento: 5227321.22.2017.8.09.0000<\/span><\/span><\/p>\n<p><\/body><\/html><\/p>\n","protected":false},"excerpt":{"rendered":"<p>A Procuradoria do Estado em atua&ccedil;&atilde;o junto ao Tribunal de Justi&ccedil;a conseguiu, liminarmente, o bloqueio de R$ 454.162,97 em face de ex-tabeli&atilde;o do 1&ordm; Registro de Im&oacute;veis da Comarca de Goi&acirc;nia em decorr&ecirc;ncia de atos de improbidade administrativa. O d&eacute;bito apurado foi constatado durante Correi&ccedil;&atilde;o Geral e Extraordin&aacute;ria realizada pela Corregedoria-Geral da Justi&ccedil;a em rela&ccedil;&atilde;o [&hellip;]<\/p>\n","protected":false},"author":1,"featured_media":0,"comment_status":"closed","ping_status":"open","sticky":false,"template":"","format":"standard","meta":{"footnotes":""},"categories":[5],"tags":[],"class_list":["post-4300","post","type-post","status-publish","format-standard","hentry","category-noticias"],"rttpg_featured_image_url":null,"rttpg_author":{"display_name":"wagner.viana","author_link":"https:\/\/goias.gov.br\/procuradoria\/author\/wagner-viana\/"},"rttpg_comment":0,"rttpg_category":"<a href=\"https:\/\/goias.gov.br\/procuradoria\/categoria\/noticias\/\" rel=\"category tag\">Not\u00edcias<\/a>","rttpg_excerpt":"A Procuradoria do Estado em atua&ccedil;&atilde;o junto ao Tribunal de Justi&ccedil;a conseguiu, liminarmente, o bloqueio de R$ 454.162,97 em face de ex-tabeli&atilde;o do 1&ordm; Registro de Im&oacute;veis da Comarca de Goi&acirc;nia em decorr&ecirc;ncia de atos de improbidade administrativa. O d&eacute;bito apurado foi constatado durante Correi&ccedil;&atilde;o Geral e Extraordin&aacute;ria realizada pela Corregedoria-Geral da Justi&ccedil;a em rela&ccedil;&atilde;o&hellip;","_links":{"self":[{"href":"https:\/\/goias.gov.br\/procuradoria\/wp-json\/wp\/v2\/posts\/4300","targetHints":{"allow":["GET"]}}],"collection":[{"href":"https:\/\/goias.gov.br\/procuradoria\/wp-json\/wp\/v2\/posts"}],"about":[{"href":"https:\/\/goias.gov.br\/procuradoria\/wp-json\/wp\/v2\/types\/post"}],"author":[{"embeddable":true,"href":"https:\/\/goias.gov.br\/procuradoria\/wp-json\/wp\/v2\/users\/1"}],"replies":[{"embeddable":true,"href":"https:\/\/goias.gov.br\/procuradoria\/wp-json\/wp\/v2\/comments?post=4300"}],"version-history":[{"count":0,"href":"https:\/\/goias.gov.br\/procuradoria\/wp-json\/wp\/v2\/posts\/4300\/revisions"}],"wp:attachment":[{"href":"https:\/\/goias.gov.br\/procuradoria\/wp-json\/wp\/v2\/media?parent=4300"}],"wp:term":[{"taxonomy":"category","embeddable":true,"href":"https:\/\/goias.gov.br\/procuradoria\/wp-json\/wp\/v2\/categories?post=4300"},{"taxonomy":"post_tag","embeddable":true,"href":"https:\/\/goias.gov.br\/procuradoria\/wp-json\/wp\/v2\/tags?post=4300"}],"curies":[{"name":"wp","href":"https:\/\/api.w.org\/{rel}","templated":true}]}}