

{"id":33,"date":"2018-07-23T11:23:03","date_gmt":"2018-07-23T14:23:03","guid":{"rendered":"https:\/\/siteshom.goias.gov.br\/procuradoria\/galeria-de-secretarios\/"},"modified":"2024-09-04T13:49:53","modified_gmt":"2024-09-04T16:49:53","slug":"galeria-de-secretarios","status":"publish","type":"post","link":"https:\/\/goias.gov.br\/procuradoria\/galeria-de-secretarios\/","title":{"rendered":"Galeria dos Procuradores-Gerais"},"content":{"rendered":"<div class=\"wp-block-image\">\n<figure class=\"aligncenter size-large\"><img fetchpriority=\"high\" decoding=\"async\" width=\"1024\" height=\"975\" src=\"https:\/\/goias.gov.br\/procuradoria\/wp-content\/uploads\/sites\/41\/2018\/07\/GALERIA-DE-PROCURADORES-1024x975.jpeg\" alt=\"\" class=\"wp-image-24648\" srcset=\"https:\/\/goias.gov.br\/procuradoria\/wp-content\/uploads\/sites\/41\/2018\/07\/GALERIA-DE-PROCURADORES-1024x975.jpeg 1024w, https:\/\/goias.gov.br\/procuradoria\/wp-content\/uploads\/sites\/41\/2018\/07\/GALERIA-DE-PROCURADORES-300x286.jpeg 300w, https:\/\/goias.gov.br\/procuradoria\/wp-content\/uploads\/sites\/41\/2018\/07\/GALERIA-DE-PROCURADORES-768x731.jpeg 768w, https:\/\/goias.gov.br\/procuradoria\/wp-content\/uploads\/sites\/41\/2018\/07\/GALERIA-DE-PROCURADORES-1536x1462.jpeg 1536w, https:\/\/goias.gov.br\/procuradoria\/wp-content\/uploads\/sites\/41\/2018\/07\/GALERIA-DE-PROCURADORES-2048x1950.jpeg 2048w\" sizes=\"(max-width: 1024px) 100vw, 1024px\" \/><\/figure>\n<\/div>\n\n\n<p><strong>JULIANA PEREIRA DINIZ PRUDENTE<\/strong><br>2019-2023<\/p>\n\n\n\n<p><strong>JO\u00c3O FURTADO DE MENDON\u00c7A NETO<\/strong><br>2018-2018<\/p>\n\n\n\n<p><strong>MURILO NUNES MAGALH\u00c3ES<\/strong><br>2018-2018<\/p>\n\n\n\n<p><strong>LUIZ C\u00c9SAR KIMURA<\/strong><br>2018-2018<\/p>\n\n\n\n<p><strong>WALTER RODRIGUES<\/strong><br>2018 &#8211; 2018<\/p>\n\n\n\n<p><strong>ALEXANDRE TOCANTINS<\/strong><br>2012 &#8211; 2018<\/p>\n\n\n\n<p><strong>RONALD CHRISTIAN ALVES BICCA<\/strong><br>2011 &#8211; 2012<\/p>\n\n\n\n<p><strong>ANDERSON M\u00c1XIMO DE HOLANDA<\/strong><br>2009 &#8211; 2010<\/p>\n\n\n\n<p><strong>NORIVAL DE CASTRO SANTOM\u00c9<\/strong><br>2007 &#8211; 2009<\/p>\n\n\n\n<p><strong>JO\u00c3O FURTADO DE MENDON\u00c7A NETO<\/strong><br>2002 &#8211; 2007<\/p>\n\n\n\n<p><strong>DI\u00d3GENES MORTOZA DA CUNHA<\/strong><br>1999 &#8211; 2002<\/p>\n\n\n\n<p><strong>GIL ALBERTO RESENDE E SILVA<\/strong><br>1995 &#8211; 1999<\/p>\n\n\n\n<p><strong>L\u00cdGIA COELHO SANTIAGO FERREIRA DA ROCHA<\/strong><br>1994 &#8211; 1994<\/p>\n\n\n\n<p><strong>GERALDO GON\u00c7ALVES DA COSTA<\/strong><br>1991 &#8211; 1994<\/p>\n\n\n\n<p><strong>GERCY BEZERRA LINO TOCANTINS\u00a0<\/strong><br>1987 &#8211; 1991<\/p>\n\n\n\n<p><strong>ROMULO GON\u00c7ALVES<\/strong>\u00a0<br>1986 &#8211; 1987<\/p>\n\n\n\n<p><strong>EVERALDO DE SOUZA<\/strong><br>1984 &#8211; 1986<\/p>\n\n\n\n<p><strong>LU\u00cdS ALBERTO SOYER<\/strong><br>1983 &#8211; 1984<\/p>\n\n\n\n<p><strong>DECIL DE S\u00c1 ABREU<\/strong><br>1980 &#8211; 1983<\/p>\n\n\n\n<p><strong>WILDER TAVARES DE GOES<\/strong><br>1978 &#8211; 1980<\/p>\n\n\n\n<p><strong>OSMAR XERXIS CABRAL<\/strong><br>1975 \u2013 1978<\/p>\n\n\n\n<p><strong>ANT\u00d4NIO DE LISBOA MACHADO<\/strong><br>1973 \u2013 1975<\/p>\n\n\n\n<p><strong>ARLINDO GAUDIE FLEURY<\/strong><br>1971 &#8211; 1973<\/p>\n\n\n\n<p><strong>JACY DE ASSIS<\/strong><br>1967 &#8211; 1971<\/p>\n\n\n\n<p><strong>SEBASTI\u00c3O EMMANUEL BALDU\u00cdNO<\/strong><br>1964 &#8211; 1967<\/p>\n\n\n\n<p><strong>JOS\u00c9 CRISPIM BORGES\u00a0<\/strong><br>Homenagem especial<\/p>\n","protected":false},"excerpt":{"rendered":"<p>JULIANA PEREIRA DINIZ PRUDENTE2019-2023 JO\u00c3O FURTADO DE MENDON\u00c7A NETO2018-2018 MURILO NUNES MAGALH\u00c3ES2018-2018 LUIZ C\u00c9SAR KIMURA2018-2018 WALTER RODRIGUES2018 &#8211; 2018 ALEXANDRE TOCANTINS2012 &#8211; 2018 RONALD CHRISTIAN ALVES BICCA2011 &#8211; 2012 ANDERSON M\u00c1XIMO DE HOLANDA2009 &#8211; 2010 NORIVAL DE CASTRO SANTOM\u00c92007 &#8211; 2009 JO\u00c3O FURTADO DE MENDON\u00c7A NETO2002 &#8211; 2007 DI\u00d3GENES MORTOZA DA CUNHA1999 &#8211; 2002 GIL [&hellip;]<\/p>\n","protected":false},"author":47,"featured_media":0,"comment_status":"closed","ping_status":"open","sticky":false,"template":"","format":"standard","meta":{"footnotes":""},"categories":[2],"tags":[],"class_list":["post-33","post","type-post","status-publish","format-standard","hentry","category-institucional"],"rttpg_featured_image_url":null,"rttpg_author":{"display_name":"carolinaam","author_link":"https:\/\/goias.gov.br\/procuradoria\/author\/carolinaam\/"},"rttpg_comment":0,"rttpg_category":"<a href=\"https:\/\/goias.gov.br\/procuradoria\/categoria\/institucional\/\" rel=\"category tag\">Institucional<\/a>","rttpg_excerpt":"JULIANA PEREIRA DINIZ PRUDENTE2019-2023 JO\u00c3O FURTADO DE MENDON\u00c7A NETO2018-2018 MURILO NUNES MAGALH\u00c3ES2018-2018 LUIZ C\u00c9SAR KIMURA2018-2018 WALTER RODRIGUES2018 &#8211; 2018 ALEXANDRE TOCANTINS2012 &#8211; 2018 RONALD CHRISTIAN ALVES BICCA2011 &#8211; 2012 ANDERSON M\u00c1XIMO DE HOLANDA2009 &#8211; 2010 NORIVAL DE CASTRO SANTOM\u00c92007 &#8211; 2009 JO\u00c3O FURTADO DE MENDON\u00c7A NETO2002 &#8211; 2007 DI\u00d3GENES MORTOZA DA CUNHA1999 &#8211; 2002 GIL&hellip;","_links":{"self":[{"href":"https:\/\/goias.gov.br\/procuradoria\/wp-json\/wp\/v2\/posts\/33","targetHints":{"allow":["GET"]}}],"collection":[{"href":"https:\/\/goias.gov.br\/procuradoria\/wp-json\/wp\/v2\/posts"}],"about":[{"href":"https:\/\/goias.gov.br\/procuradoria\/wp-json\/wp\/v2\/types\/post"}],"author":[{"embeddable":true,"href":"https:\/\/goias.gov.br\/procuradoria\/wp-json\/wp\/v2\/users\/47"}],"replies":[{"embeddable":true,"href":"https:\/\/goias.gov.br\/procuradoria\/wp-json\/wp\/v2\/comments?post=33"}],"version-history":[{"count":2,"href":"https:\/\/goias.gov.br\/procuradoria\/wp-json\/wp\/v2\/posts\/33\/revisions"}],"predecessor-version":[{"id":24666,"href":"https:\/\/goias.gov.br\/procuradoria\/wp-json\/wp\/v2\/posts\/33\/revisions\/24666"}],"wp:attachment":[{"href":"https:\/\/goias.gov.br\/procuradoria\/wp-json\/wp\/v2\/media?parent=33"}],"wp:term":[{"taxonomy":"category","embeddable":true,"href":"https:\/\/goias.gov.br\/procuradoria\/wp-json\/wp\/v2\/categories?post=33"},{"taxonomy":"post_tag","embeddable":true,"href":"https:\/\/goias.gov.br\/procuradoria\/wp-json\/wp\/v2\/tags?post=33"}],"curies":[{"name":"wp","href":"https:\/\/api.w.org\/{rel}","templated":true}]}}