

{"id":147760,"date":"2026-03-17T16:46:00","date_gmt":"2026-03-17T19:46:00","guid":{"rendered":"https:\/\/goias.gov.br\/procuradoria\/?p=147760"},"modified":"2026-03-19T15:09:37","modified_gmt":"2026-03-19T18:09:37","slug":"pge-go-homenageia-corregedor-geral-da-justica-com-medalha-do-merito-da-instituicao","status":"publish","type":"post","link":"https:\/\/goias.gov.br\/procuradoria\/pge-go-homenageia-corregedor-geral-da-justica-com-medalha-do-merito-da-instituicao\/","title":{"rendered":"Medalha do M\u00e9rito: PGE-GO entrega honraria ao corregedor-geral da Justi\u00e7a de Goi\u00e1s"},"content":{"rendered":"\n<figure class=\"wp-block-image size-large\"><img fetchpriority=\"high\" decoding=\"async\" width=\"1024\" height=\"681\" src=\"https:\/\/goias.gov.br\/procuradoria\/wp-content\/uploads\/sites\/41\/2026\/03\/des-marcus-recebe-medalha-da-pge-15_55153298911_o-1024x681.jpg\" alt=\"\" class=\"wp-image-147768\" srcset=\"https:\/\/goias.gov.br\/procuradoria\/wp-content\/uploads\/sites\/41\/2026\/03\/des-marcus-recebe-medalha-da-pge-15_55153298911_o-1024x681.jpg 1024w, https:\/\/goias.gov.br\/procuradoria\/wp-content\/uploads\/sites\/41\/2026\/03\/des-marcus-recebe-medalha-da-pge-15_55153298911_o-300x200.jpg 300w, https:\/\/goias.gov.br\/procuradoria\/wp-content\/uploads\/sites\/41\/2026\/03\/des-marcus-recebe-medalha-da-pge-15_55153298911_o-768x511.jpg 768w, https:\/\/goias.gov.br\/procuradoria\/wp-content\/uploads\/sites\/41\/2026\/03\/des-marcus-recebe-medalha-da-pge-15_55153298911_o-1536x1022.jpg 1536w, https:\/\/goias.gov.br\/procuradoria\/wp-content\/uploads\/sites\/41\/2026\/03\/des-marcus-recebe-medalha-da-pge-15_55153298911_o-2048x1363.jpg 2048w\" sizes=\"(max-width: 1024px) 100vw, 1024px\" \/><\/figure>\n\n\n\n<p>O Gabinete da Procuradoria-Geral do Estado de Goi\u00e1s (PGE-GO) entregou nesta ter\u00e7a-feira (17\/3) a Medalha do M\u00e9rito da institui\u00e7\u00e3o ao corregedor-geral da Justi\u00e7a de Goi\u00e1s, desembargador Marcus da Costa Ferreira, na sede do Tribunal de Justi\u00e7a de Goi\u00e1s (TJ-GO).<\/p>\n\n\n\n<p>O magistrado \u00e9 um dos agraciados com a edi\u00e7\u00e3o 2025 da honraria. Durante a entrega, o procurador-geral do Estado, Rafael Arruda, enalteceu a trajet\u00f3ria de Marcus da Costa Ferreira no Judici\u00e1rio goiano, ressaltando que a homenagem reconhece \u201cos relevantes servi\u00e7os prestados \u00e0 Justi\u00e7a, o fortalecimento das institui\u00e7\u00f5es p\u00fablicas e a defesa do Estado Democr\u00e1tico de Direito\u201d.<\/p>\n\n\n\n<p>Ao agradecer a distin\u00e7\u00e3o, o corregedor-geral afirmou estar honrado com o reconhecimento. \u201c\u00c9 uma honra receber essa homenagem, especialmente de uma institui\u00e7\u00e3o que realiza um trabalho brilhante em Goi\u00e1s. Ao defender os interesses do Estado, os procuradores tamb\u00e9m defendem os interesses de toda a sociedade. Parab\u00e9ns pelo excelente trabalho\u201d, disse.<\/p>\n\n\n\n<p>A entrega contou ainda com a presen\u00e7a da subprocuradora-geral para Assuntos Administrativos, Luciana Rezende; da chefe de Gabinete, Helianny Siqueira; e do procurador-chefe da Procuradoria Tribut\u00e1ria, Raimundo Diniz.<\/p>\n\n\n\n<figure class=\"wp-block-gallery has-nested-images columns-default is-cropped wp-block-gallery-1 is-layout-flex wp-block-gallery-is-layout-flex\">\n<figure class=\"wp-block-image size-large\"><img decoding=\"async\" width=\"769\" height=\"1024\" data-id=\"147806\" src=\"https:\/\/goias.gov.br\/procuradoria\/wp-content\/uploads\/sites\/41\/2026\/03\/17.03-ENTREGA-DE-MEDALHA-CORREGEDORIA-TJGO-DR.-MARCUS-30-769x1024.jpg\" alt=\"\" class=\"wp-image-147806\" srcset=\"https:\/\/goias.gov.br\/procuradoria\/wp-content\/uploads\/sites\/41\/2026\/03\/17.03-ENTREGA-DE-MEDALHA-CORREGEDORIA-TJGO-DR.-MARCUS-30-769x1024.jpg 769w, https:\/\/goias.gov.br\/procuradoria\/wp-content\/uploads\/sites\/41\/2026\/03\/17.03-ENTREGA-DE-MEDALHA-CORREGEDORIA-TJGO-DR.-MARCUS-30-225x300.jpg 225w, https:\/\/goias.gov.br\/procuradoria\/wp-content\/uploads\/sites\/41\/2026\/03\/17.03-ENTREGA-DE-MEDALHA-CORREGEDORIA-TJGO-DR.-MARCUS-30-768x1023.jpg 768w, https:\/\/goias.gov.br\/procuradoria\/wp-content\/uploads\/sites\/41\/2026\/03\/17.03-ENTREGA-DE-MEDALHA-CORREGEDORIA-TJGO-DR.-MARCUS-30-1153x1536.jpg 1153w, https:\/\/goias.gov.br\/procuradoria\/wp-content\/uploads\/sites\/41\/2026\/03\/17.03-ENTREGA-DE-MEDALHA-CORREGEDORIA-TJGO-DR.-MARCUS-30-1537x2048.jpg 1537w\" sizes=\"(max-width: 769px) 100vw, 769px\" \/><\/figure>\n\n\n\n<figure class=\"wp-block-image size-large\"><img decoding=\"async\" width=\"1024\" height=\"769\" data-id=\"147769\" src=\"https:\/\/goias.gov.br\/procuradoria\/wp-content\/uploads\/sites\/41\/2026\/03\/17.03-ENTREGA-DE-MEDALHA-CORREGEDORIA-TJGO-DR.-MARCUS-4-1024x769.jpg\" alt=\"\" class=\"wp-image-147769\" srcset=\"https:\/\/goias.gov.br\/procuradoria\/wp-content\/uploads\/sites\/41\/2026\/03\/17.03-ENTREGA-DE-MEDALHA-CORREGEDORIA-TJGO-DR.-MARCUS-4-1024x769.jpg 1024w, https:\/\/goias.gov.br\/procuradoria\/wp-content\/uploads\/sites\/41\/2026\/03\/17.03-ENTREGA-DE-MEDALHA-CORREGEDORIA-TJGO-DR.-MARCUS-4-300x225.jpg 300w, https:\/\/goias.gov.br\/procuradoria\/wp-content\/uploads\/sites\/41\/2026\/03\/17.03-ENTREGA-DE-MEDALHA-CORREGEDORIA-TJGO-DR.-MARCUS-4-768x577.jpg 768w, https:\/\/goias.gov.br\/procuradoria\/wp-content\/uploads\/sites\/41\/2026\/03\/17.03-ENTREGA-DE-MEDALHA-CORREGEDORIA-TJGO-DR.-MARCUS-4-1536x1153.jpg 1536w, https:\/\/goias.gov.br\/procuradoria\/wp-content\/uploads\/sites\/41\/2026\/03\/17.03-ENTREGA-DE-MEDALHA-CORREGEDORIA-TJGO-DR.-MARCUS-4-2048x1538.jpg 2048w\" sizes=\"(max-width: 1024px) 100vw, 1024px\" \/><\/figure>\n\n\n\n<figure class=\"wp-block-image size-large\"><img loading=\"lazy\" decoding=\"async\" width=\"1024\" height=\"769\" data-id=\"147772\" src=\"https:\/\/goias.gov.br\/procuradoria\/wp-content\/uploads\/sites\/41\/2026\/03\/17.03-ENTREGA-DE-MEDALHA-CORREGEDORIA-TJGO-DR.-MARCUS-6-1024x769.jpg\" alt=\"\" class=\"wp-image-147772\" srcset=\"https:\/\/goias.gov.br\/procuradoria\/wp-content\/uploads\/sites\/41\/2026\/03\/17.03-ENTREGA-DE-MEDALHA-CORREGEDORIA-TJGO-DR.-MARCUS-6-1024x769.jpg 1024w, https:\/\/goias.gov.br\/procuradoria\/wp-content\/uploads\/sites\/41\/2026\/03\/17.03-ENTREGA-DE-MEDALHA-CORREGEDORIA-TJGO-DR.-MARCUS-6-300x225.jpg 300w, https:\/\/goias.gov.br\/procuradoria\/wp-content\/uploads\/sites\/41\/2026\/03\/17.03-ENTREGA-DE-MEDALHA-CORREGEDORIA-TJGO-DR.-MARCUS-6-768x577.jpg 768w, https:\/\/goias.gov.br\/procuradoria\/wp-content\/uploads\/sites\/41\/2026\/03\/17.03-ENTREGA-DE-MEDALHA-CORREGEDORIA-TJGO-DR.-MARCUS-6-1536x1153.jpg 1536w, https:\/\/goias.gov.br\/procuradoria\/wp-content\/uploads\/sites\/41\/2026\/03\/17.03-ENTREGA-DE-MEDALHA-CORREGEDORIA-TJGO-DR.-MARCUS-6-2048x1538.jpg 2048w\" sizes=\"(max-width: 1024px) 100vw, 1024px\" \/><\/figure>\n\n\n\n<figure class=\"wp-block-image size-large\"><img loading=\"lazy\" decoding=\"async\" width=\"1024\" height=\"769\" data-id=\"147777\" src=\"https:\/\/goias.gov.br\/procuradoria\/wp-content\/uploads\/sites\/41\/2026\/03\/17.03-ENTREGA-DE-MEDALHA-CORREGEDORIA-TJGO-DR.-MARCUS-14-1024x769.jpg\" alt=\"\" class=\"wp-image-147777\" srcset=\"https:\/\/goias.gov.br\/procuradoria\/wp-content\/uploads\/sites\/41\/2026\/03\/17.03-ENTREGA-DE-MEDALHA-CORREGEDORIA-TJGO-DR.-MARCUS-14-1024x769.jpg 1024w, https:\/\/goias.gov.br\/procuradoria\/wp-content\/uploads\/sites\/41\/2026\/03\/17.03-ENTREGA-DE-MEDALHA-CORREGEDORIA-TJGO-DR.-MARCUS-14-300x225.jpg 300w, https:\/\/goias.gov.br\/procuradoria\/wp-content\/uploads\/sites\/41\/2026\/03\/17.03-ENTREGA-DE-MEDALHA-CORREGEDORIA-TJGO-DR.-MARCUS-14-768x577.jpg 768w, https:\/\/goias.gov.br\/procuradoria\/wp-content\/uploads\/sites\/41\/2026\/03\/17.03-ENTREGA-DE-MEDALHA-CORREGEDORIA-TJGO-DR.-MARCUS-14-1536x1153.jpg 1536w, https:\/\/goias.gov.br\/procuradoria\/wp-content\/uploads\/sites\/41\/2026\/03\/17.03-ENTREGA-DE-MEDALHA-CORREGEDORIA-TJGO-DR.-MARCUS-14-2048x1538.jpg 2048w\" sizes=\"(max-width: 1024px) 100vw, 1024px\" \/><\/figure>\n\n\n\n<figure class=\"wp-block-image size-large\"><img loading=\"lazy\" decoding=\"async\" width=\"769\" height=\"1024\" data-id=\"147780\" src=\"https:\/\/goias.gov.br\/procuradoria\/wp-content\/uploads\/sites\/41\/2026\/03\/17.03-ENTREGA-DE-MEDALHA-CORREGEDORIA-TJGO-DR.-MARCUS-16-769x1024.jpg\" alt=\"\" class=\"wp-image-147780\" srcset=\"https:\/\/goias.gov.br\/procuradoria\/wp-content\/uploads\/sites\/41\/2026\/03\/17.03-ENTREGA-DE-MEDALHA-CORREGEDORIA-TJGO-DR.-MARCUS-16-769x1024.jpg 769w, https:\/\/goias.gov.br\/procuradoria\/wp-content\/uploads\/sites\/41\/2026\/03\/17.03-ENTREGA-DE-MEDALHA-CORREGEDORIA-TJGO-DR.-MARCUS-16-225x300.jpg 225w, https:\/\/goias.gov.br\/procuradoria\/wp-content\/uploads\/sites\/41\/2026\/03\/17.03-ENTREGA-DE-MEDALHA-CORREGEDORIA-TJGO-DR.-MARCUS-16-768x1023.jpg 768w, https:\/\/goias.gov.br\/procuradoria\/wp-content\/uploads\/sites\/41\/2026\/03\/17.03-ENTREGA-DE-MEDALHA-CORREGEDORIA-TJGO-DR.-MARCUS-16-1153x1536.jpg 1153w, https:\/\/goias.gov.br\/procuradoria\/wp-content\/uploads\/sites\/41\/2026\/03\/17.03-ENTREGA-DE-MEDALHA-CORREGEDORIA-TJGO-DR.-MARCUS-16-1538x2048.jpg 1538w\" sizes=\"(max-width: 769px) 100vw, 769px\" \/><\/figure>\n\n\n\n<figure class=\"wp-block-image size-large\"><img loading=\"lazy\" decoding=\"async\" width=\"769\" height=\"1024\" data-id=\"147784\" src=\"https:\/\/goias.gov.br\/procuradoria\/wp-content\/uploads\/sites\/41\/2026\/03\/17.03-ENTREGA-DE-MEDALHA-CORREGEDORIA-TJGO-DR.-MARCUS-20-769x1024.jpg\" alt=\"\" class=\"wp-image-147784\" srcset=\"https:\/\/goias.gov.br\/procuradoria\/wp-content\/uploads\/sites\/41\/2026\/03\/17.03-ENTREGA-DE-MEDALHA-CORREGEDORIA-TJGO-DR.-MARCUS-20-769x1024.jpg 769w, https:\/\/goias.gov.br\/procuradoria\/wp-content\/uploads\/sites\/41\/2026\/03\/17.03-ENTREGA-DE-MEDALHA-CORREGEDORIA-TJGO-DR.-MARCUS-20-225x300.jpg 225w, https:\/\/goias.gov.br\/procuradoria\/wp-content\/uploads\/sites\/41\/2026\/03\/17.03-ENTREGA-DE-MEDALHA-CORREGEDORIA-TJGO-DR.-MARCUS-20-768x1023.jpg 768w, https:\/\/goias.gov.br\/procuradoria\/wp-content\/uploads\/sites\/41\/2026\/03\/17.03-ENTREGA-DE-MEDALHA-CORREGEDORIA-TJGO-DR.-MARCUS-20-1153x1536.jpg 1153w, https:\/\/goias.gov.br\/procuradoria\/wp-content\/uploads\/sites\/41\/2026\/03\/17.03-ENTREGA-DE-MEDALHA-CORREGEDORIA-TJGO-DR.-MARCUS-20-1538x2048.jpg 1538w\" sizes=\"(max-width: 769px) 100vw, 769px\" \/><\/figure>\n\n\n\n<figure class=\"wp-block-image size-large\"><img loading=\"lazy\" decoding=\"async\" width=\"769\" height=\"1024\" data-id=\"147788\" src=\"https:\/\/goias.gov.br\/procuradoria\/wp-content\/uploads\/sites\/41\/2026\/03\/17.03-ENTREGA-DE-MEDALHA-CORREGEDORIA-TJGO-DR.-MARCUS-25-769x1024.jpg\" alt=\"\" class=\"wp-image-147788\" srcset=\"https:\/\/goias.gov.br\/procuradoria\/wp-content\/uploads\/sites\/41\/2026\/03\/17.03-ENTREGA-DE-MEDALHA-CORREGEDORIA-TJGO-DR.-MARCUS-25-769x1024.jpg 769w, https:\/\/goias.gov.br\/procuradoria\/wp-content\/uploads\/sites\/41\/2026\/03\/17.03-ENTREGA-DE-MEDALHA-CORREGEDORIA-TJGO-DR.-MARCUS-25-225x300.jpg 225w, https:\/\/goias.gov.br\/procuradoria\/wp-content\/uploads\/sites\/41\/2026\/03\/17.03-ENTREGA-DE-MEDALHA-CORREGEDORIA-TJGO-DR.-MARCUS-25-768x1023.jpg 768w, https:\/\/goias.gov.br\/procuradoria\/wp-content\/uploads\/sites\/41\/2026\/03\/17.03-ENTREGA-DE-MEDALHA-CORREGEDORIA-TJGO-DR.-MARCUS-25-1153x1536.jpg 1153w, https:\/\/goias.gov.br\/procuradoria\/wp-content\/uploads\/sites\/41\/2026\/03\/17.03-ENTREGA-DE-MEDALHA-CORREGEDORIA-TJGO-DR.-MARCUS-25-1538x2048.jpg 1538w\" sizes=\"(max-width: 769px) 100vw, 769px\" \/><\/figure>\n\n\n\n<figure class=\"wp-block-image size-large\"><img loading=\"lazy\" decoding=\"async\" width=\"1024\" height=\"769\" data-id=\"147797\" src=\"https:\/\/goias.gov.br\/procuradoria\/wp-content\/uploads\/sites\/41\/2026\/03\/17.03-ENTREGA-DE-MEDALHA-CORREGEDORIA-TJGO-DR.-MARCUS-28-1024x769.jpg\" alt=\"\" class=\"wp-image-147797\" srcset=\"https:\/\/goias.gov.br\/procuradoria\/wp-content\/uploads\/sites\/41\/2026\/03\/17.03-ENTREGA-DE-MEDALHA-CORREGEDORIA-TJGO-DR.-MARCUS-28-1024x769.jpg 1024w, https:\/\/goias.gov.br\/procuradoria\/wp-content\/uploads\/sites\/41\/2026\/03\/17.03-ENTREGA-DE-MEDALHA-CORREGEDORIA-TJGO-DR.-MARCUS-28-300x225.jpg 300w, https:\/\/goias.gov.br\/procuradoria\/wp-content\/uploads\/sites\/41\/2026\/03\/17.03-ENTREGA-DE-MEDALHA-CORREGEDORIA-TJGO-DR.-MARCUS-28-768x577.jpg 768w, https:\/\/goias.gov.br\/procuradoria\/wp-content\/uploads\/sites\/41\/2026\/03\/17.03-ENTREGA-DE-MEDALHA-CORREGEDORIA-TJGO-DR.-MARCUS-28-1536x1153.jpg 1536w, https:\/\/goias.gov.br\/procuradoria\/wp-content\/uploads\/sites\/41\/2026\/03\/17.03-ENTREGA-DE-MEDALHA-CORREGEDORIA-TJGO-DR.-MARCUS-28-2048x1538.jpg 2048w\" sizes=\"(max-width: 1024px) 100vw, 1024px\" \/><\/figure>\n<\/figure>\n","protected":false},"excerpt":{"rendered":"<p>O Gabinete da Procuradoria-Geral do Estado de Goi\u00e1s (PGE-GO) entregou nesta ter\u00e7a-feira (17\/3) a Medalha do M\u00e9rito da institui\u00e7\u00e3o ao corregedor-geral da Justi\u00e7a de Goi\u00e1s, desembargador Marcus da Costa Ferreira, na sede do Tribunal de Justi\u00e7a de Goi\u00e1s (TJ-GO). O magistrado \u00e9 um dos agraciados com a edi\u00e7\u00e3o 2025 da honraria. Durante a entrega, o [&hellip;]<\/p>\n","protected":false},"author":219,"featured_media":147768,"comment_status":"closed","ping_status":"open","sticky":false,"template":"","format":"standard","meta":{"footnotes":""},"categories":[5],"tags":[],"class_list":["post-147760","post","type-post","status-publish","format-standard","has-post-thumbnail","hentry","category-noticias"],"rttpg_featured_image_url":{"full":["https:\/\/goias.gov.br\/procuradoria\/wp-content\/uploads\/sites\/41\/2026\/03\/des-marcus-recebe-medalha-da-pge-15_55153298911_o.jpg",4256,2832,false],"landscape":["https:\/\/goias.gov.br\/procuradoria\/wp-content\/uploads\/sites\/41\/2026\/03\/des-marcus-recebe-medalha-da-pge-15_55153298911_o.jpg",4256,2832,false],"portraits":["https:\/\/goias.gov.br\/procuradoria\/wp-content\/uploads\/sites\/41\/2026\/03\/des-marcus-recebe-medalha-da-pge-15_55153298911_o.jpg",4256,2832,false],"thumbnail":["https:\/\/goias.gov.br\/procuradoria\/wp-content\/uploads\/sites\/41\/2026\/03\/des-marcus-recebe-medalha-da-pge-15_55153298911_o-150x150.jpg",150,150,true],"medium":["https:\/\/goias.gov.br\/procuradoria\/wp-content\/uploads\/sites\/41\/2026\/03\/des-marcus-recebe-medalha-da-pge-15_55153298911_o-300x200.jpg",300,200,true],"large":["https:\/\/goias.gov.br\/procuradoria\/wp-content\/uploads\/sites\/41\/2026\/03\/des-marcus-recebe-medalha-da-pge-15_55153298911_o-1024x681.jpg",1024,681,true],"1536x1536":["https:\/\/goias.gov.br\/procuradoria\/wp-content\/uploads\/sites\/41\/2026\/03\/des-marcus-recebe-medalha-da-pge-15_55153298911_o-1536x1022.jpg",1536,1022,true],"2048x2048":["https:\/\/goias.gov.br\/procuradoria\/wp-content\/uploads\/sites\/41\/2026\/03\/des-marcus-recebe-medalha-da-pge-15_55153298911_o-2048x1363.jpg",2048,1363,true]},"rttpg_author":{"display_name":"viniciusbraga","author_link":"https:\/\/goias.gov.br\/procuradoria\/author\/viniciusbraga\/"},"rttpg_comment":0,"rttpg_category":"<a href=\"https:\/\/goias.gov.br\/procuradoria\/categoria\/noticias\/\" rel=\"category tag\">Not\u00edcias<\/a>","rttpg_excerpt":"O Gabinete da Procuradoria-Geral do Estado de Goi\u00e1s (PGE-GO) entregou nesta ter\u00e7a-feira (17\/3) a Medalha do M\u00e9rito da institui\u00e7\u00e3o ao corregedor-geral da Justi\u00e7a de Goi\u00e1s, desembargador Marcus da Costa Ferreira, na sede do Tribunal de Justi\u00e7a de Goi\u00e1s (TJ-GO). O magistrado \u00e9 um dos agraciados com a edi\u00e7\u00e3o 2025 da honraria. Durante a entrega, o&hellip;","_links":{"self":[{"href":"https:\/\/goias.gov.br\/procuradoria\/wp-json\/wp\/v2\/posts\/147760","targetHints":{"allow":["GET"]}}],"collection":[{"href":"https:\/\/goias.gov.br\/procuradoria\/wp-json\/wp\/v2\/posts"}],"about":[{"href":"https:\/\/goias.gov.br\/procuradoria\/wp-json\/wp\/v2\/types\/post"}],"author":[{"embeddable":true,"href":"https:\/\/goias.gov.br\/procuradoria\/wp-json\/wp\/v2\/users\/219"}],"replies":[{"embeddable":true,"href":"https:\/\/goias.gov.br\/procuradoria\/wp-json\/wp\/v2\/comments?post=147760"}],"version-history":[{"count":2,"href":"https:\/\/goias.gov.br\/procuradoria\/wp-json\/wp\/v2\/posts\/147760\/revisions"}],"predecessor-version":[{"id":147941,"href":"https:\/\/goias.gov.br\/procuradoria\/wp-json\/wp\/v2\/posts\/147760\/revisions\/147941"}],"wp:featuredmedia":[{"embeddable":true,"href":"https:\/\/goias.gov.br\/procuradoria\/wp-json\/wp\/v2\/media\/147768"}],"wp:attachment":[{"href":"https:\/\/goias.gov.br\/procuradoria\/wp-json\/wp\/v2\/media?parent=147760"}],"wp:term":[{"taxonomy":"category","embeddable":true,"href":"https:\/\/goias.gov.br\/procuradoria\/wp-json\/wp\/v2\/categories?post=147760"},{"taxonomy":"post_tag","embeddable":true,"href":"https:\/\/goias.gov.br\/procuradoria\/wp-json\/wp\/v2\/tags?post=147760"}],"curies":[{"name":"wp","href":"https:\/\/api.w.org\/{rel}","templated":true}]}}