

{"id":145897,"date":"2026-03-12T14:14:22","date_gmt":"2026-03-12T17:14:22","guid":{"rendered":"https:\/\/goias.gov.br\/procuradoria\/?p=145897"},"modified":"2026-03-13T11:30:31","modified_gmt":"2026-03-13T14:30:31","slug":"programa-de-estudos-dirigidos-5o-encontro-discute-terceirizacao-na-administracao-publica","status":"publish","type":"post","link":"https:\/\/goias.gov.br\/procuradoria\/programa-de-estudos-dirigidos-5o-encontro-discute-terceirizacao-na-administracao-publica\/","title":{"rendered":"Programa de Estudos Dirigidos: 5\u00ba encontro discute terceiriza\u00e7\u00e3o na Administra\u00e7\u00e3o P\u00fablica"},"content":{"rendered":"\n<figure class=\"wp-block-image size-large\"><img fetchpriority=\"high\" decoding=\"async\" width=\"1024\" height=\"769\" src=\"https:\/\/goias.gov.br\/procuradoria\/wp-content\/uploads\/sites\/41\/2026\/03\/11.03-7-PED-5-62-1024x769.jpg\" alt=\"\" class=\"wp-image-145936\" srcset=\"https:\/\/goias.gov.br\/procuradoria\/wp-content\/uploads\/sites\/41\/2026\/03\/11.03-7-PED-5-62-1024x769.jpg 1024w, https:\/\/goias.gov.br\/procuradoria\/wp-content\/uploads\/sites\/41\/2026\/03\/11.03-7-PED-5-62-300x225.jpg 300w, https:\/\/goias.gov.br\/procuradoria\/wp-content\/uploads\/sites\/41\/2026\/03\/11.03-7-PED-5-62-768x577.jpg 768w, https:\/\/goias.gov.br\/procuradoria\/wp-content\/uploads\/sites\/41\/2026\/03\/11.03-7-PED-5-62-1536x1153.jpg 1536w, https:\/\/goias.gov.br\/procuradoria\/wp-content\/uploads\/sites\/41\/2026\/03\/11.03-7-PED-5-62-2048x1537.jpg 2048w, https:\/\/goias.gov.br\/procuradoria\/wp-content\/uploads\/sites\/41\/2026\/03\/11.03-7-PED-5-62-600x450.jpg 600w\" sizes=\"(max-width: 1024px) 100vw, 1024px\" \/><\/figure>\n\n\n\n<p>O procurador Samuel Modesto conduziu nesta quarta-feira (11\/3), no audit\u00f3rio da PGE, o 5\u00ba encontro do Programa de Estudos Dirigidos, com o tema \u201cTerceiriza\u00e7\u00e3o na Administra\u00e7\u00e3o P\u00fablica p\u00f3s-Tema 1118 do STF: a quest\u00e3o do \u00f4nus da prova e os crit\u00e9rios de imputa\u00e7\u00e3o de responsabilidade\u201d.<\/p>\n\n\n\n<p>A responsabilidade subsidi\u00e1ria da Administra\u00e7\u00e3o P\u00fablica em contratos de terceiriza\u00e7\u00e3o de servi\u00e7os \u00e9 um tema que sempre gerou controv\u00e9rsias no Poder Judici\u00e1rio.<\/p>\n\n\n\n<p>\u201cCom a tese fixada no Tema 1118 da Repercuss\u00e3o Geral, o STF estabeleceu crit\u00e9rios objetivos para responsabiliza\u00e7\u00e3o do ente p\u00fablico, bem como afirmou a necessidade de ado\u00e7\u00e3o de medidas preventivas na fiscaliza\u00e7\u00e3o dos contratos de presta\u00e7\u00e3o de servi\u00e7os\u201d, explica o procurador.<\/p>\n\n\n\n<p>Durante a aula, ele tamb\u00e9m discutiu os impactos da tese fixada em fevereiro de 2025 no Judici\u00e1rio e no cotidiano da Administra\u00e7\u00e3o P\u00fablica.<\/p>\n\n\n\n<p>O pr\u00f3ximo encontro do programa ser\u00e1 realizado no dia 25 de mar\u00e7o, \u00e0s 9h, com o tema \u201cO papel da Procuradoria na defesa e ordenamento do patrim\u00f4nio p\u00fablico estadual\u201d, conduzido pela procuradora do Estado Cl\u00e1udia Mar\u00e7al de Souza.<\/p>\n\n\n\n<figure class=\"wp-block-gallery has-nested-images columns-default is-cropped wp-block-gallery-1 is-layout-flex wp-block-gallery-is-layout-flex\">\n<figure class=\"wp-block-image size-large\"><img decoding=\"async\" width=\"769\" height=\"1024\" data-id=\"145928\" src=\"https:\/\/goias.gov.br\/procuradoria\/wp-content\/uploads\/sites\/41\/2026\/03\/11.03-7-PED-5-51-769x1024.jpg\" alt=\"\" class=\"wp-image-145928\" srcset=\"https:\/\/goias.gov.br\/procuradoria\/wp-content\/uploads\/sites\/41\/2026\/03\/11.03-7-PED-5-51-769x1024.jpg 769w, https:\/\/goias.gov.br\/procuradoria\/wp-content\/uploads\/sites\/41\/2026\/03\/11.03-7-PED-5-51-225x300.jpg 225w, https:\/\/goias.gov.br\/procuradoria\/wp-content\/uploads\/sites\/41\/2026\/03\/11.03-7-PED-5-51-768x1023.jpg 768w, https:\/\/goias.gov.br\/procuradoria\/wp-content\/uploads\/sites\/41\/2026\/03\/11.03-7-PED-5-51-1153x1536.jpg 1153w, https:\/\/goias.gov.br\/procuradoria\/wp-content\/uploads\/sites\/41\/2026\/03\/11.03-7-PED-5-51-1538x2048.jpg 1538w\" sizes=\"(max-width: 769px) 100vw, 769px\" \/><\/figure>\n\n\n\n<figure class=\"wp-block-image size-large\"><img decoding=\"async\" width=\"1024\" height=\"769\" data-id=\"145954\" src=\"https:\/\/goias.gov.br\/procuradoria\/wp-content\/uploads\/sites\/41\/2026\/03\/11.03-7-PED-5-74-1024x769.jpg\" alt=\"\" class=\"wp-image-145954\" srcset=\"https:\/\/goias.gov.br\/procuradoria\/wp-content\/uploads\/sites\/41\/2026\/03\/11.03-7-PED-5-74-1024x769.jpg 1024w, https:\/\/goias.gov.br\/procuradoria\/wp-content\/uploads\/sites\/41\/2026\/03\/11.03-7-PED-5-74-300x225.jpg 300w, https:\/\/goias.gov.br\/procuradoria\/wp-content\/uploads\/sites\/41\/2026\/03\/11.03-7-PED-5-74-768x577.jpg 768w, https:\/\/goias.gov.br\/procuradoria\/wp-content\/uploads\/sites\/41\/2026\/03\/11.03-7-PED-5-74-1536x1153.jpg 1536w, https:\/\/goias.gov.br\/procuradoria\/wp-content\/uploads\/sites\/41\/2026\/03\/11.03-7-PED-5-74-2048x1538.jpg 2048w, https:\/\/goias.gov.br\/procuradoria\/wp-content\/uploads\/sites\/41\/2026\/03\/11.03-7-PED-5-74-600x450.jpg 600w\" sizes=\"(max-width: 1024px) 100vw, 1024px\" \/><\/figure>\n\n\n\n<figure class=\"wp-block-image size-large\"><img loading=\"lazy\" decoding=\"async\" width=\"1024\" height=\"769\" data-id=\"145948\" src=\"https:\/\/goias.gov.br\/procuradoria\/wp-content\/uploads\/sites\/41\/2026\/03\/11.03-7-PED-5-69-1024x769.jpg\" alt=\"\" class=\"wp-image-145948\" srcset=\"https:\/\/goias.gov.br\/procuradoria\/wp-content\/uploads\/sites\/41\/2026\/03\/11.03-7-PED-5-69-1024x769.jpg 1024w, https:\/\/goias.gov.br\/procuradoria\/wp-content\/uploads\/sites\/41\/2026\/03\/11.03-7-PED-5-69-300x225.jpg 300w, https:\/\/goias.gov.br\/procuradoria\/wp-content\/uploads\/sites\/41\/2026\/03\/11.03-7-PED-5-69-768x577.jpg 768w, https:\/\/goias.gov.br\/procuradoria\/wp-content\/uploads\/sites\/41\/2026\/03\/11.03-7-PED-5-69-1536x1153.jpg 1536w, https:\/\/goias.gov.br\/procuradoria\/wp-content\/uploads\/sites\/41\/2026\/03\/11.03-7-PED-5-69-2048x1538.jpg 2048w, https:\/\/goias.gov.br\/procuradoria\/wp-content\/uploads\/sites\/41\/2026\/03\/11.03-7-PED-5-69-600x450.jpg 600w\" sizes=\"(max-width: 1024px) 100vw, 1024px\" \/><\/figure>\n\n\n\n<figure class=\"wp-block-image size-large\"><img loading=\"lazy\" decoding=\"async\" width=\"1024\" height=\"769\" data-id=\"145946\" src=\"https:\/\/goias.gov.br\/procuradoria\/wp-content\/uploads\/sites\/41\/2026\/03\/11.03-7-PED-5-67-1024x769.jpg\" alt=\"\" class=\"wp-image-145946\" srcset=\"https:\/\/goias.gov.br\/procuradoria\/wp-content\/uploads\/sites\/41\/2026\/03\/11.03-7-PED-5-67-1024x769.jpg 1024w, https:\/\/goias.gov.br\/procuradoria\/wp-content\/uploads\/sites\/41\/2026\/03\/11.03-7-PED-5-67-300x225.jpg 300w, https:\/\/goias.gov.br\/procuradoria\/wp-content\/uploads\/sites\/41\/2026\/03\/11.03-7-PED-5-67-768x577.jpg 768w, https:\/\/goias.gov.br\/procuradoria\/wp-content\/uploads\/sites\/41\/2026\/03\/11.03-7-PED-5-67-1536x1153.jpg 1536w, https:\/\/goias.gov.br\/procuradoria\/wp-content\/uploads\/sites\/41\/2026\/03\/11.03-7-PED-5-67-2048x1537.jpg 2048w, https:\/\/goias.gov.br\/procuradoria\/wp-content\/uploads\/sites\/41\/2026\/03\/11.03-7-PED-5-67-600x450.jpg 600w\" sizes=\"(max-width: 1024px) 100vw, 1024px\" \/><\/figure>\n\n\n\n<figure class=\"wp-block-image size-large\"><img loading=\"lazy\" decoding=\"async\" width=\"769\" height=\"1024\" data-id=\"145938\" src=\"https:\/\/goias.gov.br\/procuradoria\/wp-content\/uploads\/sites\/41\/2026\/03\/11.03-7-PED-5-66-769x1024.jpg\" alt=\"\" class=\"wp-image-145938\" srcset=\"https:\/\/goias.gov.br\/procuradoria\/wp-content\/uploads\/sites\/41\/2026\/03\/11.03-7-PED-5-66-769x1024.jpg 769w, https:\/\/goias.gov.br\/procuradoria\/wp-content\/uploads\/sites\/41\/2026\/03\/11.03-7-PED-5-66-225x300.jpg 225w, https:\/\/goias.gov.br\/procuradoria\/wp-content\/uploads\/sites\/41\/2026\/03\/11.03-7-PED-5-66-768x1023.jpg 768w, https:\/\/goias.gov.br\/procuradoria\/wp-content\/uploads\/sites\/41\/2026\/03\/11.03-7-PED-5-66-1153x1536.jpg 1153w, https:\/\/goias.gov.br\/procuradoria\/wp-content\/uploads\/sites\/41\/2026\/03\/11.03-7-PED-5-66-1538x2048.jpg 1538w\" sizes=\"(max-width: 769px) 100vw, 769px\" \/><\/figure>\n\n\n\n<figure class=\"wp-block-image size-large\"><img loading=\"lazy\" decoding=\"async\" width=\"1024\" height=\"769\" data-id=\"145936\" src=\"https:\/\/goias.gov.br\/procuradoria\/wp-content\/uploads\/sites\/41\/2026\/03\/11.03-7-PED-5-62-1024x769.jpg\" alt=\"\" class=\"wp-image-145936\" srcset=\"https:\/\/goias.gov.br\/procuradoria\/wp-content\/uploads\/sites\/41\/2026\/03\/11.03-7-PED-5-62-1024x769.jpg 1024w, https:\/\/goias.gov.br\/procuradoria\/wp-content\/uploads\/sites\/41\/2026\/03\/11.03-7-PED-5-62-300x225.jpg 300w, https:\/\/goias.gov.br\/procuradoria\/wp-content\/uploads\/sites\/41\/2026\/03\/11.03-7-PED-5-62-768x577.jpg 768w, https:\/\/goias.gov.br\/procuradoria\/wp-content\/uploads\/sites\/41\/2026\/03\/11.03-7-PED-5-62-1536x1153.jpg 1536w, https:\/\/goias.gov.br\/procuradoria\/wp-content\/uploads\/sites\/41\/2026\/03\/11.03-7-PED-5-62-2048x1537.jpg 2048w, https:\/\/goias.gov.br\/procuradoria\/wp-content\/uploads\/sites\/41\/2026\/03\/11.03-7-PED-5-62-600x450.jpg 600w\" sizes=\"(max-width: 1024px) 100vw, 1024px\" \/><\/figure>\n\n\n\n<figure class=\"wp-block-image size-large\"><img loading=\"lazy\" decoding=\"async\" width=\"1024\" height=\"769\" data-id=\"145931\" src=\"https:\/\/goias.gov.br\/procuradoria\/wp-content\/uploads\/sites\/41\/2026\/03\/11.03-7-PED-5-57-1024x769.jpg\" alt=\"\" class=\"wp-image-145931\" srcset=\"https:\/\/goias.gov.br\/procuradoria\/wp-content\/uploads\/sites\/41\/2026\/03\/11.03-7-PED-5-57-1024x769.jpg 1024w, https:\/\/goias.gov.br\/procuradoria\/wp-content\/uploads\/sites\/41\/2026\/03\/11.03-7-PED-5-57-300x225.jpg 300w, https:\/\/goias.gov.br\/procuradoria\/wp-content\/uploads\/sites\/41\/2026\/03\/11.03-7-PED-5-57-768x577.jpg 768w, https:\/\/goias.gov.br\/procuradoria\/wp-content\/uploads\/sites\/41\/2026\/03\/11.03-7-PED-5-57-1536x1153.jpg 1536w, https:\/\/goias.gov.br\/procuradoria\/wp-content\/uploads\/sites\/41\/2026\/03\/11.03-7-PED-5-57-2048x1538.jpg 2048w, https:\/\/goias.gov.br\/procuradoria\/wp-content\/uploads\/sites\/41\/2026\/03\/11.03-7-PED-5-57-600x450.jpg 600w\" sizes=\"(max-width: 1024px) 100vw, 1024px\" \/><\/figure>\n\n\n\n<figure class=\"wp-block-image size-large\"><img loading=\"lazy\" decoding=\"async\" width=\"769\" height=\"1024\" data-id=\"145927\" src=\"https:\/\/goias.gov.br\/procuradoria\/wp-content\/uploads\/sites\/41\/2026\/03\/11.03-7-PED-5-34-769x1024.jpg\" alt=\"\" class=\"wp-image-145927\" srcset=\"https:\/\/goias.gov.br\/procuradoria\/wp-content\/uploads\/sites\/41\/2026\/03\/11.03-7-PED-5-34-769x1024.jpg 769w, https:\/\/goias.gov.br\/procuradoria\/wp-content\/uploads\/sites\/41\/2026\/03\/11.03-7-PED-5-34-225x300.jpg 225w, https:\/\/goias.gov.br\/procuradoria\/wp-content\/uploads\/sites\/41\/2026\/03\/11.03-7-PED-5-34-768x1023.jpg 768w, https:\/\/goias.gov.br\/procuradoria\/wp-content\/uploads\/sites\/41\/2026\/03\/11.03-7-PED-5-34-1153x1536.jpg 1153w, https:\/\/goias.gov.br\/procuradoria\/wp-content\/uploads\/sites\/41\/2026\/03\/11.03-7-PED-5-34-1537x2048.jpg 1537w\" sizes=\"(max-width: 769px) 100vw, 769px\" \/><\/figure>\n\n\n\n<figure class=\"wp-block-image size-large\"><img loading=\"lazy\" decoding=\"async\" width=\"769\" height=\"1024\" data-id=\"145924\" src=\"https:\/\/goias.gov.br\/procuradoria\/wp-content\/uploads\/sites\/41\/2026\/03\/11.03-7-PED-5-33-769x1024.jpg\" alt=\"\" class=\"wp-image-145924\" srcset=\"https:\/\/goias.gov.br\/procuradoria\/wp-content\/uploads\/sites\/41\/2026\/03\/11.03-7-PED-5-33-769x1024.jpg 769w, https:\/\/goias.gov.br\/procuradoria\/wp-content\/uploads\/sites\/41\/2026\/03\/11.03-7-PED-5-33-225x300.jpg 225w, https:\/\/goias.gov.br\/procuradoria\/wp-content\/uploads\/sites\/41\/2026\/03\/11.03-7-PED-5-33-768x1023.jpg 768w, https:\/\/goias.gov.br\/procuradoria\/wp-content\/uploads\/sites\/41\/2026\/03\/11.03-7-PED-5-33-1153x1536.jpg 1153w, https:\/\/goias.gov.br\/procuradoria\/wp-content\/uploads\/sites\/41\/2026\/03\/11.03-7-PED-5-33-1538x2048.jpg 1538w\" sizes=\"(max-width: 769px) 100vw, 769px\" \/><\/figure>\n\n\n\n<figure class=\"wp-block-image size-large\"><img loading=\"lazy\" decoding=\"async\" width=\"1024\" height=\"769\" data-id=\"145920\" src=\"https:\/\/goias.gov.br\/procuradoria\/wp-content\/uploads\/sites\/41\/2026\/03\/11.03-7-PED-5-28-1024x769.jpg\" alt=\"\" class=\"wp-image-145920\" srcset=\"https:\/\/goias.gov.br\/procuradoria\/wp-content\/uploads\/sites\/41\/2026\/03\/11.03-7-PED-5-28-1024x769.jpg 1024w, https:\/\/goias.gov.br\/procuradoria\/wp-content\/uploads\/sites\/41\/2026\/03\/11.03-7-PED-5-28-300x225.jpg 300w, https:\/\/goias.gov.br\/procuradoria\/wp-content\/uploads\/sites\/41\/2026\/03\/11.03-7-PED-5-28-768x577.jpg 768w, https:\/\/goias.gov.br\/procuradoria\/wp-content\/uploads\/sites\/41\/2026\/03\/11.03-7-PED-5-28-1536x1153.jpg 1536w, https:\/\/goias.gov.br\/procuradoria\/wp-content\/uploads\/sites\/41\/2026\/03\/11.03-7-PED-5-28-2048x1538.jpg 2048w, https:\/\/goias.gov.br\/procuradoria\/wp-content\/uploads\/sites\/41\/2026\/03\/11.03-7-PED-5-28-600x450.jpg 600w\" sizes=\"(max-width: 1024px) 100vw, 1024px\" \/><\/figure>\n\n\n\n<figure class=\"wp-block-image size-large\"><img loading=\"lazy\" decoding=\"async\" width=\"769\" height=\"1024\" data-id=\"145915\" src=\"https:\/\/goias.gov.br\/procuradoria\/wp-content\/uploads\/sites\/41\/2026\/03\/11.03-7-PED-5-24-769x1024.jpg\" alt=\"\" class=\"wp-image-145915\" srcset=\"https:\/\/goias.gov.br\/procuradoria\/wp-content\/uploads\/sites\/41\/2026\/03\/11.03-7-PED-5-24-769x1024.jpg 769w, https:\/\/goias.gov.br\/procuradoria\/wp-content\/uploads\/sites\/41\/2026\/03\/11.03-7-PED-5-24-225x300.jpg 225w, https:\/\/goias.gov.br\/procuradoria\/wp-content\/uploads\/sites\/41\/2026\/03\/11.03-7-PED-5-24-768x1023.jpg 768w, https:\/\/goias.gov.br\/procuradoria\/wp-content\/uploads\/sites\/41\/2026\/03\/11.03-7-PED-5-24-1153x1536.jpg 1153w, https:\/\/goias.gov.br\/procuradoria\/wp-content\/uploads\/sites\/41\/2026\/03\/11.03-7-PED-5-24-1537x2048.jpg 1537w\" sizes=\"(max-width: 769px) 100vw, 769px\" \/><\/figure>\n\n\n\n<figure class=\"wp-block-image size-large\"><img loading=\"lazy\" decoding=\"async\" width=\"769\" height=\"1024\" data-id=\"145912\" src=\"https:\/\/goias.gov.br\/procuradoria\/wp-content\/uploads\/sites\/41\/2026\/03\/11.03-7-PED-5-18-769x1024.jpg\" alt=\"\" class=\"wp-image-145912\" srcset=\"https:\/\/goias.gov.br\/procuradoria\/wp-content\/uploads\/sites\/41\/2026\/03\/11.03-7-PED-5-18-769x1024.jpg 769w, https:\/\/goias.gov.br\/procuradoria\/wp-content\/uploads\/sites\/41\/2026\/03\/11.03-7-PED-5-18-225x300.jpg 225w, https:\/\/goias.gov.br\/procuradoria\/wp-content\/uploads\/sites\/41\/2026\/03\/11.03-7-PED-5-18-768x1023.jpg 768w, https:\/\/goias.gov.br\/procuradoria\/wp-content\/uploads\/sites\/41\/2026\/03\/11.03-7-PED-5-18-1153x1536.jpg 1153w, https:\/\/goias.gov.br\/procuradoria\/wp-content\/uploads\/sites\/41\/2026\/03\/11.03-7-PED-5-18-1537x2048.jpg 1537w\" sizes=\"(max-width: 769px) 100vw, 769px\" \/><\/figure>\n\n\n\n<figure class=\"wp-block-image size-large\"><img loading=\"lazy\" decoding=\"async\" width=\"769\" height=\"1024\" data-id=\"145906\" src=\"https:\/\/goias.gov.br\/procuradoria\/wp-content\/uploads\/sites\/41\/2026\/03\/11.03-7-PED-5-4-769x1024.jpg\" alt=\"\" class=\"wp-image-145906\" srcset=\"https:\/\/goias.gov.br\/procuradoria\/wp-content\/uploads\/sites\/41\/2026\/03\/11.03-7-PED-5-4-769x1024.jpg 769w, https:\/\/goias.gov.br\/procuradoria\/wp-content\/uploads\/sites\/41\/2026\/03\/11.03-7-PED-5-4-225x300.jpg 225w, https:\/\/goias.gov.br\/procuradoria\/wp-content\/uploads\/sites\/41\/2026\/03\/11.03-7-PED-5-4-768x1023.jpg 768w, https:\/\/goias.gov.br\/procuradoria\/wp-content\/uploads\/sites\/41\/2026\/03\/11.03-7-PED-5-4-1153x1536.jpg 1153w, https:\/\/goias.gov.br\/procuradoria\/wp-content\/uploads\/sites\/41\/2026\/03\/11.03-7-PED-5-4-1538x2048.jpg 1538w\" sizes=\"(max-width: 769px) 100vw, 769px\" \/><\/figure>\n<\/figure>\n","protected":false},"excerpt":{"rendered":"<p>O procurador Samuel Modesto conduziu nesta quarta-feira (11\/3), no audit\u00f3rio da PGE, o 5\u00ba encontro do Programa de Estudos Dirigidos, com o tema \u201cTerceiriza\u00e7\u00e3o na Administra\u00e7\u00e3o P\u00fablica p\u00f3s-Tema 1118 do STF: a quest\u00e3o do \u00f4nus da prova e os crit\u00e9rios de imputa\u00e7\u00e3o de responsabilidade\u201d. A responsabilidade subsidi\u00e1ria da Administra\u00e7\u00e3o P\u00fablica em contratos de terceiriza\u00e7\u00e3o de [&hellip;]<\/p>\n","protected":false},"author":219,"featured_media":145936,"comment_status":"closed","ping_status":"open","sticky":false,"template":"","format":"standard","meta":{"footnotes":""},"categories":[5],"tags":[],"class_list":["post-145897","post","type-post","status-publish","format-standard","has-post-thumbnail","hentry","category-noticias"],"rttpg_featured_image_url":{"full":["https:\/\/goias.gov.br\/procuradoria\/wp-content\/uploads\/sites\/41\/2026\/03\/11.03-7-PED-5-62.jpg",5138,3857,false],"landscape":["https:\/\/goias.gov.br\/procuradoria\/wp-content\/uploads\/sites\/41\/2026\/03\/11.03-7-PED-5-62.jpg",5138,3857,false],"portraits":["https:\/\/goias.gov.br\/procuradoria\/wp-content\/uploads\/sites\/41\/2026\/03\/11.03-7-PED-5-62.jpg",5138,3857,false],"thumbnail":["https:\/\/goias.gov.br\/procuradoria\/wp-content\/uploads\/sites\/41\/2026\/03\/11.03-7-PED-5-62-150x150.jpg",150,150,true],"medium":["https:\/\/goias.gov.br\/procuradoria\/wp-content\/uploads\/sites\/41\/2026\/03\/11.03-7-PED-5-62-300x225.jpg",300,225,true],"large":["https:\/\/goias.gov.br\/procuradoria\/wp-content\/uploads\/sites\/41\/2026\/03\/11.03-7-PED-5-62-1024x769.jpg",1024,769,true],"1536x1536":["https:\/\/goias.gov.br\/procuradoria\/wp-content\/uploads\/sites\/41\/2026\/03\/11.03-7-PED-5-62-1536x1153.jpg",1536,1153,true],"2048x2048":["https:\/\/goias.gov.br\/procuradoria\/wp-content\/uploads\/sites\/41\/2026\/03\/11.03-7-PED-5-62-2048x1537.jpg",2048,1537,true]},"rttpg_author":{"display_name":"viniciusbraga","author_link":"https:\/\/goias.gov.br\/procuradoria\/author\/viniciusbraga\/"},"rttpg_comment":0,"rttpg_category":"<a href=\"https:\/\/goias.gov.br\/procuradoria\/categoria\/noticias\/\" rel=\"category tag\">Not\u00edcias<\/a>","rttpg_excerpt":"O procurador Samuel Modesto conduziu nesta quarta-feira (11\/3), no audit\u00f3rio da PGE, o 5\u00ba encontro do Programa de Estudos Dirigidos, com o tema \u201cTerceiriza\u00e7\u00e3o na Administra\u00e7\u00e3o P\u00fablica p\u00f3s-Tema 1118 do STF: a quest\u00e3o do \u00f4nus da prova e os crit\u00e9rios de imputa\u00e7\u00e3o de responsabilidade\u201d. A responsabilidade subsidi\u00e1ria da Administra\u00e7\u00e3o P\u00fablica em contratos de terceiriza\u00e7\u00e3o de&hellip;","_links":{"self":[{"href":"https:\/\/goias.gov.br\/procuradoria\/wp-json\/wp\/v2\/posts\/145897","targetHints":{"allow":["GET"]}}],"collection":[{"href":"https:\/\/goias.gov.br\/procuradoria\/wp-json\/wp\/v2\/posts"}],"about":[{"href":"https:\/\/goias.gov.br\/procuradoria\/wp-json\/wp\/v2\/types\/post"}],"author":[{"embeddable":true,"href":"https:\/\/goias.gov.br\/procuradoria\/wp-json\/wp\/v2\/users\/219"}],"replies":[{"embeddable":true,"href":"https:\/\/goias.gov.br\/procuradoria\/wp-json\/wp\/v2\/comments?post=145897"}],"version-history":[{"count":2,"href":"https:\/\/goias.gov.br\/procuradoria\/wp-json\/wp\/v2\/posts\/145897\/revisions"}],"predecessor-version":[{"id":146323,"href":"https:\/\/goias.gov.br\/procuradoria\/wp-json\/wp\/v2\/posts\/145897\/revisions\/146323"}],"wp:featuredmedia":[{"embeddable":true,"href":"https:\/\/goias.gov.br\/procuradoria\/wp-json\/wp\/v2\/media\/145936"}],"wp:attachment":[{"href":"https:\/\/goias.gov.br\/procuradoria\/wp-json\/wp\/v2\/media?parent=145897"}],"wp:term":[{"taxonomy":"category","embeddable":true,"href":"https:\/\/goias.gov.br\/procuradoria\/wp-json\/wp\/v2\/categories?post=145897"},{"taxonomy":"post_tag","embeddable":true,"href":"https:\/\/goias.gov.br\/procuradoria\/wp-json\/wp\/v2\/tags?post=145897"}],"curies":[{"name":"wp","href":"https:\/\/api.w.org\/{rel}","templated":true}]}}