

{"id":145691,"date":"2026-03-12T13:51:37","date_gmt":"2026-03-12T16:51:37","guid":{"rendered":"https:\/\/goias.gov.br\/procuradoria\/?p=145691"},"modified":"2026-03-19T15:11:00","modified_gmt":"2026-03-19T18:11:00","slug":"pge-go-entrega-medalha-do-merito-ao-presidente-do-trf1","status":"publish","type":"post","link":"https:\/\/goias.gov.br\/procuradoria\/pge-go-entrega-medalha-do-merito-ao-presidente-do-trf1\/","title":{"rendered":"Medalha do M\u00e9rito: PGE-GO presta homenagem ao presidente do TRF1"},"content":{"rendered":"\n<figure class=\"wp-block-image size-large\"><img fetchpriority=\"high\" decoding=\"async\" width=\"1024\" height=\"769\" src=\"https:\/\/goias.gov.br\/procuradoria\/wp-content\/uploads\/sites\/41\/2026\/03\/09.03-ENTREGA-DE-MEDALHA-TRF1-81-1024x769.jpg\" alt=\"\" class=\"wp-image-145785\" srcset=\"https:\/\/goias.gov.br\/procuradoria\/wp-content\/uploads\/sites\/41\/2026\/03\/09.03-ENTREGA-DE-MEDALHA-TRF1-81-1024x769.jpg 1024w, https:\/\/goias.gov.br\/procuradoria\/wp-content\/uploads\/sites\/41\/2026\/03\/09.03-ENTREGA-DE-MEDALHA-TRF1-81-300x225.jpg 300w, https:\/\/goias.gov.br\/procuradoria\/wp-content\/uploads\/sites\/41\/2026\/03\/09.03-ENTREGA-DE-MEDALHA-TRF1-81-768x577.jpg 768w, https:\/\/goias.gov.br\/procuradoria\/wp-content\/uploads\/sites\/41\/2026\/03\/09.03-ENTREGA-DE-MEDALHA-TRF1-81-1536x1153.jpg 1536w, https:\/\/goias.gov.br\/procuradoria\/wp-content\/uploads\/sites\/41\/2026\/03\/09.03-ENTREGA-DE-MEDALHA-TRF1-81-2048x1537.jpg 2048w, https:\/\/goias.gov.br\/procuradoria\/wp-content\/uploads\/sites\/41\/2026\/03\/09.03-ENTREGA-DE-MEDALHA-TRF1-81-600x450.jpg 600w\" sizes=\"(max-width: 1024px) 100vw, 1024px\" \/><\/figure>\n\n\n\n<p>O Gabinete da Procuradoria-Geral do Estado de Goi\u00e1s (PGE-GO) esteve nesta segunda-feira (9\/3) na sede do Tribunal Regional Federal da 1\u00aa Regi\u00e3o (TRF1), em Bras\u00edlia, para entregar ao presidente do \u00f3rg\u00e3o, desembargador Jo\u00e3o Batista, a Medalha do M\u00e9rito da PGE.<\/p>\n\n\n\n<p>Ele foi um dos agraciados com a edi\u00e7\u00e3o de 2025 da honraria, concedida em reconhecimento aos relevantes servi\u00e7os prestados \u00e0 Justi\u00e7a, ao fortalecimento das institui\u00e7\u00f5es p\u00fablicas e \u00e0 defesa do Estado Democr\u00e1tico de Direito.<\/p>\n\n\n\n<p>Na ocasi\u00e3o, o procurador-geral do Estado, Rafael Arruda, agradeceu a abertura institucional e o esp\u00edrito colaborativo demonstrado pelo Judici\u00e1rio em rela\u00e7\u00e3o ao Estado de Goi\u00e1s.<\/p>\n\n\n\n<p>\u201cTemos notado a ascens\u00e3o institucional do Judici\u00e1rio nas \u00faltimas d\u00e9cadas, constru\u00edda por homens e mulheres comprometidos com a coisa p\u00fablica e com o bem comum. Vossa Excel\u00eancia \u00e9 uma dessas pessoas. Receba a nossa medalha como forma de agradecimento\u201d, destacou.<\/p>\n\n\n\n<p>O presidente do TRF1 agradeceu a homenagem e afirmou receber a medalha com grande satisfa\u00e7\u00e3o. \u201cRecebo esta medalha com muita honra e gratid\u00e3o. Trata-se de um reconhecimento que refor\u00e7a a import\u00e2ncia da atua\u00e7\u00e3o conjunta e do di\u00e1logo permanente entre as institui\u00e7\u00f5es p\u00fablicas em favor da Justi\u00e7a e da sociedade&#8221;.<\/p>\n\n\n\n<p>A entrega contou com a presen\u00e7a dos subprocuradores-gerais Alexandre Gross (Contencioso) e Luciana Rezende (Assuntos Administrativos), da chefe de Gabinete, Helianny Siqueira, al\u00e9m de magistrados e servidores do TRF1.<\/p>\n\n\n\n<figure class=\"wp-block-gallery has-nested-images columns-default is-cropped wp-block-gallery-1 is-layout-flex wp-block-gallery-is-layout-flex\">\n<figure class=\"wp-block-image size-large\"><img decoding=\"async\" width=\"1024\" height=\"769\" data-id=\"145785\" src=\"https:\/\/goias.gov.br\/procuradoria\/wp-content\/uploads\/sites\/41\/2026\/03\/09.03-ENTREGA-DE-MEDALHA-TRF1-81-1024x769.jpg\" alt=\"\" class=\"wp-image-145785\" srcset=\"https:\/\/goias.gov.br\/procuradoria\/wp-content\/uploads\/sites\/41\/2026\/03\/09.03-ENTREGA-DE-MEDALHA-TRF1-81-1024x769.jpg 1024w, https:\/\/goias.gov.br\/procuradoria\/wp-content\/uploads\/sites\/41\/2026\/03\/09.03-ENTREGA-DE-MEDALHA-TRF1-81-300x225.jpg 300w, https:\/\/goias.gov.br\/procuradoria\/wp-content\/uploads\/sites\/41\/2026\/03\/09.03-ENTREGA-DE-MEDALHA-TRF1-81-768x577.jpg 768w, https:\/\/goias.gov.br\/procuradoria\/wp-content\/uploads\/sites\/41\/2026\/03\/09.03-ENTREGA-DE-MEDALHA-TRF1-81-1536x1153.jpg 1536w, https:\/\/goias.gov.br\/procuradoria\/wp-content\/uploads\/sites\/41\/2026\/03\/09.03-ENTREGA-DE-MEDALHA-TRF1-81-2048x1537.jpg 2048w, https:\/\/goias.gov.br\/procuradoria\/wp-content\/uploads\/sites\/41\/2026\/03\/09.03-ENTREGA-DE-MEDALHA-TRF1-81-600x450.jpg 600w\" sizes=\"(max-width: 1024px) 100vw, 1024px\" \/><\/figure>\n\n\n\n<figure class=\"wp-block-image size-large\"><img decoding=\"async\" width=\"1024\" height=\"769\" data-id=\"145778\" src=\"https:\/\/goias.gov.br\/procuradoria\/wp-content\/uploads\/sites\/41\/2026\/03\/09.03-ENTREGA-DE-MEDALHA-TRF1-75-1024x769.jpg\" alt=\"\" class=\"wp-image-145778\" srcset=\"https:\/\/goias.gov.br\/procuradoria\/wp-content\/uploads\/sites\/41\/2026\/03\/09.03-ENTREGA-DE-MEDALHA-TRF1-75-1024x769.jpg 1024w, https:\/\/goias.gov.br\/procuradoria\/wp-content\/uploads\/sites\/41\/2026\/03\/09.03-ENTREGA-DE-MEDALHA-TRF1-75-300x225.jpg 300w, https:\/\/goias.gov.br\/procuradoria\/wp-content\/uploads\/sites\/41\/2026\/03\/09.03-ENTREGA-DE-MEDALHA-TRF1-75-768x577.jpg 768w, https:\/\/goias.gov.br\/procuradoria\/wp-content\/uploads\/sites\/41\/2026\/03\/09.03-ENTREGA-DE-MEDALHA-TRF1-75-1536x1153.jpg 1536w, https:\/\/goias.gov.br\/procuradoria\/wp-content\/uploads\/sites\/41\/2026\/03\/09.03-ENTREGA-DE-MEDALHA-TRF1-75-2048x1537.jpg 2048w, https:\/\/goias.gov.br\/procuradoria\/wp-content\/uploads\/sites\/41\/2026\/03\/09.03-ENTREGA-DE-MEDALHA-TRF1-75-600x450.jpg 600w\" sizes=\"(max-width: 1024px) 100vw, 1024px\" \/><\/figure>\n\n\n\n<figure class=\"wp-block-image size-large\"><img loading=\"lazy\" decoding=\"async\" width=\"1024\" height=\"769\" data-id=\"145769\" src=\"https:\/\/goias.gov.br\/procuradoria\/wp-content\/uploads\/sites\/41\/2026\/03\/09.03-ENTREGA-DE-MEDALHA-TRF1-59-1024x769.jpg\" alt=\"\" class=\"wp-image-145769\" srcset=\"https:\/\/goias.gov.br\/procuradoria\/wp-content\/uploads\/sites\/41\/2026\/03\/09.03-ENTREGA-DE-MEDALHA-TRF1-59-1024x769.jpg 1024w, https:\/\/goias.gov.br\/procuradoria\/wp-content\/uploads\/sites\/41\/2026\/03\/09.03-ENTREGA-DE-MEDALHA-TRF1-59-300x225.jpg 300w, https:\/\/goias.gov.br\/procuradoria\/wp-content\/uploads\/sites\/41\/2026\/03\/09.03-ENTREGA-DE-MEDALHA-TRF1-59-768x577.jpg 768w, https:\/\/goias.gov.br\/procuradoria\/wp-content\/uploads\/sites\/41\/2026\/03\/09.03-ENTREGA-DE-MEDALHA-TRF1-59-1536x1153.jpg 1536w, https:\/\/goias.gov.br\/procuradoria\/wp-content\/uploads\/sites\/41\/2026\/03\/09.03-ENTREGA-DE-MEDALHA-TRF1-59-2048x1538.jpg 2048w, https:\/\/goias.gov.br\/procuradoria\/wp-content\/uploads\/sites\/41\/2026\/03\/09.03-ENTREGA-DE-MEDALHA-TRF1-59-600x450.jpg 600w\" sizes=\"(max-width: 1024px) 100vw, 1024px\" \/><\/figure>\n\n\n\n<figure class=\"wp-block-image size-large\"><img loading=\"lazy\" decoding=\"async\" width=\"769\" height=\"1024\" data-id=\"145761\" src=\"https:\/\/goias.gov.br\/procuradoria\/wp-content\/uploads\/sites\/41\/2026\/03\/09.03-ENTREGA-DE-MEDALHA-TRF1-31-769x1024.jpg\" alt=\"\" class=\"wp-image-145761\" srcset=\"https:\/\/goias.gov.br\/procuradoria\/wp-content\/uploads\/sites\/41\/2026\/03\/09.03-ENTREGA-DE-MEDALHA-TRF1-31-769x1024.jpg 769w, https:\/\/goias.gov.br\/procuradoria\/wp-content\/uploads\/sites\/41\/2026\/03\/09.03-ENTREGA-DE-MEDALHA-TRF1-31-225x300.jpg 225w, https:\/\/goias.gov.br\/procuradoria\/wp-content\/uploads\/sites\/41\/2026\/03\/09.03-ENTREGA-DE-MEDALHA-TRF1-31-768x1023.jpg 768w, https:\/\/goias.gov.br\/procuradoria\/wp-content\/uploads\/sites\/41\/2026\/03\/09.03-ENTREGA-DE-MEDALHA-TRF1-31-1153x1536.jpg 1153w, https:\/\/goias.gov.br\/procuradoria\/wp-content\/uploads\/sites\/41\/2026\/03\/09.03-ENTREGA-DE-MEDALHA-TRF1-31-1538x2048.jpg 1538w\" sizes=\"(max-width: 769px) 100vw, 769px\" \/><\/figure>\n\n\n\n<figure class=\"wp-block-image size-large\"><img loading=\"lazy\" decoding=\"async\" width=\"1024\" height=\"769\" data-id=\"145753\" src=\"https:\/\/goias.gov.br\/procuradoria\/wp-content\/uploads\/sites\/41\/2026\/03\/09.03-ENTREGA-DE-MEDALHA-TRF1-24-1024x769.jpg\" alt=\"\" class=\"wp-image-145753\" srcset=\"https:\/\/goias.gov.br\/procuradoria\/wp-content\/uploads\/sites\/41\/2026\/03\/09.03-ENTREGA-DE-MEDALHA-TRF1-24-1024x769.jpg 1024w, https:\/\/goias.gov.br\/procuradoria\/wp-content\/uploads\/sites\/41\/2026\/03\/09.03-ENTREGA-DE-MEDALHA-TRF1-24-300x225.jpg 300w, https:\/\/goias.gov.br\/procuradoria\/wp-content\/uploads\/sites\/41\/2026\/03\/09.03-ENTREGA-DE-MEDALHA-TRF1-24-768x577.jpg 768w, https:\/\/goias.gov.br\/procuradoria\/wp-content\/uploads\/sites\/41\/2026\/03\/09.03-ENTREGA-DE-MEDALHA-TRF1-24-1536x1153.jpg 1536w, https:\/\/goias.gov.br\/procuradoria\/wp-content\/uploads\/sites\/41\/2026\/03\/09.03-ENTREGA-DE-MEDALHA-TRF1-24-2048x1537.jpg 2048w, https:\/\/goias.gov.br\/procuradoria\/wp-content\/uploads\/sites\/41\/2026\/03\/09.03-ENTREGA-DE-MEDALHA-TRF1-24-600x450.jpg 600w\" sizes=\"(max-width: 1024px) 100vw, 1024px\" \/><\/figure>\n\n\n\n<figure class=\"wp-block-image size-large\"><img loading=\"lazy\" decoding=\"async\" width=\"769\" height=\"1024\" data-id=\"145743\" src=\"https:\/\/goias.gov.br\/procuradoria\/wp-content\/uploads\/sites\/41\/2026\/03\/09.03-ENTREGA-DE-MEDALHA-TRF1-20-769x1024.jpg\" alt=\"\" class=\"wp-image-145743\" srcset=\"https:\/\/goias.gov.br\/procuradoria\/wp-content\/uploads\/sites\/41\/2026\/03\/09.03-ENTREGA-DE-MEDALHA-TRF1-20-769x1024.jpg 769w, https:\/\/goias.gov.br\/procuradoria\/wp-content\/uploads\/sites\/41\/2026\/03\/09.03-ENTREGA-DE-MEDALHA-TRF1-20-225x300.jpg 225w, https:\/\/goias.gov.br\/procuradoria\/wp-content\/uploads\/sites\/41\/2026\/03\/09.03-ENTREGA-DE-MEDALHA-TRF1-20-768x1023.jpg 768w, https:\/\/goias.gov.br\/procuradoria\/wp-content\/uploads\/sites\/41\/2026\/03\/09.03-ENTREGA-DE-MEDALHA-TRF1-20-1153x1536.jpg 1153w, https:\/\/goias.gov.br\/procuradoria\/wp-content\/uploads\/sites\/41\/2026\/03\/09.03-ENTREGA-DE-MEDALHA-TRF1-20-1537x2048.jpg 1537w\" sizes=\"(max-width: 769px) 100vw, 769px\" \/><\/figure>\n\n\n\n<figure class=\"wp-block-image size-large\"><img loading=\"lazy\" decoding=\"async\" width=\"769\" height=\"1024\" data-id=\"145737\" src=\"https:\/\/goias.gov.br\/procuradoria\/wp-content\/uploads\/sites\/41\/2026\/03\/09.03-ENTREGA-DE-MEDALHA-TRF1-17-769x1024.jpg\" alt=\"\" class=\"wp-image-145737\" srcset=\"https:\/\/goias.gov.br\/procuradoria\/wp-content\/uploads\/sites\/41\/2026\/03\/09.03-ENTREGA-DE-MEDALHA-TRF1-17-769x1024.jpg 769w, https:\/\/goias.gov.br\/procuradoria\/wp-content\/uploads\/sites\/41\/2026\/03\/09.03-ENTREGA-DE-MEDALHA-TRF1-17-225x300.jpg 225w, https:\/\/goias.gov.br\/procuradoria\/wp-content\/uploads\/sites\/41\/2026\/03\/09.03-ENTREGA-DE-MEDALHA-TRF1-17-768x1023.jpg 768w, https:\/\/goias.gov.br\/procuradoria\/wp-content\/uploads\/sites\/41\/2026\/03\/09.03-ENTREGA-DE-MEDALHA-TRF1-17-1153x1536.jpg 1153w, https:\/\/goias.gov.br\/procuradoria\/wp-content\/uploads\/sites\/41\/2026\/03\/09.03-ENTREGA-DE-MEDALHA-TRF1-17-1537x2048.jpg 1537w\" sizes=\"(max-width: 769px) 100vw, 769px\" \/><\/figure>\n\n\n\n<figure class=\"wp-block-image size-large\"><img loading=\"lazy\" decoding=\"async\" width=\"1024\" height=\"769\" data-id=\"145730\" src=\"https:\/\/goias.gov.br\/procuradoria\/wp-content\/uploads\/sites\/41\/2026\/03\/09.03-ENTREGA-DE-MEDALHA-TRF1-14-1024x769.jpg\" alt=\"\" class=\"wp-image-145730\" srcset=\"https:\/\/goias.gov.br\/procuradoria\/wp-content\/uploads\/sites\/41\/2026\/03\/09.03-ENTREGA-DE-MEDALHA-TRF1-14-1024x769.jpg 1024w, https:\/\/goias.gov.br\/procuradoria\/wp-content\/uploads\/sites\/41\/2026\/03\/09.03-ENTREGA-DE-MEDALHA-TRF1-14-300x225.jpg 300w, https:\/\/goias.gov.br\/procuradoria\/wp-content\/uploads\/sites\/41\/2026\/03\/09.03-ENTREGA-DE-MEDALHA-TRF1-14-768x577.jpg 768w, https:\/\/goias.gov.br\/procuradoria\/wp-content\/uploads\/sites\/41\/2026\/03\/09.03-ENTREGA-DE-MEDALHA-TRF1-14-1536x1153.jpg 1536w, https:\/\/goias.gov.br\/procuradoria\/wp-content\/uploads\/sites\/41\/2026\/03\/09.03-ENTREGA-DE-MEDALHA-TRF1-14-2048x1537.jpg 2048w, https:\/\/goias.gov.br\/procuradoria\/wp-content\/uploads\/sites\/41\/2026\/03\/09.03-ENTREGA-DE-MEDALHA-TRF1-14-600x450.jpg 600w\" sizes=\"(max-width: 1024px) 100vw, 1024px\" \/><\/figure>\n\n\n\n<figure class=\"wp-block-image size-large\"><img loading=\"lazy\" decoding=\"async\" width=\"1024\" height=\"769\" data-id=\"145722\" src=\"https:\/\/goias.gov.br\/procuradoria\/wp-content\/uploads\/sites\/41\/2026\/03\/09.03-ENTREGA-DE-MEDALHA-TRF1-5-1024x769.jpg\" alt=\"\" class=\"wp-image-145722\" srcset=\"https:\/\/goias.gov.br\/procuradoria\/wp-content\/uploads\/sites\/41\/2026\/03\/09.03-ENTREGA-DE-MEDALHA-TRF1-5-1024x769.jpg 1024w, https:\/\/goias.gov.br\/procuradoria\/wp-content\/uploads\/sites\/41\/2026\/03\/09.03-ENTREGA-DE-MEDALHA-TRF1-5-300x225.jpg 300w, https:\/\/goias.gov.br\/procuradoria\/wp-content\/uploads\/sites\/41\/2026\/03\/09.03-ENTREGA-DE-MEDALHA-TRF1-5-768x577.jpg 768w, https:\/\/goias.gov.br\/procuradoria\/wp-content\/uploads\/sites\/41\/2026\/03\/09.03-ENTREGA-DE-MEDALHA-TRF1-5-1536x1153.jpg 1536w, https:\/\/goias.gov.br\/procuradoria\/wp-content\/uploads\/sites\/41\/2026\/03\/09.03-ENTREGA-DE-MEDALHA-TRF1-5-2048x1538.jpg 2048w, https:\/\/goias.gov.br\/procuradoria\/wp-content\/uploads\/sites\/41\/2026\/03\/09.03-ENTREGA-DE-MEDALHA-TRF1-5-600x450.jpg 600w\" sizes=\"(max-width: 1024px) 100vw, 1024px\" \/><\/figure>\n\n\n\n<figure class=\"wp-block-image size-large\"><img loading=\"lazy\" decoding=\"async\" width=\"1024\" height=\"769\" data-id=\"145712\" src=\"https:\/\/goias.gov.br\/procuradoria\/wp-content\/uploads\/sites\/41\/2026\/03\/09.03-ENTREGA-DE-MEDALHA-TRF1-3-1024x769.jpg\" alt=\"\" class=\"wp-image-145712\" srcset=\"https:\/\/goias.gov.br\/procuradoria\/wp-content\/uploads\/sites\/41\/2026\/03\/09.03-ENTREGA-DE-MEDALHA-TRF1-3-1024x769.jpg 1024w, https:\/\/goias.gov.br\/procuradoria\/wp-content\/uploads\/sites\/41\/2026\/03\/09.03-ENTREGA-DE-MEDALHA-TRF1-3-300x225.jpg 300w, https:\/\/goias.gov.br\/procuradoria\/wp-content\/uploads\/sites\/41\/2026\/03\/09.03-ENTREGA-DE-MEDALHA-TRF1-3-768x577.jpg 768w, https:\/\/goias.gov.br\/procuradoria\/wp-content\/uploads\/sites\/41\/2026\/03\/09.03-ENTREGA-DE-MEDALHA-TRF1-3-1536x1153.jpg 1536w, https:\/\/goias.gov.br\/procuradoria\/wp-content\/uploads\/sites\/41\/2026\/03\/09.03-ENTREGA-DE-MEDALHA-TRF1-3-2048x1538.jpg 2048w, https:\/\/goias.gov.br\/procuradoria\/wp-content\/uploads\/sites\/41\/2026\/03\/09.03-ENTREGA-DE-MEDALHA-TRF1-3-600x450.jpg 600w\" sizes=\"(max-width: 1024px) 100vw, 1024px\" \/><\/figure>\n<\/figure>\n","protected":false},"excerpt":{"rendered":"<p>O Gabinete da Procuradoria-Geral do Estado de Goi\u00e1s (PGE-GO) esteve nesta segunda-feira (9\/3) na sede do Tribunal Regional Federal da 1\u00aa Regi\u00e3o (TRF1), em Bras\u00edlia, para entregar ao presidente do \u00f3rg\u00e3o, desembargador Jo\u00e3o Batista, a Medalha do M\u00e9rito da PGE. Ele foi um dos agraciados com a edi\u00e7\u00e3o de 2025 da honraria, concedida em reconhecimento [&hellip;]<\/p>\n","protected":false},"author":219,"featured_media":145785,"comment_status":"closed","ping_status":"open","sticky":false,"template":"","format":"standard","meta":{"footnotes":""},"categories":[5],"tags":[],"class_list":["post-145691","post","type-post","status-publish","format-standard","has-post-thumbnail","hentry","category-noticias"],"rttpg_featured_image_url":{"full":["https:\/\/goias.gov.br\/procuradoria\/wp-content\/uploads\/sites\/41\/2026\/03\/09.03-ENTREGA-DE-MEDALHA-TRF1-81.jpg",4376,3285,false],"landscape":["https:\/\/goias.gov.br\/procuradoria\/wp-content\/uploads\/sites\/41\/2026\/03\/09.03-ENTREGA-DE-MEDALHA-TRF1-81.jpg",4376,3285,false],"portraits":["https:\/\/goias.gov.br\/procuradoria\/wp-content\/uploads\/sites\/41\/2026\/03\/09.03-ENTREGA-DE-MEDALHA-TRF1-81.jpg",4376,3285,false],"thumbnail":["https:\/\/goias.gov.br\/procuradoria\/wp-content\/uploads\/sites\/41\/2026\/03\/09.03-ENTREGA-DE-MEDALHA-TRF1-81-150x150.jpg",150,150,true],"medium":["https:\/\/goias.gov.br\/procuradoria\/wp-content\/uploads\/sites\/41\/2026\/03\/09.03-ENTREGA-DE-MEDALHA-TRF1-81-300x225.jpg",300,225,true],"large":["https:\/\/goias.gov.br\/procuradoria\/wp-content\/uploads\/sites\/41\/2026\/03\/09.03-ENTREGA-DE-MEDALHA-TRF1-81-1024x769.jpg",1024,769,true],"1536x1536":["https:\/\/goias.gov.br\/procuradoria\/wp-content\/uploads\/sites\/41\/2026\/03\/09.03-ENTREGA-DE-MEDALHA-TRF1-81-1536x1153.jpg",1536,1153,true],"2048x2048":["https:\/\/goias.gov.br\/procuradoria\/wp-content\/uploads\/sites\/41\/2026\/03\/09.03-ENTREGA-DE-MEDALHA-TRF1-81-2048x1537.jpg",2048,1537,true]},"rttpg_author":{"display_name":"viniciusbraga","author_link":"https:\/\/goias.gov.br\/procuradoria\/author\/viniciusbraga\/"},"rttpg_comment":0,"rttpg_category":"<a href=\"https:\/\/goias.gov.br\/procuradoria\/categoria\/noticias\/\" rel=\"category tag\">Not\u00edcias<\/a>","rttpg_excerpt":"O Gabinete da Procuradoria-Geral do Estado de Goi\u00e1s (PGE-GO) esteve nesta segunda-feira (9\/3) na sede do Tribunal Regional Federal da 1\u00aa Regi\u00e3o (TRF1), em Bras\u00edlia, para entregar ao presidente do \u00f3rg\u00e3o, desembargador Jo\u00e3o Batista, a Medalha do M\u00e9rito da PGE. Ele foi um dos agraciados com a edi\u00e7\u00e3o de 2025 da honraria, concedida em reconhecimento&hellip;","_links":{"self":[{"href":"https:\/\/goias.gov.br\/procuradoria\/wp-json\/wp\/v2\/posts\/145691","targetHints":{"allow":["GET"]}}],"collection":[{"href":"https:\/\/goias.gov.br\/procuradoria\/wp-json\/wp\/v2\/posts"}],"about":[{"href":"https:\/\/goias.gov.br\/procuradoria\/wp-json\/wp\/v2\/types\/post"}],"author":[{"embeddable":true,"href":"https:\/\/goias.gov.br\/procuradoria\/wp-json\/wp\/v2\/users\/219"}],"replies":[{"embeddable":true,"href":"https:\/\/goias.gov.br\/procuradoria\/wp-json\/wp\/v2\/comments?post=145691"}],"version-history":[{"count":2,"href":"https:\/\/goias.gov.br\/procuradoria\/wp-json\/wp\/v2\/posts\/145691\/revisions"}],"predecessor-version":[{"id":147954,"href":"https:\/\/goias.gov.br\/procuradoria\/wp-json\/wp\/v2\/posts\/145691\/revisions\/147954"}],"wp:featuredmedia":[{"embeddable":true,"href":"https:\/\/goias.gov.br\/procuradoria\/wp-json\/wp\/v2\/media\/145785"}],"wp:attachment":[{"href":"https:\/\/goias.gov.br\/procuradoria\/wp-json\/wp\/v2\/media?parent=145691"}],"wp:term":[{"taxonomy":"category","embeddable":true,"href":"https:\/\/goias.gov.br\/procuradoria\/wp-json\/wp\/v2\/categories?post=145691"},{"taxonomy":"post_tag","embeddable":true,"href":"https:\/\/goias.gov.br\/procuradoria\/wp-json\/wp\/v2\/tags?post=145691"}],"curies":[{"name":"wp","href":"https:\/\/api.w.org\/{rel}","templated":true}]}}