

{"id":105668,"date":"2025-09-19T12:47:39","date_gmt":"2025-09-19T15:47:39","guid":{"rendered":"https:\/\/goias.gov.br\/procuradoria\/?p=105668"},"modified":"2025-09-19T12:47:51","modified_gmt":"2025-09-19T15:47:51","slug":"procuradorias-regionais-2","status":"publish","type":"post","link":"https:\/\/goias.gov.br\/procuradoria\/procuradorias-regionais-2\/","title":{"rendered":"Procuradorias Regionais"},"content":{"rendered":"\n<h4 class=\"wp-block-heading\">Procuradoria na Capital Federal<\/h4>\n\n\n\n<p>Procurador-Chefe: <strong>DR. L\u00c1ZARO REIS PINHEIRO SILVA<\/strong><br>Quadra 06 do SHS, Conjunto A, Bloco A, 2\u00ba andar, Sala 203,<br>Edif\u00edcio Brasil XXI \u2013 Bras\u00edlia\/DF \u2013 CEP: 70.322-915<br>E-mail:&nbsp;<a href=\"mailto:lazaro.psilva@pge.go.gov.br\">lazaro.psilva@pge.go.gov.br<\/a><br>Telefone: (61) 3325-2721<br>Unidade SEI: 10820<\/p>\n\n\n\n<h4 class=\"wp-block-heading\">Regional de An\u00e1polis<\/h4>\n\n\n\n<p>Procurador-Coordenador: <strong>DR. ALDDIE ANDERSON D&#8217;LIMA<\/strong><br>Av. Sen. Jos\u00e9 Louren\u00e7o Dias, esq. com rua Jean Jaques \u2013 An\u00e1polis\/GO \u2013 CEP: 75.020-010<br>E-mail:&nbsp;<a href=\"mailto:alddie.alima@pge.go.gov.br\">alddie.alima@pge.go.gov.br<\/a><br>Telefone: (62) 3321-9210<br>Unidade SEI: 09407<\/p>\n\n\n\n<h4 class=\"wp-block-heading\">Regional de Catal\u00e3o<\/h4>\n\n\n\n<p>Procurador-Coordenador: <strong>DR. FL\u00c1VIO DOURADO GABALDO<\/strong><br>Av. Dr. Lamartine Pinto de Avelar, n\u00ba 500, Vila Chaud \u2013 Catal\u00e3o\/GO \u2013 CEP: 75.704-020<br>E-mail:&nbsp;<a href=\"mailto:flavio.gabaldo@pge.go.gov.br\">flavio.gabaldo@pge.go.gov.br<\/a><br>Telefone: (64) 3221-1500 \/ 1501<br>Unidade SEI: 09625<\/p>\n\n\n\n<h4 class=\"wp-block-heading\">Regional de Goi\u00e1s<\/h4>\n\n\n\n<p>Procurador-Coordenador:&nbsp;<strong>DR. SHEINNI DA CRUZ OLIVEIRA DE FREITAS<\/strong><br>Pra\u00e7a Doutor Tasso de Camargo, SN, Centro \u2013 Goi\u00e1s\/GO \u2013&nbsp; CEP: 76.600-000<br>E-mail:<br>Telefone: (62) 3371-7800<br>Unidade SEI: 09414<\/p>\n\n\n\n<h4 class=\"wp-block-heading\">Regional de Itumbiara<\/h4>\n\n\n\n<p>Procurador-Coordenador:&nbsp;<strong>DR. FERNANDO C\u00c9SAR PAULA RODRIGUES<\/strong><br>Rua Tiradentes, n\u00ba 119, Centro &#8211; Itumbiara\/GO &#8211; CEP: 75.503-370<br>E-mail:&nbsp;<a href=\"mailto:fernando-cpr@pge.go.gov.br\">fernando-cpr@pge.go.gov.br<\/a><br>Telefone:<br>Unidade SEI: 09408<\/p>\n\n\n\n<h4 class=\"wp-block-heading\">Regional de Porangatu<\/h4>\n\n\n\n<p>Procuradora-Coordenadora:<strong>&nbsp;DRA. ARIANA GARRETT ALC\u00c2NTARA<\/strong><br>Rua 01, Chac. 56, Setor Leste \u2013 Porangatu\/GO \u2013 CEP: 76.550-000<br>E-mail:&nbsp;<a href=\"mailto:ariana-ga@pge.go.gov.br\">ariana-ga@pge.go.gov.br<\/a><br>Telefone: (62) 3363-9525<br>Unidade SEI: 09409<\/p>\n","protected":false},"excerpt":{"rendered":"<p>Procuradoria na Capital Federal Procurador-Chefe: DR. L\u00c1ZARO REIS PINHEIRO SILVAQuadra 06 do SHS, Conjunto A, Bloco A, 2\u00ba andar, Sala 203,Edif\u00edcio Brasil XXI \u2013 Bras\u00edlia\/DF \u2013 CEP: 70.322-915E-mail:&nbsp;lazaro.psilva@pge.go.gov.brTelefone: (61) 3325-2721Unidade SEI: 10820 Regional de An\u00e1polis Procurador-Coordenador: DR. ALDDIE ANDERSON D&#8217;LIMAAv. Sen. Jos\u00e9 Louren\u00e7o Dias, esq. com rua Jean Jaques \u2013 An\u00e1polis\/GO \u2013 CEP: 75.020-010E-mail:&nbsp;alddie.alima@pge.go.gov.brTelefone: (62) [&hellip;]<\/p>\n","protected":false},"author":356,"featured_media":0,"comment_status":"closed","ping_status":"open","sticky":false,"template":"","format":"standard","meta":{"footnotes":""},"categories":[6],"tags":[],"class_list":["post-105668","post","type-post","status-publish","format-standard","hentry","category-acesso-a-informacao"],"rttpg_featured_image_url":null,"rttpg_author":{"display_name":"annamorais","author_link":"https:\/\/goias.gov.br\/procuradoria\/author\/annamorais\/"},"rttpg_comment":0,"rttpg_category":"<a href=\"https:\/\/goias.gov.br\/procuradoria\/categoria\/acesso-a-informacao\/\" rel=\"category tag\">Acesso \u00e0 Informa\u00e7\u00e3o<\/a>","rttpg_excerpt":"Procuradoria na Capital Federal Procurador-Chefe: DR. L\u00c1ZARO REIS PINHEIRO SILVAQuadra 06 do SHS, Conjunto A, Bloco A, 2\u00ba andar, Sala 203,Edif\u00edcio Brasil XXI \u2013 Bras\u00edlia\/DF \u2013 CEP: 70.322-915E-mail:&nbsp;lazaro.psilva@pge.go.gov.brTelefone: (61) 3325-2721Unidade SEI: 10820 Regional de An\u00e1polis Procurador-Coordenador: DR. ALDDIE ANDERSON D&#8217;LIMAAv. Sen. Jos\u00e9 Louren\u00e7o Dias, esq. com rua Jean Jaques \u2013 An\u00e1polis\/GO \u2013 CEP: 75.020-010E-mail:&nbsp;alddie.alima@pge.go.gov.brTelefone: (62)&hellip;","_links":{"self":[{"href":"https:\/\/goias.gov.br\/procuradoria\/wp-json\/wp\/v2\/posts\/105668","targetHints":{"allow":["GET"]}}],"collection":[{"href":"https:\/\/goias.gov.br\/procuradoria\/wp-json\/wp\/v2\/posts"}],"about":[{"href":"https:\/\/goias.gov.br\/procuradoria\/wp-json\/wp\/v2\/types\/post"}],"author":[{"embeddable":true,"href":"https:\/\/goias.gov.br\/procuradoria\/wp-json\/wp\/v2\/users\/356"}],"replies":[{"embeddable":true,"href":"https:\/\/goias.gov.br\/procuradoria\/wp-json\/wp\/v2\/comments?post=105668"}],"version-history":[{"count":1,"href":"https:\/\/goias.gov.br\/procuradoria\/wp-json\/wp\/v2\/posts\/105668\/revisions"}],"predecessor-version":[{"id":105713,"href":"https:\/\/goias.gov.br\/procuradoria\/wp-json\/wp\/v2\/posts\/105668\/revisions\/105713"}],"wp:attachment":[{"href":"https:\/\/goias.gov.br\/procuradoria\/wp-json\/wp\/v2\/media?parent=105668"}],"wp:term":[{"taxonomy":"category","embeddable":true,"href":"https:\/\/goias.gov.br\/procuradoria\/wp-json\/wp\/v2\/categories?post=105668"},{"taxonomy":"post_tag","embeddable":true,"href":"https:\/\/goias.gov.br\/procuradoria\/wp-json\/wp\/v2\/tags?post=105668"}],"curies":[{"name":"wp","href":"https:\/\/api.w.org\/{rel}","templated":true}]}}