
{"id":9256,"date":"2013-07-03T13:00:19","date_gmt":"2013-07-03T16:00:19","guid":{"rendered":"http:\/\/www.procon.go.gov.br\/?p=9256"},"modified":"2013-07-03T14:45:27","modified_gmt":"2013-07-03T17:45:27","slug":"procon-goias-integra-a-nova-secretaria-de-estado-da-administracao-penitenciaria-e-justica","status":"publish","type":"post","link":"https:\/\/goias.gov.br\/procon\/procon-goias-integra-a-nova-secretaria-de-estado-da-administracao-penitenciaria-e-justica\/","title":{"rendered":"Procon Goi\u00e1s integra a nova Secretaria de Estado da Administra\u00e7\u00e3o Penitenci\u00e1ria e Justi\u00e7a"},"content":{"rendered":"<p style=\"text-align: justify;\"><img decoding=\"async\" class=\"alignleft size-medium wp-image-9265\" title=\"SAPEJUS baixa\" src=\"\/procon\/wp-content\/uploads\/sites\/19\/2013\/07\/SAPEJUS-baixa2-220x102.png\" alt=\"\" width=\"220\" height=\"102\" \/>O Procon Goi\u00e1s passou a integrar a estrutura organizacional da nova Secretaria de Estado da Administra\u00e7\u00e3o Penitenci\u00e1ria e Justi\u00e7a (SAPEJUS). A nova pasta ser\u00e1 comandada pelo Delegado de Pol\u00edcia Civil, Dr. Edemundo Dias de Oliveira Filho.<\/p>\n<p style=\"text-align: justify;\">A mudan\u00e7a na organiza\u00e7\u00e3o administrativa est\u00e1 prevista na Lei 18.056, de 24 de Junho de 2013, e publicada no Di\u00e1rio Oficial do Estado, no dia 02 de Julho de 2013. Antes, o Procon Goi\u00e1s era ligado \u00e0 Secretaria de Seguran\u00e7a P\u00fablica e Justi\u00e7a (SSPJ).<\/p>\n<p>&nbsp;<\/p>\n<p>Mais informa\u00e7\u00f5es:<br \/>\nAssessoria de Imprensa \u2013 Procon Goi\u00e1s<br \/>\n<strong>(62) 3201-7134<\/strong><br \/>\nimprensa@procon.go.gov.br<br \/>\nMichelle Rabelo: 9926-2522<br \/>\nLucas Santos: 8210-2973 \/\/\/ 8116-6192<br \/>\nEurico Rocha: 8447-1881 \/\/\/ 8529-1065<\/p>\n<p>&nbsp;<\/p>\n","protected":false},"excerpt":{"rendered":"<p>O Procon Goi\u00e1s passou a integrar a estrutura organizacional da nova Secretaria de Estado da Administra\u00e7\u00e3o Penitenci\u00e1ria e Justi\u00e7a (SAPEJUS). A nova pasta ser\u00e1 comandada pelo Delegado de Pol\u00edcia Civil, Dr. Edemundo Dias de Oliveira Filho. A mudan\u00e7a na organiza\u00e7\u00e3o administrativa est\u00e1 prevista na Lei 18.056, de 24 de Junho de 2013, e publicada no [&hellip;]<\/p>\n","protected":false},"author":2,"featured_media":9265,"comment_status":"open","ping_status":"closed","sticky":false,"template":"","format":"standard","meta":{"footnotes":""},"categories":[10],"tags":[1772,1771,1770,1769],"class_list":["post-9256","post","type-post","status-publish","format-standard","has-post-thumbnail","hentry","category-noticias","tag-dr-edemundo-dias-de-oliveira-filho","tag-lei-18-056","tag-sapejus","tag-secretaria-de-estado-da-administracao-penitenciaria-e-justica"],"rttpg_featured_image_url":{"full":["https:\/\/goias.gov.br\/procon\/wp-content\/uploads\/sites\/19\/2013\/07\/SAPEJUS-baixa2.png",372,174,false],"landscape":["https:\/\/goias.gov.br\/procon\/wp-content\/uploads\/sites\/19\/2013\/07\/SAPEJUS-baixa2.png",372,174,false],"portraits":["https:\/\/goias.gov.br\/procon\/wp-content\/uploads\/sites\/19\/2013\/07\/SAPEJUS-baixa2.png",372,174,false],"thumbnail":["https:\/\/goias.gov.br\/procon\/wp-content\/uploads\/sites\/19\/2013\/07\/SAPEJUS-baixa2-140x120.png",140,120,true],"medium":["https:\/\/goias.gov.br\/procon\/wp-content\/uploads\/sites\/19\/2013\/07\/SAPEJUS-baixa2-220x103.png",220,103,true],"large":["https:\/\/goias.gov.br\/procon\/wp-content\/uploads\/sites\/19\/2013\/07\/SAPEJUS-baixa2.png",372,174,false],"1536x1536":["https:\/\/goias.gov.br\/procon\/wp-content\/uploads\/sites\/19\/2013\/07\/SAPEJUS-baixa2.png",372,174,false],"2048x2048":["https:\/\/goias.gov.br\/procon\/wp-content\/uploads\/sites\/19\/2013\/07\/SAPEJUS-baixa2.png",372,174,false]},"rttpg_author":{"display_name":"rogerioduarte","author_link":"https:\/\/goias.gov.br\/procon\/author\/rogerioduarte\/"},"rttpg_comment":0,"rttpg_category":"<a href=\"https:\/\/goias.gov.br\/procon\/categoria\/noticias\/\" rel=\"category tag\">Not\u00edcias<\/a>","rttpg_excerpt":"O Procon Goi\u00e1s passou a integrar a estrutura organizacional da nova Secretaria de Estado da Administra\u00e7\u00e3o Penitenci\u00e1ria e Justi\u00e7a (SAPEJUS). A nova pasta ser\u00e1 comandada pelo Delegado de Pol\u00edcia Civil, Dr. Edemundo Dias de Oliveira Filho. A mudan\u00e7a na organiza\u00e7\u00e3o administrativa est\u00e1 prevista na Lei 18.056, de 24 de Junho de 2013, e publicada no&hellip;","_links":{"self":[{"href":"https:\/\/goias.gov.br\/procon\/wp-json\/wp\/v2\/posts\/9256","targetHints":{"allow":["GET"]}}],"collection":[{"href":"https:\/\/goias.gov.br\/procon\/wp-json\/wp\/v2\/posts"}],"about":[{"href":"https:\/\/goias.gov.br\/procon\/wp-json\/wp\/v2\/types\/post"}],"author":[{"embeddable":true,"href":"https:\/\/goias.gov.br\/procon\/wp-json\/wp\/v2\/users\/2"}],"replies":[{"embeddable":true,"href":"https:\/\/goias.gov.br\/procon\/wp-json\/wp\/v2\/comments?post=9256"}],"version-history":[{"count":0,"href":"https:\/\/goias.gov.br\/procon\/wp-json\/wp\/v2\/posts\/9256\/revisions"}],"wp:featuredmedia":[{"embeddable":true,"href":"https:\/\/goias.gov.br\/procon\/wp-json\/wp\/v2\/media\/9265"}],"wp:attachment":[{"href":"https:\/\/goias.gov.br\/procon\/wp-json\/wp\/v2\/media?parent=9256"}],"wp:term":[{"taxonomy":"category","embeddable":true,"href":"https:\/\/goias.gov.br\/procon\/wp-json\/wp\/v2\/categories?post=9256"},{"taxonomy":"post_tag","embeddable":true,"href":"https:\/\/goias.gov.br\/procon\/wp-json\/wp\/v2\/tags?post=9256"}],"curies":[{"name":"wp","href":"https:\/\/api.w.org\/{rel}","templated":true}]}}