
{"id":8744,"date":"2013-06-10T18:23:14","date_gmt":"2013-06-10T21:23:14","guid":{"rendered":"http:\/\/www.procon.go.gov.br\/?p=8744"},"modified":"2013-06-13T13:21:37","modified_gmt":"2013-06-13T16:21:37","slug":"procon-goias-consegue-decisao-judicial-favoravel-ao-pedido-de-reducao-da-tarifa-do-transporte-coletivo","status":"publish","type":"post","link":"https:\/\/goias.gov.br\/procon\/procon-goias-consegue-decisao-judicial-favoravel-ao-pedido-de-reducao-da-tarifa-do-transporte-coletivo\/","title":{"rendered":"Procon Goi\u00e1s consegue decis\u00e3o judicial favor\u00e1vel ao pedido de redu\u00e7\u00e3o da tarifa do transporte coletivo"},"content":{"rendered":"<p><img decoding=\"async\" class=\"alignleft size-medium wp-image-8745\" title=\"NYH8w4cS6zAFTiTDP3jFrZVDyoNDkQfaWneNuJon\" src=\"\/procon\/wp-content\/uploads\/sites\/19\/2013\/06\/NYH8w4cS6zAFTiTDP3jFrZVDyoNDkQfaWneNuJon-220x140.jpg\" alt=\"\" width=\"220\" height=\"140\" srcset=\"https:\/\/goias.gov.br\/procon\/wp-content\/uploads\/sites\/19\/2013\/06\/NYH8w4cS6zAFTiTDP3jFrZVDyoNDkQfaWneNuJon-220x140.jpg 220w, https:\/\/goias.gov.br\/procon\/wp-content\/uploads\/sites\/19\/2013\/06\/NYH8w4cS6zAFTiTDP3jFrZVDyoNDkQfaWneNuJon-450x287.jpg 450w, https:\/\/goias.gov.br\/procon\/wp-content\/uploads\/sites\/19\/2013\/06\/NYH8w4cS6zAFTiTDP3jFrZVDyoNDkQfaWneNuJon-60x38.jpg 60w, https:\/\/goias.gov.br\/procon\/wp-content\/uploads\/sites\/19\/2013\/06\/NYH8w4cS6zAFTiTDP3jFrZVDyoNDkQfaWneNuJon.jpg 627w\" sizes=\"(max-width: 220px) 100vw, 220px\" \/>A tarifa do transporte coletivo da Regi\u00e3o Metropolitana de Goi\u00e2nia no valor de R$3 ser\u00e1 suspensa em car\u00e1ter liminar. A decis\u00e3o foi do juiz Fernando de Mello Xavier, da 1\u00b0 Vara da Fazenda P\u00fablica Estadual de Goi\u00e2nia, em resposta a a\u00e7\u00e3o civil p\u00fablica que foi ajuizada pelo Procon Goi\u00e1s contra a Companhia Metropolitana de Transportes Coletivos (CMTC).<\/p>\n<p>A decis\u00e3o foi deferida na tarde desta segunda-feira (10\/6), e reduz o valor de R$3 ao pre\u00e7o cobrado antes do reajuste: R$ 2,70. Este dever\u00e1 permanecer at\u00e9 que a decis\u00e3o final seja divulgada. O juiz fixou multa di\u00e1ria de R$ 100 mil para quem descumprir a decis\u00e3o.<\/p>\n<p><strong>Entenda o caso<\/strong><\/p>\n<p>Depois de se reunir com representantes do Sindicato das Empresas de Transporte Coletivo Urbano de Passageiros (Setransp) e discutir os transtornos que uma poss\u00edvel falta de passagens poderia causar ao consumidor, o Procon Goi\u00e1s notificou a Companhia Metropolitana de Transporte Coletivo (CMTC) e pediu que a mesma apresentasse ao \u00f3rg\u00e3o de defesa do consumidor o relat\u00f3rio t\u00e9cnico que justificasse o reajuste.<\/p>\n<p>O \u00f3rg\u00e3o de defesa do consumidor analisou o relat\u00f3rio e encontrou irregularidades na forma como foi feito o reajuste. O Procon Goi\u00e1s \u00a0questionou a maneira como foram feitos os c\u00e1lculos e apontou entre as v\u00e1rias falhas, o peso do combust\u00edvel,\u00a0 que segundo a CMTC representa 35% dos gastos das empresas e de acordo com a Associa\u00e7\u00e3o Nacional do Transporte Coletivo responde por 20%, al\u00e9m de uma suposta quebra de contrato por parte das empresas respons\u00e1veis pelo transporte coletivo, que n\u00e3o investiram em melhorias para o setor.<\/p>\n<p>Por fim, o Procon Goi\u00e1s moveu uma a\u00e7\u00e3o civil p\u00fablica contra a CMTC, na qual pediu, em car\u00e1ter liminar, para que fosse suspensa a cobran\u00e7a do valor de R$3 pela passagem do transporte p\u00fablico da capital, com retorno para o valor anterior de R$2,70. A mudan\u00e7a valeria at\u00e9 que fossem feitos novos c\u00e1lculos da tarifa. Para o \u00f3rg\u00e3o, o reajuste que elevou o valor resulta de estudo feito sem cautela e apresentado \u00e0s pressas, em preju\u00edzo da popula\u00e7\u00e3o goianiense.<\/p>\n<p>&nbsp;<\/p>\n<p><strong>Mais informa\u00e7\u00f5es:<\/strong><br \/>\nAssessoria de Imprensa \u2013 Procon Goi\u00e1s<br \/>\n<strong>3201-7134<\/strong><br \/>\n<a href=\"mailto:imprensa@procon.go.gov.br\">imprensa@procon.go.gov.br<\/a><br \/>\nMichelle Rabelo: 9926-2522<br \/>\nLucas Santos: 8210-2973 \/\/\/ 8116-6192<br \/>\nEurico Rocha: 8447-1881 \/\/\/ 8529-1065<\/p>\n","protected":false},"excerpt":{"rendered":"<p>A tarifa do transporte coletivo da Regi\u00e3o Metropolitana de Goi\u00e2nia no valor de R$3 ser\u00e1 suspensa em car\u00e1ter liminar. A decis\u00e3o foi do juiz Fernando de Mello Xavier, da 1\u00b0 Vara da Fazenda P\u00fablica Estadual de Goi\u00e2nia, em resposta a a\u00e7\u00e3o civil p\u00fablica que foi ajuizada pelo Procon Goi\u00e1s contra a Companhia Metropolitana de Transportes [&hellip;]<\/p>\n","protected":false},"author":2,"featured_media":8746,"comment_status":"open","ping_status":"closed","sticky":false,"template":"","format":"standard","meta":{"footnotes":""},"categories":[10],"tags":[1719,1716,1717,341,1718,829,1690],"class_list":["post-8744","post","type-post","status-publish","format-standard","has-post-thumbnail","hentry","category-noticias","tag-coletivo","tag-decisao","tag-judicial","tag-procon-goias","tag-reducao","tag-tarifa","tag-transporte"],"rttpg_featured_image_url":{"full":["https:\/\/goias.gov.br\/procon\/wp-content\/uploads\/sites\/19\/2013\/06\/NYH8w4cS6zAFTiTDP3jFrZVDyoNDkQfaWneNuJon1.jpg",627,400,false],"landscape":["https:\/\/goias.gov.br\/procon\/wp-content\/uploads\/sites\/19\/2013\/06\/NYH8w4cS6zAFTiTDP3jFrZVDyoNDkQfaWneNuJon1.jpg",627,400,false],"portraits":["https:\/\/goias.gov.br\/procon\/wp-content\/uploads\/sites\/19\/2013\/06\/NYH8w4cS6zAFTiTDP3jFrZVDyoNDkQfaWneNuJon1.jpg",627,400,false],"thumbnail":["https:\/\/goias.gov.br\/procon\/wp-content\/uploads\/sites\/19\/2013\/06\/NYH8w4cS6zAFTiTDP3jFrZVDyoNDkQfaWneNuJon1-140x120.jpg",140,120,true],"medium":["https:\/\/goias.gov.br\/procon\/wp-content\/uploads\/sites\/19\/2013\/06\/NYH8w4cS6zAFTiTDP3jFrZVDyoNDkQfaWneNuJon1-220x140.jpg",220,140,true],"large":["https:\/\/goias.gov.br\/procon\/wp-content\/uploads\/sites\/19\/2013\/06\/NYH8w4cS6zAFTiTDP3jFrZVDyoNDkQfaWneNuJon1-450x287.jpg",450,287,true],"1536x1536":["https:\/\/goias.gov.br\/procon\/wp-content\/uploads\/sites\/19\/2013\/06\/NYH8w4cS6zAFTiTDP3jFrZVDyoNDkQfaWneNuJon1.jpg",627,400,false],"2048x2048":["https:\/\/goias.gov.br\/procon\/wp-content\/uploads\/sites\/19\/2013\/06\/NYH8w4cS6zAFTiTDP3jFrZVDyoNDkQfaWneNuJon1.jpg",627,400,false]},"rttpg_author":{"display_name":"rogerioduarte","author_link":"https:\/\/goias.gov.br\/procon\/author\/rogerioduarte\/"},"rttpg_comment":0,"rttpg_category":"<a href=\"https:\/\/goias.gov.br\/procon\/categoria\/noticias\/\" rel=\"category tag\">Not\u00edcias<\/a>","rttpg_excerpt":"A tarifa do transporte coletivo da Regi\u00e3o Metropolitana de Goi\u00e2nia no valor de R$3 ser\u00e1 suspensa em car\u00e1ter liminar. A decis\u00e3o foi do juiz Fernando de Mello Xavier, da 1\u00b0 Vara da Fazenda P\u00fablica Estadual de Goi\u00e2nia, em resposta a a\u00e7\u00e3o civil p\u00fablica que foi ajuizada pelo Procon Goi\u00e1s contra a Companhia Metropolitana de Transportes&hellip;","_links":{"self":[{"href":"https:\/\/goias.gov.br\/procon\/wp-json\/wp\/v2\/posts\/8744","targetHints":{"allow":["GET"]}}],"collection":[{"href":"https:\/\/goias.gov.br\/procon\/wp-json\/wp\/v2\/posts"}],"about":[{"href":"https:\/\/goias.gov.br\/procon\/wp-json\/wp\/v2\/types\/post"}],"author":[{"embeddable":true,"href":"https:\/\/goias.gov.br\/procon\/wp-json\/wp\/v2\/users\/2"}],"replies":[{"embeddable":true,"href":"https:\/\/goias.gov.br\/procon\/wp-json\/wp\/v2\/comments?post=8744"}],"version-history":[{"count":0,"href":"https:\/\/goias.gov.br\/procon\/wp-json\/wp\/v2\/posts\/8744\/revisions"}],"wp:featuredmedia":[{"embeddable":true,"href":"https:\/\/goias.gov.br\/procon\/wp-json\/wp\/v2\/media\/8746"}],"wp:attachment":[{"href":"https:\/\/goias.gov.br\/procon\/wp-json\/wp\/v2\/media?parent=8744"}],"wp:term":[{"taxonomy":"category","embeddable":true,"href":"https:\/\/goias.gov.br\/procon\/wp-json\/wp\/v2\/categories?post=8744"},{"taxonomy":"post_tag","embeddable":true,"href":"https:\/\/goias.gov.br\/procon\/wp-json\/wp\/v2\/tags?post=8744"}],"curies":[{"name":"wp","href":"https:\/\/api.w.org\/{rel}","templated":true}]}}