
{"id":8061,"date":"2013-04-29T12:54:47","date_gmt":"2013-04-29T15:54:47","guid":{"rendered":"http:\/\/www.procon.go.gov.br\/?p=8061"},"modified":"2013-04-30T00:07:48","modified_gmt":"2013-04-30T03:07:48","slug":"populacao-de-aparecida-de-goiania-contara-com-os-servicos-do-procon-goias-durante-governo-itinerante-que-acontece-entre-os-dias-8-e-11-de-maio","status":"publish","type":"post","link":"https:\/\/goias.gov.br\/procon\/populacao-de-aparecida-de-goiania-contara-com-os-servicos-do-procon-goias-durante-governo-itinerante-que-acontece-entre-os-dias-8-e-11-de-maio\/","title":{"rendered":"Popula\u00e7\u00e3o de Aparecida de Goi\u00e2nia contar\u00e1 com os servi\u00e7os do Procon Goi\u00e1s durante Governo Itinerante que acontece entre os dias 8 e 11 de maio"},"content":{"rendered":"<p style=\"text-align: justify;\"><img decoding=\"async\" class=\"alignleft size-medium wp-image-8063\" title=\"go.jpg\" src=\"\/procon\/wp-content\/uploads\/sites\/19\/2013\/04\/go.jpg-220x146.jpg\" alt=\"\" width=\"220\" height=\"146\" \/>Quem tem alguma d\u00favida sobre direitos do consumidor ou quer reclamar quanto a m\u00e1 presta\u00e7\u00e3o de um servi\u00e7o ou qualidade de um produto, pode marcar na agenda: o Procon Goi\u00e1s estar\u00e1 atendendo a popula\u00e7\u00e3o de Aparecida de Goi\u00e2nia de 8 a 11 de maio, em mais uma edi\u00e7\u00e3o do Governo Itinerante.<\/p>\n<p style=\"text-align: justify;\">Na ocasi\u00e3o, o consumidor ter\u00e1 acesso a lista negra de fornecedores formulada durante o ano de 2012, a esclarecimentos de d\u00favidas sobre taxas de juros, liquida\u00e7\u00e3o antecipada do d\u00e9bito e negocia\u00e7\u00e3o de d\u00edvidas, assim como d\u00favidas relativas \u00e0 rela\u00e7\u00e3o de consumo como um todo.<\/p>\n<p style=\"text-align: justify;\">Ser\u00e1 ministrada ainda, gratuitamente, uma palestra sobre como evitar o endividamento.<\/p>\n<p style=\"text-align: justify;\">O Procon Goi\u00e1s vai registrar reclama\u00e7\u00f5es, orientar os <strong>consumidores<\/strong> sobre seus direitos, e os <strong>fornecedores<\/strong> sobre como comercializar seus produtos ou prestar servi\u00e7os, sem desrespeitar o C\u00f3digo de Defesa do Consumidor (CDC).<\/p>\n<p style=\"text-align: justify;\">Vale lembrar que para formalizar a sua reclama\u00e7\u00e3o o consumidor deve estar munido de documentos pessoais, comprovante de endere\u00e7o documentos relacionados ao problema. Mais informa\u00e7\u00f5es pelo telefone 151.<\/p>\n<p style=\"text-align: justify;\">\n<p>Assessoria de Imprensa \u2013 Procon Goi\u00e1s<br \/>\n<strong>(62) 3201-7134<\/strong><br \/>\nimprensa@procon.go.gov.br<br \/>\nMichelle Rabelo: 9926-2522<br \/>\nLucas Santos: 8210-2973 \/\/\/ 8116-6192<br \/>\nEurico Rocha: 8447-1881 \/\/\/ 8529-1065<\/p>\n","protected":false},"excerpt":{"rendered":"<p>Quem tem alguma d\u00favida sobre direitos do consumidor ou quer reclamar quanto a m\u00e1 presta\u00e7\u00e3o de um servi\u00e7o ou qualidade de um produto, pode marcar na agenda: o Procon Goi\u00e1s estar\u00e1 atendendo a popula\u00e7\u00e3o de Aparecida de Goi\u00e2nia de 8 a 11 de maio, em mais uma edi\u00e7\u00e3o do Governo Itinerante. Na ocasi\u00e3o, o consumidor [&hellip;]<\/p>\n","protected":false},"author":2,"featured_media":8063,"comment_status":"open","ping_status":"closed","sticky":false,"template":"","format":"standard","meta":{"footnotes":""},"categories":[10],"tags":[1668],"class_list":["post-8061","post","type-post","status-publish","format-standard","has-post-thumbnail","hentry","category-noticias","tag-governo-itinerante-procon-goias-atendimento-palestra"],"rttpg_featured_image_url":{"full":["https:\/\/goias.gov.br\/procon\/wp-content\/uploads\/sites\/19\/2013\/04\/go.jpg.jpg",300,200,false],"landscape":["https:\/\/goias.gov.br\/procon\/wp-content\/uploads\/sites\/19\/2013\/04\/go.jpg.jpg",300,200,false],"portraits":["https:\/\/goias.gov.br\/procon\/wp-content\/uploads\/sites\/19\/2013\/04\/go.jpg.jpg",300,200,false],"thumbnail":["https:\/\/goias.gov.br\/procon\/wp-content\/uploads\/sites\/19\/2013\/04\/go.jpg-140x120.jpg",140,120,true],"medium":["https:\/\/goias.gov.br\/procon\/wp-content\/uploads\/sites\/19\/2013\/04\/go.jpg-220x147.jpg",220,147,true],"large":["https:\/\/goias.gov.br\/procon\/wp-content\/uploads\/sites\/19\/2013\/04\/go.jpg.jpg",300,200,false],"1536x1536":["https:\/\/goias.gov.br\/procon\/wp-content\/uploads\/sites\/19\/2013\/04\/go.jpg.jpg",300,200,false],"2048x2048":["https:\/\/goias.gov.br\/procon\/wp-content\/uploads\/sites\/19\/2013\/04\/go.jpg.jpg",300,200,false]},"rttpg_author":{"display_name":"rogerioduarte","author_link":"https:\/\/goias.gov.br\/procon\/author\/rogerioduarte\/"},"rttpg_comment":0,"rttpg_category":"<a href=\"https:\/\/goias.gov.br\/procon\/categoria\/noticias\/\" rel=\"category tag\">Not\u00edcias<\/a>","rttpg_excerpt":"Quem tem alguma d\u00favida sobre direitos do consumidor ou quer reclamar quanto a m\u00e1 presta\u00e7\u00e3o de um servi\u00e7o ou qualidade de um produto, pode marcar na agenda: o Procon Goi\u00e1s estar\u00e1 atendendo a popula\u00e7\u00e3o de Aparecida de Goi\u00e2nia de 8 a 11 de maio, em mais uma edi\u00e7\u00e3o do Governo Itinerante. Na ocasi\u00e3o, o consumidor&hellip;","_links":{"self":[{"href":"https:\/\/goias.gov.br\/procon\/wp-json\/wp\/v2\/posts\/8061","targetHints":{"allow":["GET"]}}],"collection":[{"href":"https:\/\/goias.gov.br\/procon\/wp-json\/wp\/v2\/posts"}],"about":[{"href":"https:\/\/goias.gov.br\/procon\/wp-json\/wp\/v2\/types\/post"}],"author":[{"embeddable":true,"href":"https:\/\/goias.gov.br\/procon\/wp-json\/wp\/v2\/users\/2"}],"replies":[{"embeddable":true,"href":"https:\/\/goias.gov.br\/procon\/wp-json\/wp\/v2\/comments?post=8061"}],"version-history":[{"count":0,"href":"https:\/\/goias.gov.br\/procon\/wp-json\/wp\/v2\/posts\/8061\/revisions"}],"wp:featuredmedia":[{"embeddable":true,"href":"https:\/\/goias.gov.br\/procon\/wp-json\/wp\/v2\/media\/8063"}],"wp:attachment":[{"href":"https:\/\/goias.gov.br\/procon\/wp-json\/wp\/v2\/media?parent=8061"}],"wp:term":[{"taxonomy":"category","embeddable":true,"href":"https:\/\/goias.gov.br\/procon\/wp-json\/wp\/v2\/categories?post=8061"},{"taxonomy":"post_tag","embeddable":true,"href":"https:\/\/goias.gov.br\/procon\/wp-json\/wp\/v2\/tags?post=8061"}],"curies":[{"name":"wp","href":"https:\/\/api.w.org\/{rel}","templated":true}]}}