
{"id":77690,"date":"2025-12-04T15:51:53","date_gmt":"2025-12-04T18:51:53","guid":{"rendered":"https:\/\/goias.gov.br\/procon\/?p=77690"},"modified":"2025-12-04T16:18:37","modified_gmt":"2025-12-04T19:18:37","slug":"procon-goias-participa-da-operacao-natal-seguro-2025","status":"publish","type":"post","link":"https:\/\/goias.gov.br\/procon\/procon-goias-participa-da-operacao-natal-seguro-2025\/","title":{"rendered":"Procon Goi\u00e1s participa da Opera\u00e7\u00e3o Natal Seguro 2025"},"content":{"rendered":"<p>Nesta quinta-feira (4), o Procon Goi\u00e1s participou do lan\u00e7amento da Opera\u00e7\u00e3o Natal Seguro 2025, que tem como objetivo unir esfor\u00e7os para garantir mais seguran\u00e7a \u00e0 popula\u00e7\u00e3o durante as festas de fim de ano. \u00a0A a\u00e7\u00e3o coordenada pela Secret\u00e1ria de Seguran\u00e7a P\u00fablica, acontece em parceria com a Guarda Municipal e a Pol\u00edcia Rodovi\u00e1ria Federal .<\/p>\n<p>Durante a ocasi\u00e3o, \u00a0o governador de Goi\u00e1s, Ronaldo Caiado, anunciou o investimento de R$ 81,6 milh\u00f5es em seguran\u00e7a p\u00fablica \u00a0para a opera\u00e7\u00e3o. O recurso contempla tr\u00eas frentes priorit\u00e1rias: valoriza\u00e7\u00e3o do efetivo, com pagamento de servi\u00e7o extraordin\u00e1rio; moderniza\u00e7\u00e3o da frota a\u00e9rea, inclusive com entrega de um helic\u00f3ptero; e aquisi\u00e7\u00e3o de equipamentos de conten\u00e7\u00e3o menos letal. \u201cToda essa estrutura de armamentos, coletes, viaturas e helic\u00f3pteros dando um suporte para o combate \u00e0 criminalidade\u201d, afirma o governador de Goi\u00e1s, Ronaldo Caiado.<\/p>\n<p>A opera\u00e7\u00e3o ser\u00e1 realizada at\u00e9 o dia 05 de janeiro de 2026 e\u00a0 ocorrer\u00e1 nos 246 munic\u00edpios de Goi\u00e1s. \u00a0Para o vice-governador de Goi\u00e1s, Daniel Vilela, a integra\u00e7\u00e3o das for\u00e7as policiais contribuir\u00e1 com o sucesso da a\u00e7\u00e3o. \u201cA seguran\u00e7a p\u00fablica \u00e9 feita com planejamento e integra\u00e7\u00e3o. Ent\u00e3o, todas as for\u00e7as do Estado est\u00e3o unidas para as a\u00e7\u00f5es durante as festividades de fim de ano.\u2019\u2019<\/p>\n<p>O \u00a0secret\u00e1rio de Seguran\u00e7a P\u00fablica, Renato Brum enfatiza que a Opera\u00e7\u00e3o contar\u00e1 com a participa\u00e7\u00e3o das 22 regionais do Estado. \u201cSer\u00e3o 30 dias em que estaremos dando prioridade \u00e0 visibilidade e \u00e0 preven\u00e7\u00e3o, em parceria com a Guarda Municipal e com as for\u00e7as de seguran\u00e7a p\u00fablica federal e estadual nas \u00e1reas comerciais.\u201d<\/p>\n<p>Para o prefeito de Goi\u00e2nia, Sandro Mabel, a integra\u00e7\u00e3o entre Governo de Goi\u00e1s e Prefeitura de Goi\u00e2nia contribuir\u00e1 para a seguran\u00e7a dos comerciantes e compradores .\u201cGoi\u00e2nia ser\u00e1 a cidade mais segura do Brasil, com as c\u00e2meras que estamos instalando, e o sistema de intelig\u00eancia junto com o governo estadual. \u00c9 tudo integrado.\u201d<\/p>\n<p><strong>Entregas<\/strong><\/p>\n<p>Cerca de R$ 19,9 milh\u00f5es ser\u00e3o investidos no pagamento de horas extras para policiais, visando assegurar a continuidade e intensifica\u00e7\u00e3o dos servi\u00e7os essenciais de seguran\u00e7a neste fim de ano. O objetivo do Governo de Goi\u00e1s \u00e9 garantir um efetivo de profissionais na rua, com o foco no refor\u00e7o do policiamento ostensivo e preventivo, especialmente durante os per\u00edodos de maior demanda.<\/p>\n<p>Tamb\u00e9m foi entregue um helic\u00f3ptero Airbus\/Helibras AS350B3e, conhecido como Falc\u00e3o 04, adquirido por mais de R$ 50 milh\u00f5es provenientes do Tesouro Estadual. Essa aeronave, que passa por um processo de retrofit, ser\u00e1 equipada com tecnologia de ponta, incluindo sistemas de imageamento a\u00e9reo em alta defini\u00e7\u00e3o, imageador t\u00e9rmico e sistema de vis\u00e3o noturna (NVIS \u2013 Night Vision Imaging System). O helic\u00f3ptero tamb\u00e9m possui farol de busca de alta performance e equipamentos especializados para miss\u00f5es de patrulhamento, busca, resgate e apoio t\u00e1tico<\/p>\n<p>Al\u00e9m disso, o \u00a0\u00a0Estado aplicar\u00e1 \u00a0R$ 11,2 milh\u00f5es na aquisi\u00e7\u00e3o de 870 pistolas Taser, acompanhadas de 32.250 muni\u00e7\u00f5es eletroimobilizantes. Este equipamento, eficaz em situa\u00e7\u00f5es de risco controlado, reduzir\u00e1 a letalidade e poss\u00edveis les\u00f5es graves, tanto para os abordados quanto para os agentes de seguran\u00e7a, alinhando Goi\u00e1s \u00e0s melhores pr\u00e1ticas de policiamento moderno e humanizado.<\/p>\n<p><em>(Com informa\u00e7\u00f5es da Secret\u00e1ria de Seguran\u00e7a P\u00fablica)<\/em><\/p>\n","protected":false},"excerpt":{"rendered":"<p>Nesta quinta-feira (4), o Procon Goi\u00e1s participou do lan\u00e7amento da Opera\u00e7\u00e3o Natal Seguro 2025, que tem como objetivo unir esfor\u00e7os para garantir mais seguran\u00e7a \u00e0 popula\u00e7\u00e3o durante as festas de fim de ano. \u00a0A a\u00e7\u00e3o coordenada pela Secret\u00e1ria de Seguran\u00e7a P\u00fablica, acontece em parceria com a Guarda Municipal e a Pol\u00edcia Rodovi\u00e1ria Federal . Durante [&hellip;]<\/p>\n","protected":false},"author":650,"featured_media":77691,"comment_status":"closed","ping_status":"open","sticky":false,"template":"","format":"standard","meta":{"footnotes":""},"categories":[10,7526],"tags":[],"class_list":["post-77690","post","type-post","status-publish","format-standard","has-post-thumbnail","hentry","category-noticias","category-noticias-procon"],"rttpg_featured_image_url":{"full":["https:\/\/goias.gov.br\/procon\/wp-content\/uploads\/sites\/19\/2025\/12\/IMG_20251204_091710715_HDR.jpg",4096,3072,false],"landscape":["https:\/\/goias.gov.br\/procon\/wp-content\/uploads\/sites\/19\/2025\/12\/IMG_20251204_091710715_HDR.jpg",4096,3072,false],"portraits":["https:\/\/goias.gov.br\/procon\/wp-content\/uploads\/sites\/19\/2025\/12\/IMG_20251204_091710715_HDR.jpg",4096,3072,false],"thumbnail":["https:\/\/goias.gov.br\/procon\/wp-content\/uploads\/sites\/19\/2025\/12\/IMG_20251204_091710715_HDR-150x150.jpg",150,150,true],"medium":["https:\/\/goias.gov.br\/procon\/wp-content\/uploads\/sites\/19\/2025\/12\/IMG_20251204_091710715_HDR-300x225.jpg",300,225,true],"large":["https:\/\/goias.gov.br\/procon\/wp-content\/uploads\/sites\/19\/2025\/12\/IMG_20251204_091710715_HDR-1024x768.jpg",1024,768,true],"1536x1536":["https:\/\/goias.gov.br\/procon\/wp-content\/uploads\/sites\/19\/2025\/12\/IMG_20251204_091710715_HDR-1536x1152.jpg",1536,1152,true],"2048x2048":["https:\/\/goias.gov.br\/procon\/wp-content\/uploads\/sites\/19\/2025\/12\/IMG_20251204_091710715_HDR-2048x1536.jpg",2048,1536,true]},"rttpg_author":{"display_name":"tainarocha","author_link":"https:\/\/goias.gov.br\/procon\/author\/tainarocha\/"},"rttpg_comment":0,"rttpg_category":"<a href=\"https:\/\/goias.gov.br\/procon\/categoria\/noticias\/\" rel=\"category tag\">Not\u00edcias<\/a> <a href=\"https:\/\/goias.gov.br\/procon\/categoria\/noticias-procon\/\" rel=\"category tag\">Not\u00edcias Procon Goi\u00e1s<\/a>","rttpg_excerpt":"Nesta quinta-feira (4), o Procon Goi\u00e1s participou do lan\u00e7amento da Opera\u00e7\u00e3o Natal Seguro 2025, que tem como objetivo unir esfor\u00e7os para garantir mais seguran\u00e7a \u00e0 popula\u00e7\u00e3o durante as festas de fim de ano. \u00a0A a\u00e7\u00e3o coordenada pela Secret\u00e1ria de Seguran\u00e7a P\u00fablica, acontece em parceria com a Guarda Municipal e a Pol\u00edcia Rodovi\u00e1ria Federal . Durante&hellip;","_links":{"self":[{"href":"https:\/\/goias.gov.br\/procon\/wp-json\/wp\/v2\/posts\/77690","targetHints":{"allow":["GET"]}}],"collection":[{"href":"https:\/\/goias.gov.br\/procon\/wp-json\/wp\/v2\/posts"}],"about":[{"href":"https:\/\/goias.gov.br\/procon\/wp-json\/wp\/v2\/types\/post"}],"author":[{"embeddable":true,"href":"https:\/\/goias.gov.br\/procon\/wp-json\/wp\/v2\/users\/650"}],"replies":[{"embeddable":true,"href":"https:\/\/goias.gov.br\/procon\/wp-json\/wp\/v2\/comments?post=77690"}],"version-history":[{"count":1,"href":"https:\/\/goias.gov.br\/procon\/wp-json\/wp\/v2\/posts\/77690\/revisions"}],"predecessor-version":[{"id":77692,"href":"https:\/\/goias.gov.br\/procon\/wp-json\/wp\/v2\/posts\/77690\/revisions\/77692"}],"wp:featuredmedia":[{"embeddable":true,"href":"https:\/\/goias.gov.br\/procon\/wp-json\/wp\/v2\/media\/77691"}],"wp:attachment":[{"href":"https:\/\/goias.gov.br\/procon\/wp-json\/wp\/v2\/media?parent=77690"}],"wp:term":[{"taxonomy":"category","embeddable":true,"href":"https:\/\/goias.gov.br\/procon\/wp-json\/wp\/v2\/categories?post=77690"},{"taxonomy":"post_tag","embeddable":true,"href":"https:\/\/goias.gov.br\/procon\/wp-json\/wp\/v2\/tags?post=77690"}],"curies":[{"name":"wp","href":"https:\/\/api.w.org\/{rel}","templated":true}]}}