
{"id":75668,"date":"2025-09-04T15:31:02","date_gmt":"2025-09-04T18:31:02","guid":{"rendered":"https:\/\/goias.gov.br\/procon\/?p=75668"},"modified":"2025-09-04T15:38:34","modified_gmt":"2025-09-04T18:38:34","slug":"procon-goias-realiza-palestra-sobre-o-codigo-de-defesa-do-consumidor-para-estudantes-do-colegio-militar","status":"publish","type":"post","link":"https:\/\/goias.gov.br\/procon\/procon-goias-realiza-palestra-sobre-o-codigo-de-defesa-do-consumidor-para-estudantes-do-colegio-militar\/","title":{"rendered":"Procon Goi\u00e1s realiza palestra sobre o C\u00f3digo de Defesa do Consumidor para estudantes do Col\u00e9gio Militar"},"content":{"rendered":"<p>Setembro celebra o anivers\u00e1rio do C\u00f3digo de Defesa do consumidor. E, como parte das atividades comemorativas para este m\u00eas, o Procon Goi\u00e1s realiza palestras educativas para os alunos do 2\u00ba ano do ensino m\u00e9dio do Col\u00e9gio Estadual da Pol\u00edcia Militar de Goi\u00e1s \u00a0Vasco dos Reis. As atividades aconteceram entre os dias 2,3 e 4 de setembro e seguir\u00e3o at\u00e9 o dia 9 deste m\u00eas.<\/p>\n<p>Organizado pela Escola Estadual de Defesa do Consumidor, em parceria com o \u00a0Comando de Ensino da Pol\u00edcia Militar, \u00a0a palestra contou com a condu\u00e7\u00e3o do coordenador Henrique Teixeira. \u00a0Durante o evento, ele abordou os principais direitos dos consumidores brasileiros e esclareceu d\u00favidas sobre propaganda enganosa, direito de troca e arrependimento, al\u00e9m de ressaltar \u00a0a import\u00e2ncia do Procon Goi\u00e1s em garantir e proteger os consumidores goianos.<\/p>\n<p>Para o coordenador da Escola Estadual de Defesa do Consumidor do Procon Goi\u00e1s, Henrique Teixeira, o evento visa auxiliar na forma\u00e7\u00e3o de uma juventude mais consciente de seus direitos. \u201cO objetivo do Procon Goi\u00e1s \u00e9 contribuir na forma\u00e7\u00e3o de consumidores informados,\u00a0 esclarecidos e\u00a0 conhecedores do C\u00f3digo de Defesa do Consumidor.\u201d<\/p>\n","protected":false},"excerpt":{"rendered":"<p>Setembro celebra o anivers\u00e1rio do C\u00f3digo de Defesa do consumidor. E, como parte das atividades comemorativas para este m\u00eas, o Procon Goi\u00e1s realiza palestras educativas para os alunos do 2\u00ba ano do ensino m\u00e9dio do Col\u00e9gio Estadual da Pol\u00edcia Militar de Goi\u00e1s \u00a0Vasco dos Reis. As atividades aconteceram entre os dias 2,3 e 4 de [&hellip;]<\/p>\n","protected":false},"author":650,"featured_media":75671,"comment_status":"closed","ping_status":"open","sticky":false,"template":"","format":"standard","meta":{"footnotes":""},"categories":[10,7526],"tags":[],"class_list":["post-75668","post","type-post","status-publish","format-standard","has-post-thumbnail","hentry","category-noticias","category-noticias-procon"],"rttpg_featured_image_url":{"full":["https:\/\/goias.gov.br\/procon\/wp-content\/uploads\/sites\/19\/2025\/09\/WhatsApp-Image-2025-09-04-at-15.18.16.jpeg",1600,1204,false],"landscape":["https:\/\/goias.gov.br\/procon\/wp-content\/uploads\/sites\/19\/2025\/09\/WhatsApp-Image-2025-09-04-at-15.18.16.jpeg",1600,1204,false],"portraits":["https:\/\/goias.gov.br\/procon\/wp-content\/uploads\/sites\/19\/2025\/09\/WhatsApp-Image-2025-09-04-at-15.18.16.jpeg",1600,1204,false],"thumbnail":["https:\/\/goias.gov.br\/procon\/wp-content\/uploads\/sites\/19\/2025\/09\/WhatsApp-Image-2025-09-04-at-15.18.16-150x150.jpeg",150,150,true],"medium":["https:\/\/goias.gov.br\/procon\/wp-content\/uploads\/sites\/19\/2025\/09\/WhatsApp-Image-2025-09-04-at-15.18.16-300x226.jpeg",300,226,true],"large":["https:\/\/goias.gov.br\/procon\/wp-content\/uploads\/sites\/19\/2025\/09\/WhatsApp-Image-2025-09-04-at-15.18.16-1024x771.jpeg",1024,771,true],"1536x1536":["https:\/\/goias.gov.br\/procon\/wp-content\/uploads\/sites\/19\/2025\/09\/WhatsApp-Image-2025-09-04-at-15.18.16-1536x1156.jpeg",1536,1156,true],"2048x2048":["https:\/\/goias.gov.br\/procon\/wp-content\/uploads\/sites\/19\/2025\/09\/WhatsApp-Image-2025-09-04-at-15.18.16.jpeg",1600,1204,false]},"rttpg_author":{"display_name":"tainarocha","author_link":"https:\/\/goias.gov.br\/procon\/author\/tainarocha\/"},"rttpg_comment":0,"rttpg_category":"<a href=\"https:\/\/goias.gov.br\/procon\/categoria\/noticias\/\" rel=\"category tag\">Not\u00edcias<\/a> <a href=\"https:\/\/goias.gov.br\/procon\/categoria\/noticias-procon\/\" rel=\"category tag\">Not\u00edcias Procon Goi\u00e1s<\/a>","rttpg_excerpt":"Setembro celebra o anivers\u00e1rio do C\u00f3digo de Defesa do consumidor. E, como parte das atividades comemorativas para este m\u00eas, o Procon Goi\u00e1s realiza palestras educativas para os alunos do 2\u00ba ano do ensino m\u00e9dio do Col\u00e9gio Estadual da Pol\u00edcia Militar de Goi\u00e1s \u00a0Vasco dos Reis. As atividades aconteceram entre os dias 2,3 e 4 de&hellip;","_links":{"self":[{"href":"https:\/\/goias.gov.br\/procon\/wp-json\/wp\/v2\/posts\/75668","targetHints":{"allow":["GET"]}}],"collection":[{"href":"https:\/\/goias.gov.br\/procon\/wp-json\/wp\/v2\/posts"}],"about":[{"href":"https:\/\/goias.gov.br\/procon\/wp-json\/wp\/v2\/types\/post"}],"author":[{"embeddable":true,"href":"https:\/\/goias.gov.br\/procon\/wp-json\/wp\/v2\/users\/650"}],"replies":[{"embeddable":true,"href":"https:\/\/goias.gov.br\/procon\/wp-json\/wp\/v2\/comments?post=75668"}],"version-history":[{"count":1,"href":"https:\/\/goias.gov.br\/procon\/wp-json\/wp\/v2\/posts\/75668\/revisions"}],"predecessor-version":[{"id":75670,"href":"https:\/\/goias.gov.br\/procon\/wp-json\/wp\/v2\/posts\/75668\/revisions\/75670"}],"wp:featuredmedia":[{"embeddable":true,"href":"https:\/\/goias.gov.br\/procon\/wp-json\/wp\/v2\/media\/75671"}],"wp:attachment":[{"href":"https:\/\/goias.gov.br\/procon\/wp-json\/wp\/v2\/media?parent=75668"}],"wp:term":[{"taxonomy":"category","embeddable":true,"href":"https:\/\/goias.gov.br\/procon\/wp-json\/wp\/v2\/categories?post=75668"},{"taxonomy":"post_tag","embeddable":true,"href":"https:\/\/goias.gov.br\/procon\/wp-json\/wp\/v2\/tags?post=75668"}],"curies":[{"name":"wp","href":"https:\/\/api.w.org\/{rel}","templated":true}]}}