
{"id":75662,"date":"2025-09-03T11:06:10","date_gmt":"2025-09-03T14:06:10","guid":{"rendered":"https:\/\/goias.gov.br\/procon\/?p=75662"},"modified":"2025-09-03T12:07:29","modified_gmt":"2025-09-03T15:07:29","slug":"75662-2","status":"publish","type":"post","link":"https:\/\/goias.gov.br\/procon\/75662-2\/","title":{"rendered":"Nos 35 anos do CDC, Colegiado Nacional de Procons Estaduais cria enquete nacional para avaliar percep\u00e7\u00e3o de consumidores"},"content":{"rendered":"<p>Neste m\u00eas de setembro, o C\u00f3digo de Defesa do Consumidor (CDC) completa 35 anos e, para avaliar a percep\u00e7\u00e3o dos consumidores sobre o CDC, suas experi\u00eancias e sobre a atua\u00e7\u00e3o dos Procons, o Colegiado Nacional de Procons Estaduais (CNPE) criou uma enquete nacional.\u00a0Trata-se da primeira iniciativa do Colegiado, f\u00f3rum criado no m\u00eas de maio, para aprimorar a estrutura do Sistema Nacional de Defesa do Consumidor.<\/p>\n<p>Os resultados ser\u00e3o utilizados para subsidiar e ampliar a efic\u00e1cia das a\u00e7\u00f5es dos \u00f3rg\u00e3os p\u00fablicos e das entidades civis de prote\u00e7\u00e3o e defesa do consumidor, al\u00e9m de orientar fornecedores no aprimoramento de seus servi\u00e7os e produtos.<\/p>\n<p>Ao lado da Secretaria Nacional do Consumidor do Minist\u00e9rio da Justi\u00e7a e Seguran\u00e7a P\u00fablica, e de outras organiza\u00e7\u00f5es como a Associa\u00e7\u00e3o Procons Brasil, o novo Colegiado ir\u00e1 trabalhar para a cria\u00e7\u00e3o de uma pol\u00edtica nacional de defesa do consumidor, representando os Procons municipais e aprimorando as propostas de atendimento do consumidor.<\/p>\n<p>A pesquisa estar\u00e1 dispon\u00edvel at\u00e9 o dia 8 de setembro.<\/p>\n<p><strong>Para responder \u00e0s perguntas,<\/strong>\u00a0<strong><a href=\"https:\/\/docs.google.com\/forms\/d\/e\/1FAIpQLSeCPrrZRp3RLHp3HCgV_yk9_d_GDvRdenIhiXjBtyvv8uy_VA\/viewform\">clique aqui<\/a><\/strong>.<\/p>\n","protected":false},"excerpt":{"rendered":"<p>Neste m\u00eas de setembro, o C\u00f3digo de Defesa do Consumidor (CDC) completa 35 anos e, para avaliar a percep\u00e7\u00e3o dos consumidores sobre o CDC, suas experi\u00eancias e sobre a atua\u00e7\u00e3o dos Procons, o Colegiado Nacional de Procons Estaduais (CNPE) criou uma enquete nacional.\u00a0Trata-se da primeira iniciativa do Colegiado, f\u00f3rum criado no m\u00eas de maio, para [&hellip;]<\/p>\n","protected":false},"author":221,"featured_media":75666,"comment_status":"closed","ping_status":"open","sticky":false,"template":"","format":"standard","meta":{"footnotes":""},"categories":[10,7526,1186],"tags":[],"class_list":["post-75662","post","type-post","status-publish","format-standard","has-post-thumbnail","hentry","category-noticias","category-noticias-procon","category-pesquisas"],"rttpg_featured_image_url":{"full":["https:\/\/goias.gov.br\/procon\/wp-content\/uploads\/sites\/19\/2025\/09\/Posts-insta-formato-novo-24.jpg",940,788,false],"landscape":["https:\/\/goias.gov.br\/procon\/wp-content\/uploads\/sites\/19\/2025\/09\/Posts-insta-formato-novo-24.jpg",940,788,false],"portraits":["https:\/\/goias.gov.br\/procon\/wp-content\/uploads\/sites\/19\/2025\/09\/Posts-insta-formato-novo-24.jpg",940,788,false],"thumbnail":["https:\/\/goias.gov.br\/procon\/wp-content\/uploads\/sites\/19\/2025\/09\/Posts-insta-formato-novo-24-150x150.jpg",150,150,true],"medium":["https:\/\/goias.gov.br\/procon\/wp-content\/uploads\/sites\/19\/2025\/09\/Posts-insta-formato-novo-24-300x251.jpg",300,251,true],"large":["https:\/\/goias.gov.br\/procon\/wp-content\/uploads\/sites\/19\/2025\/09\/Posts-insta-formato-novo-24.jpg",940,788,false],"1536x1536":["https:\/\/goias.gov.br\/procon\/wp-content\/uploads\/sites\/19\/2025\/09\/Posts-insta-formato-novo-24.jpg",940,788,false],"2048x2048":["https:\/\/goias.gov.br\/procon\/wp-content\/uploads\/sites\/19\/2025\/09\/Posts-insta-formato-novo-24.jpg",940,788,false]},"rttpg_author":{"display_name":"lutianepgama","author_link":"https:\/\/goias.gov.br\/procon\/author\/lutianepgama\/"},"rttpg_comment":0,"rttpg_category":"<a href=\"https:\/\/goias.gov.br\/procon\/categoria\/noticias\/\" rel=\"category tag\">Not\u00edcias<\/a> <a href=\"https:\/\/goias.gov.br\/procon\/categoria\/noticias-procon\/\" rel=\"category tag\">Not\u00edcias Procon Goi\u00e1s<\/a> <a href=\"https:\/\/goias.gov.br\/procon\/categoria\/pesquisas\/\" rel=\"category tag\">Pesquisas<\/a>","rttpg_excerpt":"Neste m\u00eas de setembro, o C\u00f3digo de Defesa do Consumidor (CDC) completa 35 anos e, para avaliar a percep\u00e7\u00e3o dos consumidores sobre o CDC, suas experi\u00eancias e sobre a atua\u00e7\u00e3o dos Procons, o Colegiado Nacional de Procons Estaduais (CNPE) criou uma enquete nacional.\u00a0Trata-se da primeira iniciativa do Colegiado, f\u00f3rum criado no m\u00eas de maio, para&hellip;","_links":{"self":[{"href":"https:\/\/goias.gov.br\/procon\/wp-json\/wp\/v2\/posts\/75662","targetHints":{"allow":["GET"]}}],"collection":[{"href":"https:\/\/goias.gov.br\/procon\/wp-json\/wp\/v2\/posts"}],"about":[{"href":"https:\/\/goias.gov.br\/procon\/wp-json\/wp\/v2\/types\/post"}],"author":[{"embeddable":true,"href":"https:\/\/goias.gov.br\/procon\/wp-json\/wp\/v2\/users\/221"}],"replies":[{"embeddable":true,"href":"https:\/\/goias.gov.br\/procon\/wp-json\/wp\/v2\/comments?post=75662"}],"version-history":[{"count":2,"href":"https:\/\/goias.gov.br\/procon\/wp-json\/wp\/v2\/posts\/75662\/revisions"}],"predecessor-version":[{"id":75667,"href":"https:\/\/goias.gov.br\/procon\/wp-json\/wp\/v2\/posts\/75662\/revisions\/75667"}],"wp:featuredmedia":[{"embeddable":true,"href":"https:\/\/goias.gov.br\/procon\/wp-json\/wp\/v2\/media\/75666"}],"wp:attachment":[{"href":"https:\/\/goias.gov.br\/procon\/wp-json\/wp\/v2\/media?parent=75662"}],"wp:term":[{"taxonomy":"category","embeddable":true,"href":"https:\/\/goias.gov.br\/procon\/wp-json\/wp\/v2\/categories?post=75662"},{"taxonomy":"post_tag","embeddable":true,"href":"https:\/\/goias.gov.br\/procon\/wp-json\/wp\/v2\/tags?post=75662"}],"curies":[{"name":"wp","href":"https:\/\/api.w.org\/{rel}","templated":true}]}}