
{"id":71640,"date":"2025-02-11T15:47:15","date_gmt":"2025-02-11T18:47:15","guid":{"rendered":"https:\/\/goias.gov.br\/procon\/?p=71640"},"modified":"2025-02-11T16:00:18","modified_gmt":"2025-02-11T19:00:18","slug":"nota-de-pesar","status":"publish","type":"post","link":"https:\/\/goias.gov.br\/procon\/nota-de-pesar\/","title":{"rendered":"NOTA DE PESAR"},"content":{"rendered":"<p>Com muito pesar, recebemos a not\u00edcia do falecimento do Cabo Paulo Vitor Coelho Campos. O Procon Goi\u00e1s manifesta sinceras condol\u00eancias \u00e0 fam\u00edlia e amigos, desejando for\u00e7a neste momento de dor.<\/p>\n<p>Sua dedica\u00e7\u00e3o e coragem sempre foram exemplo de compromisso com a seguran\u00e7a p\u00fablica e o bem-estar da popula\u00e7\u00e3o. Seu legado de servi\u00e7o e valor jamais ser\u00e1 esquecido!<\/p>\n<p>17\/03\/1992 \u2013 11\/02\/2025<\/p>\n<p><strong>Marco Aur\u00e9lio de Sene Palmerston Xavier<\/strong><br \/>\n<strong>Superintendente de Prote\u00e7\u00e3o aos Direitos do Consumidor<\/strong><\/p>\n","protected":false},"excerpt":{"rendered":"<p>Com muito pesar, recebemos a not\u00edcia do falecimento do Cabo Paulo Vitor Coelho Campos. O Procon Goi\u00e1s manifesta sinceras condol\u00eancias \u00e0 fam\u00edlia e amigos, desejando for\u00e7a neste momento de dor. Sua dedica\u00e7\u00e3o e coragem sempre foram exemplo de compromisso com a seguran\u00e7a p\u00fablica e o bem-estar da popula\u00e7\u00e3o. Seu legado de servi\u00e7o e valor jamais [&hellip;]<\/p>\n","protected":false},"author":650,"featured_media":71650,"comment_status":"closed","ping_status":"open","sticky":false,"template":"","format":"standard","meta":{"footnotes":""},"categories":[10,7526],"tags":[],"class_list":["post-71640","post","type-post","status-publish","format-standard","has-post-thumbnail","hentry","category-noticias","category-noticias-procon"],"rttpg_featured_image_url":{"full":["https:\/\/goias.gov.br\/procon\/wp-content\/uploads\/sites\/19\/2025\/02\/Sem-nome-Post-para-Facebook-quadrado.jpg",1080,1080,false],"landscape":["https:\/\/goias.gov.br\/procon\/wp-content\/uploads\/sites\/19\/2025\/02\/Sem-nome-Post-para-Facebook-quadrado.jpg",1080,1080,false],"portraits":["https:\/\/goias.gov.br\/procon\/wp-content\/uploads\/sites\/19\/2025\/02\/Sem-nome-Post-para-Facebook-quadrado.jpg",1080,1080,false],"thumbnail":["https:\/\/goias.gov.br\/procon\/wp-content\/uploads\/sites\/19\/2025\/02\/Sem-nome-Post-para-Facebook-quadrado-150x150.jpg",150,150,true],"medium":["https:\/\/goias.gov.br\/procon\/wp-content\/uploads\/sites\/19\/2025\/02\/Sem-nome-Post-para-Facebook-quadrado-300x300.jpg",300,300,true],"large":["https:\/\/goias.gov.br\/procon\/wp-content\/uploads\/sites\/19\/2025\/02\/Sem-nome-Post-para-Facebook-quadrado-1024x1024.jpg",1024,1024,true],"1536x1536":["https:\/\/goias.gov.br\/procon\/wp-content\/uploads\/sites\/19\/2025\/02\/Sem-nome-Post-para-Facebook-quadrado.jpg",1080,1080,false],"2048x2048":["https:\/\/goias.gov.br\/procon\/wp-content\/uploads\/sites\/19\/2025\/02\/Sem-nome-Post-para-Facebook-quadrado.jpg",1080,1080,false]},"rttpg_author":{"display_name":"tainarocha","author_link":"https:\/\/goias.gov.br\/procon\/author\/tainarocha\/"},"rttpg_comment":0,"rttpg_category":"<a href=\"https:\/\/goias.gov.br\/procon\/categoria\/noticias\/\" rel=\"category tag\">Not\u00edcias<\/a> <a href=\"https:\/\/goias.gov.br\/procon\/categoria\/noticias-procon\/\" rel=\"category tag\">Not\u00edcias Procon Goi\u00e1s<\/a>","rttpg_excerpt":"Com muito pesar, recebemos a not\u00edcia do falecimento do Cabo Paulo Vitor Coelho Campos. O Procon Goi\u00e1s manifesta sinceras condol\u00eancias \u00e0 fam\u00edlia e amigos, desejando for\u00e7a neste momento de dor. Sua dedica\u00e7\u00e3o e coragem sempre foram exemplo de compromisso com a seguran\u00e7a p\u00fablica e o bem-estar da popula\u00e7\u00e3o. Seu legado de servi\u00e7o e valor jamais&hellip;","_links":{"self":[{"href":"https:\/\/goias.gov.br\/procon\/wp-json\/wp\/v2\/posts\/71640","targetHints":{"allow":["GET"]}}],"collection":[{"href":"https:\/\/goias.gov.br\/procon\/wp-json\/wp\/v2\/posts"}],"about":[{"href":"https:\/\/goias.gov.br\/procon\/wp-json\/wp\/v2\/types\/post"}],"author":[{"embeddable":true,"href":"https:\/\/goias.gov.br\/procon\/wp-json\/wp\/v2\/users\/650"}],"replies":[{"embeddable":true,"href":"https:\/\/goias.gov.br\/procon\/wp-json\/wp\/v2\/comments?post=71640"}],"version-history":[{"count":2,"href":"https:\/\/goias.gov.br\/procon\/wp-json\/wp\/v2\/posts\/71640\/revisions"}],"predecessor-version":[{"id":71644,"href":"https:\/\/goias.gov.br\/procon\/wp-json\/wp\/v2\/posts\/71640\/revisions\/71644"}],"wp:featuredmedia":[{"embeddable":true,"href":"https:\/\/goias.gov.br\/procon\/wp-json\/wp\/v2\/media\/71650"}],"wp:attachment":[{"href":"https:\/\/goias.gov.br\/procon\/wp-json\/wp\/v2\/media?parent=71640"}],"wp:term":[{"taxonomy":"category","embeddable":true,"href":"https:\/\/goias.gov.br\/procon\/wp-json\/wp\/v2\/categories?post=71640"},{"taxonomy":"post_tag","embeddable":true,"href":"https:\/\/goias.gov.br\/procon\/wp-json\/wp\/v2\/tags?post=71640"}],"curies":[{"name":"wp","href":"https:\/\/api.w.org\/{rel}","templated":true}]}}