
{"id":65355,"date":"2023-09-20T09:48:44","date_gmt":"2023-09-20T12:48:44","guid":{"rendered":"https:\/\/www.procon.go.gov.br\/?p=65355"},"modified":"2023-09-20T09:48:44","modified_gmt":"2023-09-20T12:48:44","slug":"portaria-no-051-2023","status":"publish","type":"post","link":"https:\/\/goias.gov.br\/procon\/portaria-no-051-2023\/","title":{"rendered":"Portaria n\u00ba 051\/2023"},"content":{"rendered":"<p>A Portaria n\u00ba 51 designa o servidor <strong>M\u00c1RIO NEY CUNHA FERNANDES APPROBATO<\/strong><strong>\u00a0&#8211; CPF: 951.151.451-20<\/strong>, ocupante do cargo de Assessor A7, para exercer a fun\u00e7\u00e3o de Agente Fiscal nesta Superintend\u00eancia.<\/p>\n<p>Errata:<\/p>\n<p class=\"Texto_Justificado_Recuo_Primeira_Linha_Esp15\">A Portaria n\u00ba. 050\/2022 de de 27 de julho de 2023, assinada por esta Superintend\u00eancia em 01\/08\/2023 apresenta lapso de digita\u00e7\u00e3o e requer a seguinte corre\u00e7\u00e3o:<\/p>\n<p class=\"Texto_Justificado_Recuo_Primeira_Linha_Esp15\"><strong>Onde se l\u00ea<\/strong>:\u00a0\u00a0PORTARIA N\u00ba 050\/2022, de 27 de julho de 2023 e Gabinete da Superintend\u00eancia de Prote\u00e7\u00e3o aos Direitos do Consumidor, da Secretaria de Estado da Seguran\u00e7a P\u00fablica, aos 23 de julho de 2021.<\/p>\n<p class=\"Texto_Justificado_Recuo_Primeira_Linha_Esp15\"><strong>Leia-se:<\/strong>\u00a0\u00a0PORTARIA N\u00ba 51, de 20 de setembro de 2023.<\/p>\n<p>Confira o <a href=\"https:\/\/goias.gov.br\/procon\/wp-content\/uploads\/sites\/19\/2023\/09\/SEI_51896856_Portaria_51.pdf\">documento<\/a><\/p>\n","protected":false},"excerpt":{"rendered":"<p>A Portaria n\u00ba 51 designa o servidor M\u00c1RIO NEY CUNHA FERNANDES APPROBATO\u00a0&#8211; CPF: 951.151.451-20, ocupante do cargo de Assessor A7, para exercer a fun\u00e7\u00e3o de Agente Fiscal nesta Superintend\u00eancia. Errata: A Portaria n\u00ba. 050\/2022 de de 27 de julho de 2023, assinada por esta Superintend\u00eancia em 01\/08\/2023 apresenta lapso de digita\u00e7\u00e3o e requer a seguinte [&hellip;]<\/p>\n","protected":false},"author":242,"featured_media":0,"comment_status":"closed","ping_status":"closed","sticky":false,"template":"","format":"standard","meta":{"footnotes":""},"categories":[17,24],"tags":[],"class_list":["post-65355","post","type-post","status-publish","format-standard","hentry","category-legislacao","category-portarias"],"rttpg_featured_image_url":null,"rttpg_author":{"display_name":"josegcribeiro","author_link":"https:\/\/goias.gov.br\/procon\/author\/josegcribeiro\/"},"rttpg_comment":0,"rttpg_category":"<a href=\"https:\/\/goias.gov.br\/procon\/categoria\/legislacao\/\" rel=\"category tag\">Legisla\u00e7\u00e3o<\/a> <a href=\"https:\/\/goias.gov.br\/procon\/categoria\/legislacao\/portarias\/\" rel=\"category tag\">Portarias<\/a>","rttpg_excerpt":"A Portaria n\u00ba 51 designa o servidor M\u00c1RIO NEY CUNHA FERNANDES APPROBATO\u00a0&#8211; CPF: 951.151.451-20, ocupante do cargo de Assessor A7, para exercer a fun\u00e7\u00e3o de Agente Fiscal nesta Superintend\u00eancia. Errata: A Portaria n\u00ba. 050\/2022 de de 27 de julho de 2023, assinada por esta Superintend\u00eancia em 01\/08\/2023 apresenta lapso de digita\u00e7\u00e3o e requer a seguinte&hellip;","_links":{"self":[{"href":"https:\/\/goias.gov.br\/procon\/wp-json\/wp\/v2\/posts\/65355","targetHints":{"allow":["GET"]}}],"collection":[{"href":"https:\/\/goias.gov.br\/procon\/wp-json\/wp\/v2\/posts"}],"about":[{"href":"https:\/\/goias.gov.br\/procon\/wp-json\/wp\/v2\/types\/post"}],"author":[{"embeddable":true,"href":"https:\/\/goias.gov.br\/procon\/wp-json\/wp\/v2\/users\/242"}],"replies":[{"embeddable":true,"href":"https:\/\/goias.gov.br\/procon\/wp-json\/wp\/v2\/comments?post=65355"}],"version-history":[{"count":0,"href":"https:\/\/goias.gov.br\/procon\/wp-json\/wp\/v2\/posts\/65355\/revisions"}],"wp:attachment":[{"href":"https:\/\/goias.gov.br\/procon\/wp-json\/wp\/v2\/media?parent=65355"}],"wp:term":[{"taxonomy":"category","embeddable":true,"href":"https:\/\/goias.gov.br\/procon\/wp-json\/wp\/v2\/categories?post=65355"},{"taxonomy":"post_tag","embeddable":true,"href":"https:\/\/goias.gov.br\/procon\/wp-json\/wp\/v2\/tags?post=65355"}],"curies":[{"name":"wp","href":"https:\/\/api.w.org\/{rel}","templated":true}]}}