
{"id":64906,"date":"2023-08-04T16:39:52","date_gmt":"2023-08-04T19:39:52","guid":{"rendered":"https:\/\/www.procon.go.gov.br\/?p=64906"},"modified":"2023-08-04T16:44:08","modified_gmt":"2023-08-04T19:44:08","slug":"governo-de-goias-lanca-acoes-para-zerar-divida-de-empresarios-do-setor-da-moda","status":"publish","type":"post","link":"https:\/\/goias.gov.br\/procon\/governo-de-goias-lanca-acoes-para-zerar-divida-de-empresarios-do-setor-da-moda\/","title":{"rendered":"Governo de Goi\u00e1s lan\u00e7a a\u00e7\u00f5es para zerar d\u00edvida de empres\u00e1rios do setor da moda"},"content":{"rendered":"<p>Com foco na gera\u00e7\u00e3o de emprego e renda no setor da moda, o Governo de Goi\u00e1s lan\u00e7a um pacote de a\u00e7\u00f5es para incentivar a produ\u00e7\u00e3o e o com\u00e9rcio de vestu\u00e1rio e acess\u00f3rios. A partir de segunda-feira (07\/08), por meio de uma parceria entre a Secretaria da Retomada e o Procon Goi\u00e1s, ser\u00e1 realizado um mutir\u00e3o para renegociar d\u00edvidas de lojistas da Regi\u00e3o da 44, com condi\u00e7\u00f5es especiais como descontos e prazos facilitados.<\/p>\n<p>O mutir\u00e3o ter\u00e1 atendimento no Shopping Mega Moda, no Clube da Costura, no pavimento G3, em hor\u00e1rio comercial, com assessoria para d\u00edvidas de diferentes setores, como institui\u00e7\u00f5es financeiras, telefonia, \u00e1gua, energia el\u00e9trica, fornecedores de insumos, entre outros. O objetivo \u00e9 auxiliar empres\u00e1rios a retirarem o nome dos \u00f3rg\u00e3os de prote\u00e7\u00e3o ao cr\u00e9dito e, assim, viabilizar o acesso deles aos programas de cr\u00e9dito ofertados pelo Governo de Goi\u00e1s. O superintendente do Procon Goi\u00e1s, Levy Rafael Corn\u00e9lio, estar\u00e1 no local a partir das 8h, com disponibilidade para conceder entrevistas.<\/p>\n<p>Levy Rafael acredita que a a\u00e7\u00e3o espec\u00edfica desmistifica a vis\u00e3o que muitos fornecedores t\u00eam sobre a atua\u00e7\u00e3o do Procon Goi\u00e1s como \u00f3rg\u00e3o de car\u00e1ter punitivo e repressor. \u201cEstaremos no local para estender a m\u00e3o, dar o apoio que os lojistas precisam para recuperar o cr\u00e9dito e movimentar a economia do estado\u201d, assegura Levy.<\/p>\n<p><strong>Cr\u00e9dito especial<\/strong><\/p>\n<p>Na sequ\u00eancia, uma linha de cr\u00e9dito especial ser\u00e1 lan\u00e7ada para com\u00e9rcio e produ\u00e7\u00e3o de moda, \u00e9 o Mais Cr\u00e9dito Moda, via Goi\u00e1s Fomento e Retomada. Por meio dessa linha, os micro e pequenos empreendedores do ramo da moda poder\u00e3o pegar empr\u00e9stimo de at\u00e9 R$ 21 mil, para pagamento em at\u00e9 24 parcelas com at\u00e9 tr\u00eas meses de car\u00eancia. Com avalista, o empr\u00e9stimo at\u00e9 R$ 5 mil sai a juro zero. Caso n\u00e3o tenha avalista, incidir\u00e1 juro subsidiado de 1,69% ao m\u00eas sobre o valor do financiamento.<\/p>\n<p>\u201cA linha de cr\u00e9dito exclusiva para os empreendedores do ramo da moda tem o objetivo de apoiar e fomentar as cadeias produtivas goianas com op\u00e7\u00f5es de financiamento com as menores taxas do mercado e prazos longos para pagamento\u201d, explica Eur\u00edpedes do Carmo, presidente da Goi\u00e1sFomento.<\/p>\n<p>Para ter acesso ao Mais Cr\u00e9dito da Moda, o empres\u00e1rio ter\u00e1 que adquirir mercadorias confeccionadas pelos arranjos produtivos locais (APLs) formados por munic\u00edpios goianos que receberam as m\u00e1quinas de corte de tecido Audaces que est\u00e3o instaladas no interior do estado nas cidades de Jussara, Jaragu\u00e1, Catal\u00e3o, Taquaral, Pontalina, Pontalina, Itaguari, Itaguaru, \u00c1guas Lindas, Itapuranga, Trindade, Ceres, Cidade de Goi\u00e1s, Hidrol\u00e2ndia, Ipameri e Novo Gama.<\/p>\n<p>\u201cNessa iniciativa enxergamos uma forma de movimentar a economia tamb\u00e9m no interior do estado, atrelando os empr\u00e9stimos \u00e0 produ\u00e7\u00e3o de pe\u00e7as nos APLs da moda, gerando emprego e renda nos munic\u00edpios\u201d, explica o secret\u00e1rio da Retomada, C\u00e9sar Moura.<\/p>\n<p><strong>Cartilha<\/strong><\/p>\n<p>Para que mais lojistas da regi\u00e3o da 44 tenham acesso \u00e0s informa\u00e7\u00f5es do mutir\u00e3o, o Procon Goi\u00e1s produziu uma cartilha digital com perguntas e respostas sobre o evento.<\/p>\n<p><a href=\"\/procon\/wp-content\/uploads\/sites\/19\/2023\/08\/Mutira\u0303o-renegocia-para-lojistas-da-44.-.pdf\">Acesse a cartilha do Mutira\u0303o Renegocia para lojistas da Regi\u00e3o da 44<\/a><\/p>\n","protected":false},"excerpt":{"rendered":"<p>Com foco na gera\u00e7\u00e3o de emprego e renda no setor da moda, o Governo de Goi\u00e1s lan\u00e7a um pacote de a\u00e7\u00f5es para incentivar a produ\u00e7\u00e3o e o com\u00e9rcio de vestu\u00e1rio e acess\u00f3rios. A partir de segunda-feira (07\/08), por meio de uma parceria entre a Secretaria da Retomada e o Procon Goi\u00e1s, ser\u00e1 realizado um mutir\u00e3o [&hellip;]<\/p>\n","protected":false},"author":45,"featured_media":64907,"comment_status":"closed","ping_status":"closed","sticky":false,"template":"","format":"standard","meta":{"footnotes":""},"categories":[10,7526],"tags":[],"class_list":["post-64906","post","type-post","status-publish","format-standard","has-post-thumbnail","hentry","category-noticias","category-noticias-procon"],"rttpg_featured_image_url":{"full":["https:\/\/goias.gov.br\/procon\/wp-content\/uploads\/sites\/19\/2023\/08\/WhatsApp-Image-2023-08-04-at-15.02.48.jpeg",1200,900,false],"landscape":["https:\/\/goias.gov.br\/procon\/wp-content\/uploads\/sites\/19\/2023\/08\/WhatsApp-Image-2023-08-04-at-15.02.48.jpeg",1200,900,false],"portraits":["https:\/\/goias.gov.br\/procon\/wp-content\/uploads\/sites\/19\/2023\/08\/WhatsApp-Image-2023-08-04-at-15.02.48.jpeg",1200,900,false],"thumbnail":["https:\/\/goias.gov.br\/procon\/wp-content\/uploads\/sites\/19\/2023\/08\/WhatsApp-Image-2023-08-04-at-15.02.48-140x120.jpeg",140,120,true],"medium":["https:\/\/goias.gov.br\/procon\/wp-content\/uploads\/sites\/19\/2023\/08\/WhatsApp-Image-2023-08-04-at-15.02.48.jpeg",300,225,false],"large":["https:\/\/goias.gov.br\/procon\/wp-content\/uploads\/sites\/19\/2023\/08\/WhatsApp-Image-2023-08-04-at-15.02.48.jpeg",1024,768,false],"1536x1536":["https:\/\/goias.gov.br\/procon\/wp-content\/uploads\/sites\/19\/2023\/08\/WhatsApp-Image-2023-08-04-at-15.02.48.jpeg",1200,900,false],"2048x2048":["https:\/\/goias.gov.br\/procon\/wp-content\/uploads\/sites\/19\/2023\/08\/WhatsApp-Image-2023-08-04-at-15.02.48.jpeg",1200,900,false]},"rttpg_author":{"display_name":"matheusnovais","author_link":"https:\/\/goias.gov.br\/procon\/author\/matheusnovais\/"},"rttpg_comment":0,"rttpg_category":"<a href=\"https:\/\/goias.gov.br\/procon\/categoria\/noticias\/\" rel=\"category tag\">Not\u00edcias<\/a> <a href=\"https:\/\/goias.gov.br\/procon\/categoria\/noticias-procon\/\" rel=\"category tag\">Not\u00edcias Procon Goi\u00e1s<\/a>","rttpg_excerpt":"Com foco na gera\u00e7\u00e3o de emprego e renda no setor da moda, o Governo de Goi\u00e1s lan\u00e7a um pacote de a\u00e7\u00f5es para incentivar a produ\u00e7\u00e3o e o com\u00e9rcio de vestu\u00e1rio e acess\u00f3rios. A partir de segunda-feira (07\/08), por meio de uma parceria entre a Secretaria da Retomada e o Procon Goi\u00e1s, ser\u00e1 realizado um mutir\u00e3o&hellip;","_links":{"self":[{"href":"https:\/\/goias.gov.br\/procon\/wp-json\/wp\/v2\/posts\/64906","targetHints":{"allow":["GET"]}}],"collection":[{"href":"https:\/\/goias.gov.br\/procon\/wp-json\/wp\/v2\/posts"}],"about":[{"href":"https:\/\/goias.gov.br\/procon\/wp-json\/wp\/v2\/types\/post"}],"author":[{"embeddable":true,"href":"https:\/\/goias.gov.br\/procon\/wp-json\/wp\/v2\/users\/45"}],"replies":[{"embeddable":true,"href":"https:\/\/goias.gov.br\/procon\/wp-json\/wp\/v2\/comments?post=64906"}],"version-history":[{"count":2,"href":"https:\/\/goias.gov.br\/procon\/wp-json\/wp\/v2\/posts\/64906\/revisions"}],"predecessor-version":[{"id":64911,"href":"https:\/\/goias.gov.br\/procon\/wp-json\/wp\/v2\/posts\/64906\/revisions\/64911"}],"wp:featuredmedia":[{"embeddable":true,"href":"https:\/\/goias.gov.br\/procon\/wp-json\/wp\/v2\/media\/64907"}],"wp:attachment":[{"href":"https:\/\/goias.gov.br\/procon\/wp-json\/wp\/v2\/media?parent=64906"}],"wp:term":[{"taxonomy":"category","embeddable":true,"href":"https:\/\/goias.gov.br\/procon\/wp-json\/wp\/v2\/categories?post=64906"},{"taxonomy":"post_tag","embeddable":true,"href":"https:\/\/goias.gov.br\/procon\/wp-json\/wp\/v2\/tags?post=64906"}],"curies":[{"name":"wp","href":"https:\/\/api.w.org\/{rel}","templated":true}]}}