
{"id":64870,"date":"2023-07-26T15:19:54","date_gmt":"2023-07-26T18:19:54","guid":{"rendered":"https:\/\/www.procon.go.gov.br\/?p=64870"},"modified":"2023-07-26T15:19:54","modified_gmt":"2023-07-26T18:19:54","slug":"procon-goias-atende-consumidores-interessados-em-participar-do-mutirao-renegocia","status":"publish","type":"post","link":"https:\/\/goias.gov.br\/procon\/procon-goias-atende-consumidores-interessados-em-participar-do-mutirao-renegocia\/","title":{"rendered":"Procon Goi\u00e1s atende consumidores interessados em participar do Mutir\u00e3o Renegocia"},"content":{"rendered":"<p>A partir desta quinta-feira (26\/7), o Procon Goi\u00e1s atender\u00e1 os consumidores interessados em participar do Mutir\u00e3o Renegocia, que se prop\u00f5e a renegociar d\u00edvidas referentes \u00e0s contas de \u00e1gua, luz, telefone, credi\u00e1rio, entre outras.<\/p>\n<p>A iniciativa \u00e9 da Secretaria Nacional do Consumidor (Senacon), do Minist\u00e9rio da Justi\u00e7a e Seguran\u00e7a P\u00fablica, tem como objetivo auxiliar os superendividados a quitar as pend\u00eancias e, assim ,regularizar sua situa\u00e7\u00e3o financeira e recuperar o cr\u00e9dito.<\/p>\n<p>O atendimento ser\u00e1 realizado exclusivamente no per\u00edodo vespertino, das 13 \u00e0s 17 horas, na sede do \u00f3rg\u00e3o, localizada na Rua 8, n\u00ba 242, Ed. Torres, no Centro de Goi\u00e2nia. O mutir\u00e3o se estende at\u00e9 o dia 11 de agosto. No per\u00edodo da tarde, tamb\u00e9m ser\u00e3o feitos atendimentos convencionais, relacionados \u00e0s rela\u00e7\u00f5es consumeristas em geral.<\/p>\n<p>As negocia\u00e7\u00f5es com as institui\u00e7\u00f5es credoras dever\u00e3o obedecer o chamado m\u00ednimo existencial, de R$ 600, que \u00e9 o valor m\u00ednimo da renda do consumidor que deve ser preservado para as despesas b\u00e1sicas, como alimenta\u00e7\u00e3o, por exemplo. N\u00e3o h\u00e1 limite no valor das d\u00edvidas nem de renda do consumidor participante.<\/p>\n<p>Entretanto, os \u00fanicos d\u00e9bitos que n\u00e3o poder\u00e3o ser negociados no mutir\u00e3o s\u00e3o referentes \u00e0 pens\u00e3o aliment\u00edcia, cr\u00e9dito rural, imobili\u00e1rio e de autom\u00f3vel. O consumidor deve trazer os documentos pessoais e contratos das d\u00edvidas ou qualquer outro documento que comprove o d\u00e9bito como faturas e comprovantes de pagamento.<\/p>\n<p>O superintendente do Procon Goi\u00e1s, Levy Rafael, aprova essa nova iniciativa do governo federal no sentido de oferecer um aux\u00edlio para que os consumidores possam solucionar suas d\u00edvidas, \u2018limpar o nome na pra\u00e7a\u2019 e encontrar um novo f\u00f4lego para o consumo consciente.<\/p>\n<p>\u201cTemos uma grande preocupa\u00e7\u00e3o de incentivar o cr\u00e9dito respons\u00e1vel e, desta forma, provocar uma mudan\u00e7a de comportamento nos consumidores. Isso n\u00f3s j\u00e1 fazemos diariamente com a atua\u00e7\u00e3o do N\u00facleo de Atendimento aos Superendividados do Procon-GO, que n\u00e3o s\u00f3 negocia as d\u00edvidas, mas tamb\u00e9m busca promover a educa\u00e7\u00e3o financeira das pessoas atendidas para evitar novos ciclos de endividamento\u201d, afirma.<\/p>\n<p><strong>Negocia\u00e7\u00e3o pela internet<\/strong><\/p>\n<p>Caso prefiram fazer a negocia\u00e7\u00e3o pela internet, os consumidores endividados tamb\u00e9m t\u00eam a alternativa de acessar a plataforma Consumidor.gov (<a href=\"http:\/\/www.consumidor.gov.br\">www.consumidor.gov.br<\/a>), da Senacon. Para isso, \u00e9 preciso fazer um cadastro e solicitar a negocia\u00e7\u00e3o, al\u00e9m de selecionar o credor (empresa) para formalizar o pedido.<\/p>\n<p>No campo \u2018problema\u2019, o consumidor deve marcar a op\u00e7\u00e3o \u2018renegocia\u00e7\u00e3o\/parcelamento de d\u00edvida\u2019 e em \u2018descri\u00e7\u00e3o da reclama\u00e7\u00e3o\u2019, informar que deseja participar da renegocia\u00e7\u00e3o. Na sequ\u00eancia, ser\u00e1 apresentada uma proposta que deve ser avaliada pelo consumidor. Ele poder\u00e1 anexar os documentos e esclarecer d\u00favidas.<\/p>\n","protected":false},"excerpt":{"rendered":"<p>A partir desta quinta-feira (26\/7), o Procon Goi\u00e1s atender\u00e1 os consumidores interessados em participar do Mutir\u00e3o Renegocia, que se prop\u00f5e a renegociar d\u00edvidas referentes \u00e0s contas de \u00e1gua, luz, telefone, credi\u00e1rio, entre outras. A iniciativa \u00e9 da Secretaria Nacional do Consumidor (Senacon), do Minist\u00e9rio da Justi\u00e7a e Seguran\u00e7a P\u00fablica, tem como objetivo auxiliar os superendividados [&hellip;]<\/p>\n","protected":false},"author":45,"featured_media":64871,"comment_status":"closed","ping_status":"closed","sticky":false,"template":"","format":"standard","meta":{"footnotes":""},"categories":[10,7526],"tags":[],"class_list":["post-64870","post","type-post","status-publish","format-standard","has-post-thumbnail","hentry","category-noticias","category-noticias-procon"],"rttpg_featured_image_url":{"full":["https:\/\/goias.gov.br\/procon\/wp-content\/uploads\/sites\/19\/2023\/07\/dividas.jpg",1200,750,false],"landscape":["https:\/\/goias.gov.br\/procon\/wp-content\/uploads\/sites\/19\/2023\/07\/dividas.jpg",1200,750,false],"portraits":["https:\/\/goias.gov.br\/procon\/wp-content\/uploads\/sites\/19\/2023\/07\/dividas.jpg",1200,750,false],"thumbnail":["https:\/\/goias.gov.br\/procon\/wp-content\/uploads\/sites\/19\/2023\/07\/dividas-140x120.jpg",140,120,true],"medium":["https:\/\/goias.gov.br\/procon\/wp-content\/uploads\/sites\/19\/2023\/07\/dividas.jpg",300,188,false],"large":["https:\/\/goias.gov.br\/procon\/wp-content\/uploads\/sites\/19\/2023\/07\/dividas.jpg",1024,640,false],"1536x1536":["https:\/\/goias.gov.br\/procon\/wp-content\/uploads\/sites\/19\/2023\/07\/dividas.jpg",1200,750,false],"2048x2048":["https:\/\/goias.gov.br\/procon\/wp-content\/uploads\/sites\/19\/2023\/07\/dividas.jpg",1200,750,false]},"rttpg_author":{"display_name":"matheusnovais","author_link":"https:\/\/goias.gov.br\/procon\/author\/matheusnovais\/"},"rttpg_comment":0,"rttpg_category":"<a href=\"https:\/\/goias.gov.br\/procon\/categoria\/noticias\/\" rel=\"category tag\">Not\u00edcias<\/a> <a href=\"https:\/\/goias.gov.br\/procon\/categoria\/noticias-procon\/\" rel=\"category tag\">Not\u00edcias Procon Goi\u00e1s<\/a>","rttpg_excerpt":"A partir desta quinta-feira (26\/7), o Procon Goi\u00e1s atender\u00e1 os consumidores interessados em participar do Mutir\u00e3o Renegocia, que se prop\u00f5e a renegociar d\u00edvidas referentes \u00e0s contas de \u00e1gua, luz, telefone, credi\u00e1rio, entre outras. A iniciativa \u00e9 da Secretaria Nacional do Consumidor (Senacon), do Minist\u00e9rio da Justi\u00e7a e Seguran\u00e7a P\u00fablica, tem como objetivo auxiliar os superendividados&hellip;","_links":{"self":[{"href":"https:\/\/goias.gov.br\/procon\/wp-json\/wp\/v2\/posts\/64870","targetHints":{"allow":["GET"]}}],"collection":[{"href":"https:\/\/goias.gov.br\/procon\/wp-json\/wp\/v2\/posts"}],"about":[{"href":"https:\/\/goias.gov.br\/procon\/wp-json\/wp\/v2\/types\/post"}],"author":[{"embeddable":true,"href":"https:\/\/goias.gov.br\/procon\/wp-json\/wp\/v2\/users\/45"}],"replies":[{"embeddable":true,"href":"https:\/\/goias.gov.br\/procon\/wp-json\/wp\/v2\/comments?post=64870"}],"version-history":[{"count":1,"href":"https:\/\/goias.gov.br\/procon\/wp-json\/wp\/v2\/posts\/64870\/revisions"}],"predecessor-version":[{"id":64872,"href":"https:\/\/goias.gov.br\/procon\/wp-json\/wp\/v2\/posts\/64870\/revisions\/64872"}],"wp:featuredmedia":[{"embeddable":true,"href":"https:\/\/goias.gov.br\/procon\/wp-json\/wp\/v2\/media\/64871"}],"wp:attachment":[{"href":"https:\/\/goias.gov.br\/procon\/wp-json\/wp\/v2\/media?parent=64870"}],"wp:term":[{"taxonomy":"category","embeddable":true,"href":"https:\/\/goias.gov.br\/procon\/wp-json\/wp\/v2\/categories?post=64870"},{"taxonomy":"post_tag","embeddable":true,"href":"https:\/\/goias.gov.br\/procon\/wp-json\/wp\/v2\/tags?post=64870"}],"curies":[{"name":"wp","href":"https:\/\/api.w.org\/{rel}","templated":true}]}}