
{"id":60492,"date":"2022-05-16T19:19:40","date_gmt":"2022-05-16T22:19:40","guid":{"rendered":"https:\/\/www.procon.go.gov.br\/?p=60492"},"modified":"2022-05-31T08:26:09","modified_gmt":"2022-05-31T11:26:09","slug":"procon-goias-fara-parceria-com-ocb-go-para-producao-de-material-informativo-com-objetivo-de-esclarecer-consumidores-sobre-atuacao-ilegal-de-cooperativas-habitacionais","status":"publish","type":"post","link":"https:\/\/goias.gov.br\/procon\/procon-goias-fara-parceria-com-ocb-go-para-producao-de-material-informativo-com-objetivo-de-esclarecer-consumidores-sobre-atuacao-ilegal-de-cooperativas-habitacionais\/","title":{"rendered":"Procon Goi\u00e1s far\u00e1 parceria com OCB-GO para produ\u00e7\u00e3o de material informativo com objetivo de esclarecer consumidores sobre atua\u00e7\u00e3o ilegal de cooperativas habitacionais"},"content":{"rendered":"<p align=\"justify\"><span style=\"font-family: Arial, sans-serif;\"><span style=\"font-size: medium;\"><strong><img fetchpriority=\"high\" decoding=\"async\" class=\"alignleft wp-image-60493\" src=\"\/procon\/wp-content\/uploads\/sites\/19\/2022\/05\/reuniaoocb.jpg\" alt=\"\" width=\"561\" height=\"253\" srcset=\"https:\/\/goias.gov.br\/procon\/wp-content\/uploads\/sites\/19\/2022\/05\/reuniaoocb.jpg 820w, https:\/\/goias.gov.br\/procon\/wp-content\/uploads\/sites\/19\/2022\/05\/reuniaoocb-220x99.jpg 220w, https:\/\/goias.gov.br\/procon\/wp-content\/uploads\/sites\/19\/2022\/05\/reuniaoocb-450x203.jpg 450w, https:\/\/goias.gov.br\/procon\/wp-content\/uploads\/sites\/19\/2022\/05\/reuniaoocb-768x347.jpg 768w, https:\/\/goias.gov.br\/procon\/wp-content\/uploads\/sites\/19\/2022\/05\/reuniaoocb-400x180.jpg 400w\" sizes=\"(max-width: 561px) 100vw, 561px\" \/>Goi\u00e2nia, 16 de maio de 2022<\/strong> &#8211; O superintendente do Procon Goi\u00e1s, Levy Rafael Alves Corn\u00e9lio, se reuniu na tarde desta segunda-feira (16\/5) com o presidente do Sindicato e Organiza\u00e7\u00e3o das Cooperativas Brasileiras no Estado de Goi\u00e1s (OCB\/GO), Lu\u00eds Alberto Pereira, e a diretoria da entidade. O encontro ocorreu na sede do \u00f3rg\u00e3o de defesa do consumidor, no Centro de Goi\u00e2nia. <\/span><\/span><\/p>\n<p align=\"justify\"><span style=\"font-family: Arial, sans-serif;\"><span style=\"font-size: medium;\">De acordo com o superintendente, eles discutiram a realiza\u00e7\u00e3o de uma parceria para produzir um material informativo para orientar os consumidores sobre os deveres das cooperativas habitacionais. O tema foi levantado durante reuni\u00e3o no dia 8 de abril entre representantes do setor imobili\u00e1rio e dirigentes dos Procons Estadual e Municipal. Saiba mais. <\/span><\/span><\/p>\n<p align=\"justify\"><span style=\"color: #444444;\"><span style=\"font-family: Arial, sans-serif;\"><span style=\"font-size: medium;\">Na ocasi\u00e3o, o grupo relatou a pr\u00e1tica de concorr\u00eancia desleal, uma vez que essas empresas oferecem pre\u00e7os e condi\u00e7\u00f5es atrativas para a realiza\u00e7\u00e3o do financiamento, mas no ato da contrata\u00e7\u00e3o o consumidor n\u00e3o \u00e9 informado sobre as consequ\u00eancias a que est\u00e1 sujeito, caso venham a ocorrer problemas estruturais com o im\u00f3vel adquirido.<\/span><\/span><\/span><\/p>\n<p align=\"justify\"><span style=\"font-family: Arial, sans-serif;\"><span style=\"font-size: medium;\"><span style=\"color: #444444;\">Ao assinar o contrato nesse formato de neg\u00f3cio, na maioria das vezes, o consumidor n\u00e3o sabe que ter\u00e1 que arcar com o preju\u00edzo, visto que o regime jur\u00eddico da cooperativa consiste na responsabiliza\u00e7\u00e3o solid\u00e1ria dos cooperados, ou seja, os clientes ter\u00e3o que fazer o rateio e desembolso das quantias correspondentes a eventuais reparos e despesas.<\/span><\/span><\/span><\/p>\n<p align=\"justify\"><span style=\"color: #444444;\"><span style=\"font-family: Arial, sans-serif;\"><span style=\"font-size: medium;\">Segundo Levy Rafael, o problema ser\u00e1 solucionado em duas frentes: inicialmente, por meio da produ\u00e7\u00e3o de material informativo que dever\u00e1 ser entregue aos consumidores visando orient\u00e1-los e conscientiz\u00e1-los sobre as consequ\u00eancias e riscos desse neg\u00f3cio. <\/span><\/span><\/span><\/p>\n<p align=\"justify\"><span style=\"font-family: Arial, sans-serif;\"><span style=\"font-size: medium;\">Ele comentou o que ficou definido ap\u00f3s o encontro ocorrido nesta segunda (16\/5). \u201cPrimeiramente, vamos nos concentrar na cria\u00e7\u00e3o desse material educativo acerca dos direitos e deveres das cooperativas habitacionais e garantir a ampla divulga\u00e7\u00e3o. Em seguida, prosseguiremos com a fiscaliza\u00e7\u00e3o rigorosa para coibir a atua\u00e7\u00e3o de cooperativas que n\u00e3o cumprem a legisla\u00e7\u00e3o e, assim, lesam o consumidor.\u201d, afirma Levy. <\/span><\/span><\/p>\n<p align=\"justify\"><span style=\"color: #444444;\">\u00a0<\/span><\/p>\n","protected":false},"excerpt":{"rendered":"<p>Goi\u00e2nia, 16 de maio de 2022 &#8211; O superintendente do Procon Goi\u00e1s, Levy Rafael Alves Corn\u00e9lio, se reuniu na tarde desta segunda-feira (16\/5) com o presidente do Sindicato e Organiza\u00e7\u00e3o das Cooperativas Brasileiras no Estado de Goi\u00e1s (OCB\/GO), Lu\u00eds Alberto Pereira, e a diretoria da entidade. O encontro ocorreu na sede do \u00f3rg\u00e3o de defesa [&hellip;]<\/p>\n","protected":false},"author":34,"featured_media":60493,"comment_status":"closed","ping_status":"closed","sticky":false,"template":"","format":"standard","meta":{"footnotes":""},"categories":[7526],"tags":[],"class_list":["post-60492","post","type-post","status-publish","format-standard","has-post-thumbnail","hentry","category-noticias-procon"],"rttpg_featured_image_url":{"full":["https:\/\/goias.gov.br\/procon\/wp-content\/uploads\/sites\/19\/2022\/05\/reuniaoocb.jpg",820,370,false],"landscape":["https:\/\/goias.gov.br\/procon\/wp-content\/uploads\/sites\/19\/2022\/05\/reuniaoocb.jpg",820,370,false],"portraits":["https:\/\/goias.gov.br\/procon\/wp-content\/uploads\/sites\/19\/2022\/05\/reuniaoocb.jpg",820,370,false],"thumbnail":["https:\/\/goias.gov.br\/procon\/wp-content\/uploads\/sites\/19\/2022\/05\/reuniaoocb-140x120.jpg",140,120,true],"medium":["https:\/\/goias.gov.br\/procon\/wp-content\/uploads\/sites\/19\/2022\/05\/reuniaoocb-220x99.jpg",220,99,true],"large":["https:\/\/goias.gov.br\/procon\/wp-content\/uploads\/sites\/19\/2022\/05\/reuniaoocb-450x203.jpg",450,203,true],"1536x1536":["https:\/\/goias.gov.br\/procon\/wp-content\/uploads\/sites\/19\/2022\/05\/reuniaoocb.jpg",820,370,false],"2048x2048":["https:\/\/goias.gov.br\/procon\/wp-content\/uploads\/sites\/19\/2022\/05\/reuniaoocb.jpg",820,370,false]},"rttpg_author":{"display_name":"celsoassis","author_link":"https:\/\/goias.gov.br\/procon\/author\/celsoassis\/"},"rttpg_comment":0,"rttpg_category":"<a href=\"https:\/\/goias.gov.br\/procon\/categoria\/noticias-procon\/\" rel=\"category tag\">Not\u00edcias Procon Goi\u00e1s<\/a>","rttpg_excerpt":"Goi\u00e2nia, 16 de maio de 2022 &#8211; O superintendente do Procon Goi\u00e1s, Levy Rafael Alves Corn\u00e9lio, se reuniu na tarde desta segunda-feira (16\/5) com o presidente do Sindicato e Organiza\u00e7\u00e3o das Cooperativas Brasileiras no Estado de Goi\u00e1s (OCB\/GO), Lu\u00eds Alberto Pereira, e a diretoria da entidade. O encontro ocorreu na sede do \u00f3rg\u00e3o de defesa&hellip;","_links":{"self":[{"href":"https:\/\/goias.gov.br\/procon\/wp-json\/wp\/v2\/posts\/60492","targetHints":{"allow":["GET"]}}],"collection":[{"href":"https:\/\/goias.gov.br\/procon\/wp-json\/wp\/v2\/posts"}],"about":[{"href":"https:\/\/goias.gov.br\/procon\/wp-json\/wp\/v2\/types\/post"}],"author":[{"embeddable":true,"href":"https:\/\/goias.gov.br\/procon\/wp-json\/wp\/v2\/users\/34"}],"replies":[{"embeddable":true,"href":"https:\/\/goias.gov.br\/procon\/wp-json\/wp\/v2\/comments?post=60492"}],"version-history":[{"count":0,"href":"https:\/\/goias.gov.br\/procon\/wp-json\/wp\/v2\/posts\/60492\/revisions"}],"wp:featuredmedia":[{"embeddable":true,"href":"https:\/\/goias.gov.br\/procon\/wp-json\/wp\/v2\/media\/60493"}],"wp:attachment":[{"href":"https:\/\/goias.gov.br\/procon\/wp-json\/wp\/v2\/media?parent=60492"}],"wp:term":[{"taxonomy":"category","embeddable":true,"href":"https:\/\/goias.gov.br\/procon\/wp-json\/wp\/v2\/categories?post=60492"},{"taxonomy":"post_tag","embeddable":true,"href":"https:\/\/goias.gov.br\/procon\/wp-json\/wp\/v2\/tags?post=60492"}],"curies":[{"name":"wp","href":"https:\/\/api.w.org\/{rel}","templated":true}]}}