
{"id":59237,"date":"2022-01-25T15:03:54","date_gmt":"2022-01-25T18:03:54","guid":{"rendered":"https:\/\/www.procon.go.gov.br\/?p=59237"},"modified":"2022-01-25T17:23:07","modified_gmt":"2022-01-25T20:23:07","slug":"procon-goias-notifica-supermercado-pelo-uso-de-menores-em-video-com-de-bebidas-alcoolicas-nas-redes-sociais","status":"publish","type":"post","link":"https:\/\/goias.gov.br\/procon\/procon-goias-notifica-supermercado-pelo-uso-de-menores-em-video-com-de-bebidas-alcoolicas-nas-redes-sociais\/","title":{"rendered":"Procon Goi\u00e1s notifica supermercado pelo uso de menores em v\u00eddeo com de bebidas alco\u00f3licas nas redes sociais"},"content":{"rendered":"<p><em><a href=\"\/procon\/wp-content\/uploads\/sites\/19\/2022\/01\/crianca-alcool-cerveja1454432249.jpg\"><img decoding=\"async\" class=\"alignleft size-medium wp-image-59238\" src=\"\/procon\/wp-content\/uploads\/sites\/19\/2022\/01\/crianca-alcool-cerveja1454432249-220x147.jpg\" alt=\"\" width=\"220\" height=\"147\" srcset=\"https:\/\/goias.gov.br\/procon\/wp-content\/uploads\/sites\/19\/2022\/01\/crianca-alcool-cerveja1454432249-220x147.jpg 220w, https:\/\/goias.gov.br\/procon\/wp-content\/uploads\/sites\/19\/2022\/01\/crianca-alcool-cerveja1454432249-450x300.jpg 450w, https:\/\/goias.gov.br\/procon\/wp-content\/uploads\/sites\/19\/2022\/01\/crianca-alcool-cerveja1454432249-150x100.jpg 150w, https:\/\/goias.gov.br\/procon\/wp-content\/uploads\/sites\/19\/2022\/01\/crianca-alcool-cerveja1454432249-400x267.jpg 400w, https:\/\/goias.gov.br\/procon\/wp-content\/uploads\/sites\/19\/2022\/01\/crianca-alcool-cerveja1454432249.jpg 480w\" sizes=\"(max-width: 220px) 100vw, 220px\" \/><\/a>A infra\u00e7\u00e3o ocorreu na cidade de S\u00e3o Lu\u00eds de Montes Belos<\/em><\/p>\n<p><strong>Goi\u00e2nia, 25 de janeiro de 2022<\/strong> &#8211; O Procon Goi\u00e1s notificou, nesta ter\u00e7a-feira (25\/1), um supermercado localizado em S\u00e3o Lu\u00eds de Montes Belos pela divulga\u00e7\u00e3o de um v\u00eddeo publicado nas redes sociais da empresa em que supostamente menores de idade aparecem dan\u00e7ando e segurando bebidas alco\u00f3licas. Durante fiscaliza\u00e7\u00e3o realizada no estabelecimento, o advogado da empresa assinou termo de notifica\u00e7\u00e3o para apresentar, no prazo de 10 dias, os esclarecimentos sobre a den\u00fancia veiculada na m\u00eddia.<\/p>\n<p>O prazo leva em considera\u00e7\u00e3o o princ\u00edpio legal do contradit\u00f3rio e da ampla defesa. O respons\u00e1vel pela empresa tamb\u00e9m dever\u00e1 apresentar os documentos dos jovens que aparecem dan\u00e7ando no v\u00eddeo e segurando bebidas alco\u00f3licas, para comprovar se se tratam de menores de idade.<\/p>\n<p>O advogado relatou que o dono do estabelecimento contratou uma empresa de publicidade para gravar o v\u00eddeo. Diante disso, o Procon Goi\u00e1s solicitou, ainda, a c\u00f3pia do contrato com a empresa terceirizada.<\/p>\n<p><strong>Produtos an\u00e1logos l\u00e1cteos<\/strong><\/p>\n<p>O supermercado tamb\u00e9m foi notificado pelo descumprimento da Lei Estadual 20.948\/2020, que obriga que os estabelecimentos comerciais do ramo aliment\u00edcio no Estado de Goi\u00e1s a informarem aos consumidores a substitui\u00e7\u00e3o de queijo ou outros produtos l\u00e1cteos por produtos an\u00e1logos.<\/p>\n<p><strong>Produtos vencidos<\/strong><br \/>\nO estabelecimento foi autuado pela venda de cerca de 50 produtos vencidos, entre eles alimentos, bebidas e produtos de limpeza.<\/p>\n<p>&nbsp;<\/p>\n<p>&nbsp;<\/p>\n","protected":false},"excerpt":{"rendered":"<p>A infra\u00e7\u00e3o ocorreu na cidade de S\u00e3o Lu\u00eds de Montes Belos Goi\u00e2nia, 25 de janeiro de 2022 &#8211; O Procon Goi\u00e1s notificou, nesta ter\u00e7a-feira (25\/1), um supermercado localizado em S\u00e3o Lu\u00eds de Montes Belos pela divulga\u00e7\u00e3o de um v\u00eddeo publicado nas redes sociais da empresa em que supostamente menores de idade aparecem dan\u00e7ando e segurando [&hellip;]<\/p>\n","protected":false},"author":34,"featured_media":59238,"comment_status":"closed","ping_status":"closed","sticky":false,"template":"","format":"standard","meta":{"footnotes":""},"categories":[10,7526],"tags":[998,15614,15613,12983,15612,38,15611,142,942],"class_list":["post-59237","post","type-post","status-publish","format-standard","has-post-thumbnail","hentry","category-noticias","category-noticias-procon","tag-autuacao-procon-goias-fiscalizacao","tag-conar","tag-direito-da-crianca-e-do-adolescente","tag-direito-do-consumidor","tag-eca","tag-fiscalizacao","tag-menor-de-idade","tag-notificacao","tag-produtos-vencidos"],"rttpg_featured_image_url":{"full":["https:\/\/goias.gov.br\/procon\/wp-content\/uploads\/sites\/19\/2022\/01\/crianca-alcool-cerveja1454432249.jpg",480,320,false],"landscape":["https:\/\/goias.gov.br\/procon\/wp-content\/uploads\/sites\/19\/2022\/01\/crianca-alcool-cerveja1454432249.jpg",480,320,false],"portraits":["https:\/\/goias.gov.br\/procon\/wp-content\/uploads\/sites\/19\/2022\/01\/crianca-alcool-cerveja1454432249.jpg",480,320,false],"thumbnail":["https:\/\/goias.gov.br\/procon\/wp-content\/uploads\/sites\/19\/2022\/01\/crianca-alcool-cerveja1454432249-140x120.jpg",140,120,true],"medium":["https:\/\/goias.gov.br\/procon\/wp-content\/uploads\/sites\/19\/2022\/01\/crianca-alcool-cerveja1454432249-220x147.jpg",220,147,true],"large":["https:\/\/goias.gov.br\/procon\/wp-content\/uploads\/sites\/19\/2022\/01\/crianca-alcool-cerveja1454432249-450x300.jpg",450,300,true],"1536x1536":["https:\/\/goias.gov.br\/procon\/wp-content\/uploads\/sites\/19\/2022\/01\/crianca-alcool-cerveja1454432249.jpg",480,320,false],"2048x2048":["https:\/\/goias.gov.br\/procon\/wp-content\/uploads\/sites\/19\/2022\/01\/crianca-alcool-cerveja1454432249.jpg",480,320,false]},"rttpg_author":{"display_name":"celsoassis","author_link":"https:\/\/goias.gov.br\/procon\/author\/celsoassis\/"},"rttpg_comment":0,"rttpg_category":"<a href=\"https:\/\/goias.gov.br\/procon\/categoria\/noticias\/\" rel=\"category tag\">Not\u00edcias<\/a> <a href=\"https:\/\/goias.gov.br\/procon\/categoria\/noticias-procon\/\" rel=\"category tag\">Not\u00edcias Procon Goi\u00e1s<\/a>","rttpg_excerpt":"A infra\u00e7\u00e3o ocorreu na cidade de S\u00e3o Lu\u00eds de Montes Belos Goi\u00e2nia, 25 de janeiro de 2022 &#8211; O Procon Goi\u00e1s notificou, nesta ter\u00e7a-feira (25\/1), um supermercado localizado em S\u00e3o Lu\u00eds de Montes Belos pela divulga\u00e7\u00e3o de um v\u00eddeo publicado nas redes sociais da empresa em que supostamente menores de idade aparecem dan\u00e7ando e segurando&hellip;","_links":{"self":[{"href":"https:\/\/goias.gov.br\/procon\/wp-json\/wp\/v2\/posts\/59237","targetHints":{"allow":["GET"]}}],"collection":[{"href":"https:\/\/goias.gov.br\/procon\/wp-json\/wp\/v2\/posts"}],"about":[{"href":"https:\/\/goias.gov.br\/procon\/wp-json\/wp\/v2\/types\/post"}],"author":[{"embeddable":true,"href":"https:\/\/goias.gov.br\/procon\/wp-json\/wp\/v2\/users\/34"}],"replies":[{"embeddable":true,"href":"https:\/\/goias.gov.br\/procon\/wp-json\/wp\/v2\/comments?post=59237"}],"version-history":[{"count":0,"href":"https:\/\/goias.gov.br\/procon\/wp-json\/wp\/v2\/posts\/59237\/revisions"}],"wp:featuredmedia":[{"embeddable":true,"href":"https:\/\/goias.gov.br\/procon\/wp-json\/wp\/v2\/media\/59238"}],"wp:attachment":[{"href":"https:\/\/goias.gov.br\/procon\/wp-json\/wp\/v2\/media?parent=59237"}],"wp:term":[{"taxonomy":"category","embeddable":true,"href":"https:\/\/goias.gov.br\/procon\/wp-json\/wp\/v2\/categories?post=59237"},{"taxonomy":"post_tag","embeddable":true,"href":"https:\/\/goias.gov.br\/procon\/wp-json\/wp\/v2\/tags?post=59237"}],"curies":[{"name":"wp","href":"https:\/\/api.w.org\/{rel}","templated":true}]}}