
{"id":59193,"date":"2022-01-14T11:34:01","date_gmt":"2022-01-14T14:34:01","guid":{"rendered":"https:\/\/www.procon.go.gov.br\/?p=59193"},"modified":"2022-01-14T11:36:25","modified_gmt":"2022-01-14T14:36:25","slug":"59193","status":"publish","type":"post","link":"https:\/\/goias.gov.br\/procon\/59193\/","title":{"rendered":"Procon Goi\u00e1s realiza opera\u00e7\u00e3o em aeroporto de Goi\u00e2nia para atender consumidores prejudicados por voos cancelados"},"content":{"rendered":"<p><strong><a href=\"\/procon\/wp-content\/uploads\/sites\/19\/2022\/01\/WhatsApp-Image-2022-01-14-at-09.31.10-2.jpeg\"><img decoding=\"async\" class=\"alignleft size-medium wp-image-59194\" src=\"\/procon\/wp-content\/uploads\/sites\/19\/2022\/01\/WhatsApp-Image-2022-01-14-at-09.31.10-2-220x101.jpeg\" alt=\"\" width=\"220\" height=\"101\" srcset=\"https:\/\/goias.gov.br\/procon\/wp-content\/uploads\/sites\/19\/2022\/01\/WhatsApp-Image-2022-01-14-at-09.31.10-2-220x101.jpeg 220w, https:\/\/goias.gov.br\/procon\/wp-content\/uploads\/sites\/19\/2022\/01\/WhatsApp-Image-2022-01-14-at-09.31.10-2-450x207.jpeg 450w, https:\/\/goias.gov.br\/procon\/wp-content\/uploads\/sites\/19\/2022\/01\/WhatsApp-Image-2022-01-14-at-09.31.10-2-768x354.jpeg 768w, https:\/\/goias.gov.br\/procon\/wp-content\/uploads\/sites\/19\/2022\/01\/WhatsApp-Image-2022-01-14-at-09.31.10-2-400x184.jpeg 400w, https:\/\/goias.gov.br\/procon\/wp-content\/uploads\/sites\/19\/2022\/01\/WhatsApp-Image-2022-01-14-at-09.31.10-2.jpeg 820w\" sizes=\"(max-width: 220px) 100vw, 220px\" \/><\/a>Goi\u00e2nia, 14 de janeiro de 2022<\/strong> &#8211; Os fiscais do Procon Goi\u00e1s realizam, nos dias 13 e 14 de janeiro, a partir das 9h30, uma opera\u00e7\u00e3o no Aeroporto de Goi\u00e2nia para dar suporte aos consumidores que, porventura, possam ser prejudicados pelo cancelamento de voos. Nesta semana, mais de 15 voos com partida do Aeroporto de Goi\u00e2nia foram cancelados pelas companhias a\u00e9reas em fun\u00e7\u00e3o da contamina\u00e7\u00e3o de casos de Covid entre seus funcion\u00e1rios.<\/p>\n<p>Uma equipe de fiscais do Procon Goi\u00e1s estar\u00e1 no local para esclarecer as d\u00favidas dos consumidores sobre seus direitos e as provid\u00eancias a serem tomadas como reacomoda\u00e7\u00e3o dos passageiros em outros voos sem qualquer \u00f4nus ou o reembolso dos valores pagos.<\/p>\n<p>O superintendente Alex Vaz afirma que os cancelamentos trazem muitos transtornos aos consumidores e que o problema ser\u00e1 tratado com aten\u00e7\u00e3o pelo \u00f3rg\u00e3o. \u201cEstamos acompanhando os cancelamentos de voos e aqueles que se sentirem lesados podem procurar o \u00f3rg\u00e3o no aeroporto ou por meio de nossos canais de atendimento\u201d, afirma.<\/p>\n<p>O Procon Goi\u00e1s conta com o apoio da Infraero para fazer o atendimento dos consumidores no local e ter\u00e1 uma sala disponibilizada pela empresa\u00a0 dentro do terminal de passageiros nos pr\u00f3ximos dias.<\/p>\n","protected":false},"excerpt":{"rendered":"<p>Goi\u00e2nia, 14 de janeiro de 2022 &#8211; Os fiscais do Procon Goi\u00e1s realizam, nos dias 13 e 14 de janeiro, a partir das 9h30, uma opera\u00e7\u00e3o no Aeroporto de Goi\u00e2nia para dar suporte aos consumidores que, porventura, possam ser prejudicados pelo cancelamento de voos. Nesta semana, mais de 15 voos com partida do Aeroporto de [&hellip;]<\/p>\n","protected":false},"author":34,"featured_media":59196,"comment_status":"closed","ping_status":"closed","sticky":false,"template":"","format":"standard","meta":{"footnotes":""},"categories":[10,7526],"tags":[1867,38,15603,370,1300],"class_list":["post-59193","post","type-post","status-publish","format-standard","has-post-thumbnail","hentry","category-noticias","category-noticias-procon","tag-cancelamento-de-voos","tag-fiscalizacao","tag-harmonizacao-da-relacao-de-consumo","tag-infraero","tag-viagens"],"rttpg_featured_image_url":{"full":["https:\/\/goias.gov.br\/procon\/wp-content\/uploads\/sites\/19\/2022\/01\/WhatsApp-Image-2022-01-14-at-09.31.09.jpeg",820,378,false],"landscape":["https:\/\/goias.gov.br\/procon\/wp-content\/uploads\/sites\/19\/2022\/01\/WhatsApp-Image-2022-01-14-at-09.31.09.jpeg",820,378,false],"portraits":["https:\/\/goias.gov.br\/procon\/wp-content\/uploads\/sites\/19\/2022\/01\/WhatsApp-Image-2022-01-14-at-09.31.09.jpeg",820,378,false],"thumbnail":["https:\/\/goias.gov.br\/procon\/wp-content\/uploads\/sites\/19\/2022\/01\/WhatsApp-Image-2022-01-14-at-09.31.09-140x120.jpeg",140,120,true],"medium":["https:\/\/goias.gov.br\/procon\/wp-content\/uploads\/sites\/19\/2022\/01\/WhatsApp-Image-2022-01-14-at-09.31.09-220x101.jpeg",220,101,true],"large":["https:\/\/goias.gov.br\/procon\/wp-content\/uploads\/sites\/19\/2022\/01\/WhatsApp-Image-2022-01-14-at-09.31.09-450x207.jpeg",450,207,true],"1536x1536":["https:\/\/goias.gov.br\/procon\/wp-content\/uploads\/sites\/19\/2022\/01\/WhatsApp-Image-2022-01-14-at-09.31.09.jpeg",820,378,false],"2048x2048":["https:\/\/goias.gov.br\/procon\/wp-content\/uploads\/sites\/19\/2022\/01\/WhatsApp-Image-2022-01-14-at-09.31.09.jpeg",820,378,false]},"rttpg_author":{"display_name":"celsoassis","author_link":"https:\/\/goias.gov.br\/procon\/author\/celsoassis\/"},"rttpg_comment":0,"rttpg_category":"<a href=\"https:\/\/goias.gov.br\/procon\/categoria\/noticias\/\" rel=\"category tag\">Not\u00edcias<\/a> <a href=\"https:\/\/goias.gov.br\/procon\/categoria\/noticias-procon\/\" rel=\"category tag\">Not\u00edcias Procon Goi\u00e1s<\/a>","rttpg_excerpt":"Goi\u00e2nia, 14 de janeiro de 2022 &#8211; Os fiscais do Procon Goi\u00e1s realizam, nos dias 13 e 14 de janeiro, a partir das 9h30, uma opera\u00e7\u00e3o no Aeroporto de Goi\u00e2nia para dar suporte aos consumidores que, porventura, possam ser prejudicados pelo cancelamento de voos. Nesta semana, mais de 15 voos com partida do Aeroporto de&hellip;","_links":{"self":[{"href":"https:\/\/goias.gov.br\/procon\/wp-json\/wp\/v2\/posts\/59193","targetHints":{"allow":["GET"]}}],"collection":[{"href":"https:\/\/goias.gov.br\/procon\/wp-json\/wp\/v2\/posts"}],"about":[{"href":"https:\/\/goias.gov.br\/procon\/wp-json\/wp\/v2\/types\/post"}],"author":[{"embeddable":true,"href":"https:\/\/goias.gov.br\/procon\/wp-json\/wp\/v2\/users\/34"}],"replies":[{"embeddable":true,"href":"https:\/\/goias.gov.br\/procon\/wp-json\/wp\/v2\/comments?post=59193"}],"version-history":[{"count":0,"href":"https:\/\/goias.gov.br\/procon\/wp-json\/wp\/v2\/posts\/59193\/revisions"}],"wp:featuredmedia":[{"embeddable":true,"href":"https:\/\/goias.gov.br\/procon\/wp-json\/wp\/v2\/media\/59196"}],"wp:attachment":[{"href":"https:\/\/goias.gov.br\/procon\/wp-json\/wp\/v2\/media?parent=59193"}],"wp:term":[{"taxonomy":"category","embeddable":true,"href":"https:\/\/goias.gov.br\/procon\/wp-json\/wp\/v2\/categories?post=59193"},{"taxonomy":"post_tag","embeddable":true,"href":"https:\/\/goias.gov.br\/procon\/wp-json\/wp\/v2\/tags?post=59193"}],"curies":[{"name":"wp","href":"https:\/\/api.w.org\/{rel}","templated":true}]}}